{"id":26555,"date":"2026-04-03T07:00:09","date_gmt":"2026-04-03T05:00:09","guid":{"rendered":"https:\/\/www.generationsanstabac.org\/?post_type=actualites&#038;p=26555"},"modified":"2026-04-02T13:24:13","modified_gmt":"2026-04-02T11:24:13","slug":"france-les-sachets-de-nicotine-sont-interdits","status":"publish","type":"actualites","link":"https:\/\/www.generationsanstabac.org\/en\/actualites\/france-les-sachets-de-nicotine-sont-interdits\/","title":{"rendered":"France: Nicotine sachets are banned"},"content":{"rendered":"<p style=\"text-align: justify\"><em>Le 5 septembre 2025, le gouvernement avait publi\u00e9 un d\u00e9cret sur les sachets de nicotine pr\u00e9voyant une interdiction allant bien au-del\u00e0 de la seule commercialisation, incluant ainsi la fabrication, la production et l\u2019exportation avec une entr\u00e9e en vigueur pr\u00e9vue le 1<sup>er<\/sup> avril 2026. Le d\u00e9cret avait \u00e9t\u00e9 notifi\u00e9 \u00e0 l\u2019Union europ\u00e9enne. Dans un recours, le Conseil d\u2019\u00c9tat avait \u00e9galement formellement rappel\u00e9 que l\u2019offre, la cession, l\u2019acquisition et l\u2019emploi de ces sachets \u00e9taient d\u00e9j\u00e0 interdits. Il importe aujourd\u2019hui pour les organisations de sant\u00e9 que la mesure soit dor\u00e9navant pleinement respect\u00e9e et que toutes les publicit\u00e9s associ\u00e9es \u00e0 la vente de ces produits cessent \u00e9galement<a href=\"#_ftn1\" name=\"_ftnref1\"><strong>[1]<\/strong><\/a>.<\/em><\/p>\n<h2 style=\"text-align: justify\">Des produits nocifs et addictifs, ciblant les jeunes, interdits sur le territoire national<\/h2>\n<p style=\"text-align: justify\">Ces sachets blancs ou \u00ab\u00a0pouches\u00a0\u00bb, qui ne contiennent pas de tabac, sont constitu\u00e9s d\u2019un tissu perm\u00e9able, de fibres de polym\u00e8res impr\u00e9gn\u00e9es d\u2019ar\u00f4mes et de 3 \u00e0 20\u00a0mg de nicotine, et se glissent entre la l\u00e8vre sup\u00e9rieure et la gencive pour diffuser de la nicotine \u00e0 travers la muqueuse buccale.<\/p>\n<p style=\"text-align: justify\">Ces nouveaux produits visent principalement les jeunes malgr\u00e9 les discours de l\u2019industrie qui les pr\u00e9sentent comme des aides au sevrage tabagique.<\/p>\n<p style=\"text-align: justify\">Les autorit\u00e9s estiment\u00a0<em>\u00ab\u00a0que la publicit\u00e9 pour les sachets de nicotine est importante sur les r\u00e9seaux sociaux, ciblant ainsi les jeunes consommateurs\u00a0\u00bb\u00a0<\/em>et\u00a0<em>\u00ab\u00a0que la consommation r\u00e9guli\u00e8re de la nicotine contenue dans ces produits expose au d\u00e9veloppement d\u2019une d\u00e9pendance \u00e0 moyen et long terme\u00a0\u00bb,<\/em>\u00a0pr\u00e9cise un site gouvernemental. En effet, la nicotine ing\u00e9r\u00e9e est extr\u00eamement addictive, \u00e9quivalente \u00e0 au moins un paquet de cigarettes.<\/p>\n<p style=\"text-align: justify\">De plus, des analyses de laboratoire ont mis en \u00e9vidence la pr\u00e9sence de m\u00e9taux lourds dans certains \u00e9chantillons, mais aussi des doses \u00e9lev\u00e9es de nicotine et la pr\u00e9sence massive de sucralose, r\u00e9futant la pr\u00e9tendue innocuit\u00e9 de ces produits. Une \u00e9tude men\u00e9e par l\u2019Institut national de la consommation (INC)-60 millions de consommateurs avec le CNCT a ainsi r\u00e9v\u00e9l\u00e9 que certains sachets contiennent des taux d\u2019arsenic jusqu\u2019\u00e0 6,5 fois sup\u00e9rieurs \u00e0 ceux d\u2019une cigarette traditionnelle. Du plomb, de l\u2019antimoine et du formald\u00e9hyde, ainsi que des substances canc\u00e9rog\u00e8nes ou toxiques, ont \u00e9galement \u00e9t\u00e9 d\u00e9tect\u00e9s dans plusieurs marques.<\/p>\n<p style=\"text-align: justify\">Depuis leur mise illicite sur le march\u00e9, divers acteurs de sant\u00e9 avaient alert\u00e9 les pouvoirs publics. L\u2019ANSES (Agence nationale de s\u00e9curit\u00e9 sanitaire) avait en 2023 fait \u00e9tat d\u2019accidents en lien avec ces produits, et les organisations de la soci\u00e9t\u00e9 civile comme le Comit\u00e9 national contre le tabagisme (CNCT) ou l\u2019alliance Contre-Feu, r\u00e9unissant les associations de lutte contre le tabagisme, pointaient r\u00e9guli\u00e8rement les pratiques promotionnelles en faveur de ces produits<a href=\"#_ftn2\" name=\"_ftnref2\">[2]<\/a>. D\u00e8s 2023, le CNCT avait d\u00e9pos\u00e9 une plainte aupr\u00e8s du Procureur de la R\u00e9publique pour trafic de substances v\u00e9n\u00e9neuses class\u00e9es en liste I, et appel\u00e9 les pouvoirs publics \u00e0 garantir l\u2019interdiction de vente de ces produits.<\/p>\n<h2 style=\"text-align: justify\">Une interdiction \u00e0 faire appliquer strictement et un lobbyisme \u00e0 combattre<\/h2>\n<p style=\"text-align: justify\">La position du gouvernement pour une interdiction compl\u00e8te et forte notifi\u00e9e au niveau europ\u00e9en, salu\u00e9e par les acteurs de sant\u00e9, avait \u00e9t\u00e9 vivement combattue par les industriels du tabac et de la nicotine. Ces derniers ont tent\u00e9 de bloquer le processus par l\u2019interm\u00e9diaire d\u2019objections \u00e9mises par d\u2019autres \u00c9tats membres. Encore aujourd\u2019hui, la Conf\u00e9d\u00e9ration des buralistes a fait savoir qu\u2019elle d\u00e9posait un recours<a href=\"#_ftn3\" name=\"_ftnref3\">[3]<\/a>. En d\u00e9pit d\u2019un lobby majeur d\u00e9ploy\u00e9 par les fabricants de tabac et leurs repr\u00e9sentants, la France a su maintenir sa position ferme, arguant de la n\u00e9cessit\u00e9 de prot\u00e9ger la sant\u00e9 publique, notamment la sant\u00e9 des mineurs.<\/p>\n<p style=\"text-align: justify\">Il reste aujourd\u2019hui que la disposition doit \u00eatre pleinement appliqu\u00e9e dans toutes ses dimensions\u00a0et que les pratiques promotionnelles disparaissent \u00e9galement.<\/p>\n<p style=\"text-align: justify\">Dans le cadre de sa mission de surveillance des strat\u00e9gies marketing de l\u2019industrie du tabac, le CNCT a effectu\u00e9 des observatoires sur les lieux de vente : <a href=\"https:\/\/www.generationsanstabac.org\/fr\/actualites\/produits-du-tabac-et-du-vapotage-le-cnct-demande-la-generalisation-du-paquet-neutre-et-de-linterdiction-de-vente-en-ligne\/\">en 2025, l\u2019enqu\u00eate nationale men\u00e9e par l\u2019institut Audirep, aupr\u00e8s d\u2019un \u00e9chantillon repr\u00e9sentatif de 600 \u00e9tablissements en France m\u00e9tropolitaine<\/a> (400 bureaux de tabac et 200 enseignes sp\u00e9cialis\u00e9es), a permis d\u2019observer la promotion de sachets de nicotine dans 22 % des \u00e9tablissements, alors m\u00eame que ces produits ne sont pas autoris\u00e9s \u00e0 la commercialisation en France. En parall\u00e8le, l&rsquo;analyse des strat\u00e9gies marketing pour les produits du tabac et de la nicotine\u00a0men\u00e9e par le CNCT en 2024 a r\u00e9v\u00e9l\u00e9 une augmentation significative de la promotion des sachets de nicotine sur les r\u00e9seaux sociaux. Ces produits repr\u00e9sentent 41 % des annonces publicitaires recens\u00e9es sur les canaux \u00e9tudi\u00e9s, contre 25 % en 2023<a href=\"#_ftn4\" name=\"_ftnref4\">[4]<\/a>.<\/p>\n<p style=\"text-align: justify\">Cette effectivit\u00e9 d\u00e9pendra avant tout de la fermet\u00e9 des contr\u00f4les et de la s\u00e9v\u00e9rit\u00e9 des sanctions. Il appara\u00eet crucial selon le Comit\u00e9 que des inspections r\u00e9guli\u00e8res soient men\u00e9es, tant dans les points de vente physiques que sur Internet, et que des sanctions r\u00e9ellement dissuasives soient pr\u00e9vues \u00e0 l\u2019encontre des contrevenants.<\/p>\n<p style=\"text-align: justify\">La France n\u2019est pas seule \u00e0 vouloir contrer le d\u00e9veloppement de nouveaux produits \u00e0 la nicotine qui constituent autant de portes d\u2019entr\u00e9e dans l\u2019addiction. <a href=\"https:\/\/www.generationsanstabac.org\/fr\/actualites\/hausses-de-taxes-espaces-sans-tabac-interdiction-des-puffs-la-belgique-presente-son-plan-antitabac\/\">La Belgique<\/a> et <a href=\"https:\/\/www.generationsanstabac.org\/fr\/actualites\/les-pays-bas-interdisent-les-sachets-de-nicotine\/\">les Pays-Bas<\/a> ont \u00e9galement opt\u00e9 pour une interdiction.<\/p>\n<p style=\"text-align: justify\"><strong style=\"text-align: justify\"><a href=\"https:\/\/www.generationsanstabac.org\/\">\u00a9G\u00e9n\u00e9ration Sans Tabac<\/a><\/strong><\/p>\n<p style=\"text-align: right\"><em><strong>AD<\/strong><\/em><\/p>\n<hr \/>\n<p style=\"text-align: justify\"><a href=\"#_ftnref1\" name=\"_ftn1\">[1]<\/a><a href=\"https:\/\/www.franceinfo.fr\/sante\/drogue-addictions\/lutte-contre-le-tabagisme\/interdiction-des-sachets-de-nicotine-l-industrie-du-tabac-ne-pourra-plus-inonder-le-marche-de-nouveaux-produits-salue-le-collectif-contre-feu_7908479.html\">Interdiction des sachets de nicotine\u00a0: \u00ab\u00a0L&rsquo;industrie du tabac ne pourra plus inonder le march\u00e9 de nouveaux produits\u00a0\u00bb, salue le collectif Contre-Feu<\/a>, franceinfo, publi\u00e9 le 1 avril 2026, consult\u00e9 le m\u00eame jour<\/p>\n<p style=\"text-align: justify\"><a href=\"#_ftnref2\" name=\"_ftn2\">[2]<\/a><a href=\"https:\/\/cnct.fr\/communiques\/le-cnct-salue-linterdiction-des-sachets-de-nicotine-une-etape-cruciale-pour-proteger-les-jeunes\/\">Le CNCT salue l\u2019interdiction des sachets de nicotine, une \u00e9tape cruciale pour prot\u00e9ger les jeunes<\/a>, CNCT, publi\u00e9 le 7 septembre 2025, consult\u00e9 le 1 avril 2026<\/p>\n<p style=\"text-align: justify\"><a href=\"#_ftnref3\" name=\"_ftn3\">[3]<\/a><a href=\"https:\/\/www.lemondedutabac.com\/sachets-de-nicotine-la-confederation-a-depose-un-recours-contre-leur-interdiction\/\">Sachets de nicotine\u00a0: la Conf\u00e9d\u00e9ration a d\u00e9pos\u00e9 un recours contre leur interdiction<\/a>, Le Monde du Tabac, publi\u00e9 le 1 avril 2026, consult\u00e9 le m\u00eame jour<\/p>\n<p style=\"text-align: justify\"><a href=\"#_ftnref4\" name=\"_ftn4\">[4]<\/a><a href=\"https:\/\/www.generationsanstabac.org\/fr\/decryptages\/sachets-de-nicotine-loffensive-marketing-illegale-de-british-american-tobacco-en-france\/\">Sachets de nicotine : l\u2019offensive marketing ill\u00e9gale de British American Tobacco en France<\/a>, G\u00e9n\u00e9ration sans tabac, publi\u00e9 le 18 mars 2025, consult\u00e9 le 2 avril 2026<\/p>\n<p style=\"text-align: justify\"><strong style=\"color: #999999\"><a style=\"color: #999999\" href=\"http:\/\/www.cnct.fr\/\" target=\"_blank\" rel=\"noopener noreferrer\">Comit\u00e9 national contre le tabagisme |<\/a><\/strong><\/p>\n","protected":false},"excerpt":{"rendered":"<p>On September 5, 2025, the government published a decree on nicotine sachets, imposing a ban that went far beyond mere marketing, encompassing manufacturing, production, and export, with an effective date of April 1, 2026. The decree had been notified to the European Union. In an appeal, the Council of State also formally reiterated that the offering, transfer, acquisition, and use of these sachets were already prohibited. It is now crucial for health organizations that this measure be fully respected and that all advertising associated with the sale of these products cease.<\/p>","protected":false},"featured_media":26558,"template":"","tags":[],"thematique":[516,491],"class_list":["post-26555","actualites","type-actualites","status-publish","has-post-thumbnail","hentry","thematique-nouveaux-produits","thematique-politiques-publiques"],"acf":[],"_links":{"self":[{"href":"https:\/\/www.generationsanstabac.org\/en\/wp-json\/wp\/v2\/actualites\/26555","targetHints":{"allow":["GET"]}}],"collection":[{"href":"https:\/\/www.generationsanstabac.org\/en\/wp-json\/wp\/v2\/actualites"}],"about":[{"href":"https:\/\/www.generationsanstabac.org\/en\/wp-json\/wp\/v2\/types\/actualites"}],"version-history":[{"count":1,"href":"https:\/\/www.generationsanstabac.org\/en\/wp-json\/wp\/v2\/actualites\/26555\/revisions"}],"predecessor-version":[{"id":26559,"href":"https:\/\/www.generationsanstabac.org\/en\/wp-json\/wp\/v2\/actualites\/26555\/revisions\/26559"}],"wp:featuredmedia":[{"embeddable":true,"href":"https:\/\/www.generationsanstabac.org\/en\/wp-json\/wp\/v2\/media\/26558"}],"wp:attachment":[{"href":"https:\/\/www.generationsanstabac.org\/en\/wp-json\/wp\/v2\/media?parent=26555"}],"wp:term":[{"taxonomy":"post_tag","embeddable":true,"href":"https:\/\/www.generationsanstabac.org\/en\/wp-json\/wp\/v2\/tags?post=26555"},{"taxonomy":"thematique","embeddable":true,"href":"https:\/\/www.generationsanstabac.org\/en\/wp-json\/wp\/v2\/thematique?post=26555"}],"curies":[{"name":"wp","href":"https:\/\/api.w.org\/{rel}","templated":true}]}}