{"id":26535,"date":"2026-03-31T07:00:57","date_gmt":"2026-03-31T05:00:57","guid":{"rendered":"https:\/\/www.generationsanstabac.org\/?post_type=actualites&#038;p=26535"},"modified":"2026-03-31T11:06:29","modified_gmt":"2026-03-31T09:06:29","slug":"la-belgique-demande-a-lue-de-limiter-les-ingredients-des-produits-de-vapotage-et-dinterdire-les-puffs","status":"publish","type":"actualites","link":"https:\/\/www.generationsanstabac.org\/en\/actualites\/la-belgique-demande-a-lue-de-limiter-les-ingredients-des-produits-de-vapotage-et-dinterdire-les-puffs\/","title":{"rendered":"Belgium is asking the EU to limit the ingredients in vaping products and to ban puffs."},"content":{"rendered":"<p style=\"text-align: justify\"><em>Le ministre belge de la Sant\u00e9, Frank Vandenbroucke, profite d\u2019une s\u00e9quence cl\u00e9 de r\u00e9vision des r\u00e8gles europ\u00e9ennes sur le tabac et les nouveaux produits \u00e0 la nicotine pour appeler l\u2019Union europ\u00e9enne \u00e0 durcir son encadrement des cigarettes \u00e9lectroniques, en particulier celles ciblant les jeunes. Alors que la Commission pr\u00e9pare une adaptation des textes concernant la r\u00e9glementation des produits du tabac et du vapotage et que les Vingt-Sept n\u00e9gocient une r\u00e9vision de la fiscalit\u00e9 du tabac et des nouveaux produits nicotiniques, la Belgique plaide pour une approche plus stricte, int\u00e9grant notamment l\u2019interdiction g\u00e9n\u00e9ralis\u00e9e des puffs, la limitation des ar\u00f4mes et une harmonisation des substances autoris\u00e9es \u00e0 l\u2019\u00e9chelle de l\u2019UE.<\/em><\/p>\n<h2 style=\"text-align: justify\">Appel \u00e0 une r\u00e9glementation europ\u00e9enne plus stricte des produits<\/h2>\n<p style=\"text-align: justify\">Le ministre belge de la Sant\u00e9, Frank Vandenbroucke, a appel\u00e9 l\u2019Union europ\u00e9enne \u00e0 renforcer ses mesures contre le vapotage, qu\u2019il qualifie d\u2019\u00ab \u00e9pid\u00e9mie \u00bb<a href=\"#_ftn1\" name=\"_ftnref1\">[1]<\/a>. Lors d\u2019une visite le mercredi 25 mars de l\u2019institut Sciensano \u00e0 Bruxelles par le commissaire europ\u00e9en \u00e0 la Protection des consommateurs, Michael McGrath, il a accus\u00e9 l\u2019industrie des cigarettes \u00e9lectroniques de cibler les jeunes alors que ces produits devraient \u00eatre limit\u00e9s \u00e0 une aide au sevrage tabagique.<\/p>\n<p style=\"text-align: justify\">Ces produits contiennent plus de 2000 ingr\u00e9dients officiellement enregistr\u00e9s, mais aussi des m\u00e9taux lourds (nickel, \u00e9tain, plomb) qui se lib\u00e8rent et de nouvelles combinaisons de substances toxiques sont \u00e9mises en lien avec le processus de chauffage. Il s\u2019ensuit des risques pour la sant\u00e9<a href=\"#_ftn2\" name=\"_ftnref2\">[2]<\/a>. La nicotine est quant \u00e0 elle extr\u00eamement addictive en plus d\u2019affecter le d\u00e9veloppement c\u00e9r\u00e9bral des jeunes et contribuer \u00e0 des difficult\u00e9s d&rsquo;attention, de m\u00e9moire et de contr\u00f4le de soi, augmentant ainsi le risque d&rsquo;anxi\u00e9t\u00e9 et de d\u00e9pression.<\/p>\n<p style=\"text-align: justify\">M. Vandenbroucke demande une r\u00e9glementation europ\u00e9enne uniforme fixant les substances autoris\u00e9es dans les e-cigarettes et interdisant les mod\u00e8les jetables ou \u00ab puffs \u00bb \u00e0 l\u2019\u00e9chelle de l\u2019UE, mesure d\u00e9j\u00e0 en vigueur en Belgique et en France.<\/p>\n<p style=\"text-align: justify\">Il plaide aussi pour limiter les ar\u00f4mes \u00e0 ceux du tabac, \u00e0 l\u2019image des Pays-Bas, afin de restreindre l\u2019attrait pour les jeunes pour les ar\u00f4mes color\u00e9s, sucr\u00e9s ou fruit\u00e9s qui incitent \u00e0 l\u2019initiation et contribuent \u00e0 l\u2019installation de la d\u00e9pendance.<\/p>\n<p style=\"text-align: justify\">Michael McGrath a reconnu l\u2019ampleur du probl\u00e8me et appel\u00e9 \u00e0 une coop\u00e9ration renforc\u00e9e entre \u00c9tats membres. Apr\u00e8s avoir examin\u00e9 des tests en laboratoire \u00e0 Sciensano, il a plaid\u00e9 pour un meilleur usage des recherches existantes et une coordination accrue des autorit\u00e9s nationales.<\/p>\n<p style=\"text-align: justify\">La Commission europ\u00e9enne devrait publier sa proposition de nouveau texte d\u2019ici la fin de l\u2019ann\u00e9e.<\/p>\n<h2 style=\"text-align: justify\">Une demande en pleine r\u00e9vision europ\u00e9enne sur la fiscalit\u00e9 des produits du tabac et du vapotage<\/h2>\n<p style=\"text-align: justify\">Cette initiative belge survient alors que sont engag\u00e9es les n\u00e9gociations concernant la r\u00e9vision de la directive sur les accises du tabac, incluant les nouveaux produits (cigarettes \u00e9lectroniques, tabac chauff\u00e9, sachets de nicotine).<\/p>\n<p style=\"text-align: justify\">La Commission europ\u00e9enne a propos\u00e9 d\u2019augmenter les taux minimaux d\u2019accises, ajust\u00e9s au niveau de prix de chaque pays, pour r\u00e9duire les disparit\u00e9s entre \u00c9tats. Le texte \u00e9tend la directive aux nouveaux produits nicotiniques, avec des taxes minimales sp\u00e9cifiques, afin de r\u00e9pondre \u00e0 leur essor sur le march\u00e9. Ces mesures visent aussi \u00e0 lutter contre le march\u00e9 noir en renfor\u00e7ant les contr\u00f4les sur le tabac brut via le syst\u00e8me EMCS (syst\u00e8me informatis\u00e9 de contr\u00f4le des mouvements de produits soumis \u00e0\u00a0accises). Ainsi le projet de la commission vise-t-il \u00e0 r\u00e9duire les \u00e9carts entre les \u00c9tats membres et \u00e0 mieux contr\u00f4ler les nouveaux produits, tout en leur laissant la latitude d&rsquo;adapter leur r\u00e9glementation fiscale, qui rel\u00e8ve de leurs comp\u00e9tences, \u00e0 l&rsquo;\u00e9volution du march\u00e9.<\/p>\n<p style=\"text-align: justify\">Ce mardi, les d\u00e9l\u00e9gations des 27 \u00c9tats membres ont examin\u00e9 un nouveau document pr\u00e9sent\u00e9 par la pr\u00e9sidence chypriote comme une base constructive alors que des divergences majeures persistent. Chypre a dit viser un accord avant la fin de son mandat, <a href=\"https:\/\/www.generationsanstabac.org\/fr\/actualites\/union-europeenne-la-proposition-de-revision-des-taxes-sur-le-tabac-revue-a-la-baisse\/\">provoquant des inqui\u00e9tudes chez les experts et ONG de sant\u00e9 publique qui rappellent la proximit\u00e9 de ce pays avec le secteur tabac<\/a><a href=\"#_ftn3\" name=\"_ftnref3\">[3]<\/a>. \u00c0 cet \u00e9gard, les autres \u00c9tats membres \u00e9galement critiqu\u00e9s pour leur proximit\u00e9 avec les int\u00e9r\u00eats des industriels du tabac\u00a0(Gr\u00e8ce, Italie, Pologne, Bulgarie, Roumanie\u2026) ont accueilli favorablement cette derni\u00e8re proposition qui pr\u00e9voit, entre autres, une p\u00e9riode transitoire avec des taxes minimales abaiss\u00e9es pour les nouveaux produits.<\/p>\n<p style=\"text-align: justify\">La Belgique en revanche, et d\u2019autres \u00c9tats membres comme la France, consid\u00e8rent pour leur part que la pr\u00e9valence du tabagisme en Europe ne diminue pas assez rapidement pour atteindre les objectifs du\u00a0Plan europ\u00e9en contre le cancer, qui vise moins de 5 % de la population fumeuse de tabac d\u2019ici 2040. Actuellement, ce pourcentage s\u2019\u00e9l\u00e8ve \u00e0 environ\u00a024 %.<\/p>\n<p style=\"text-align: justify\">Le groupe de travail s&rsquo;est engag\u00e9 \u00e0 tenir\u00a0deux nouvelles r\u00e9unions dans les prochains mois, afin de poursuivre les n\u00e9gociations et de finaliser un texte d\u00e9finitif d&rsquo;ici l&rsquo;\u00e9t\u00e9. Le texte attendu requiert l\u2019unanimit\u00e9 pour pouvoir \u00eatre adopt\u00e9.<\/p>\n<p style=\"text-align: justify\"><strong style=\"text-align: justify\"><a href=\"https:\/\/www.generationsanstabac.org\/\">\u00a9G\u00e9n\u00e9ration Sans Tabac<\/a><\/strong><\/p>\n<p style=\"text-align: right\"><em><strong>AD<\/strong><\/em><\/p>\n<hr \/>\n<p style=\"text-align: justify\"><a href=\"#_ftnref1\" name=\"_ftn1\">[1]<\/a><a href=\"https:\/\/www.belganewsagency.eu\/belgium-calls-for-tougher-eu-rules-on-vaping\">Belgium calls for tougher EU rules on vaping<\/a>, Belga News Agency, publi\u00e9 le 25 mars 2026, consult\u00e9 le 27 mars 2026<\/p>\n<p style=\"text-align: justify\"><a href=\"#_ftnref2\" name=\"_ftn2\">[2]<\/a><a href=\"https:\/\/www.7sur7.be\/sante\/vandenbroucke-appelle-lue-a-agir-face-a-une-epidemie-de-vapotage~ac252c8c\/\">Vandenbroucke appelle l\u2019UE \u00e0 agir face \u00e0 une \u201c\u00e9pid\u00e9mie de vapotage\u201d<\/a>, 7sur7, publi\u00e9 le 26 mars 2026, consult\u00e9 le 27 mars 2026<\/p>\n<p style=\"text-align: justify\"><a href=\"#_ftnref3\" name=\"_ftn3\">[3]<\/a>\u00c1lvaro Villarroel, <a href=\"https:\/\/www.democrata.es\/en\/exclusive\/cyprus-submits-to-the-twenty-seven-draft-on-tobacco-tax-directive-that-takes-into-account-the-concerns\/\">Cyprus submits to the Twenty-Seven a draft on tobacco tax directive \u201cthat takes into account the concerns\u201d<\/a>, Dem\u00f3crata, publi\u00e9 le 25 mars 2026, consult\u00e9 le 27 mars 2026<\/p>\n<p style=\"text-align: justify\"><strong style=\"color: #999999\"><a style=\"color: #999999\" href=\"http:\/\/www.cnct.fr\/\" target=\"_blank\" rel=\"noopener noreferrer\">Comit\u00e9 national contre le tabagisme |<\/a><\/strong><\/p>\n","protected":false},"excerpt":{"rendered":"<p>Belgian Health Minister Frank Vandenbroucke is taking advantage of a key period in the review of European rules on tobacco and new nicotine products to call on the European Union to tighten its regulations on e-cigarettes, particularly those targeting young people. While the Commission is preparing an update to the legislation governing tobacco and vaping products, and the 27 member states are negotiating a revision of tobacco and new nicotine product taxation, Belgium is advocating for a stricter approach, including a blanket ban on puffs, limitations on flavorings, and harmonization of permitted substances across the EU.<\/p>","protected":false},"featured_media":26538,"template":"","tags":[],"thematique":[516,491],"class_list":["post-26535","actualites","type-actualites","status-publish","has-post-thumbnail","hentry","thematique-nouveaux-produits","thematique-politiques-publiques"],"acf":[],"_links":{"self":[{"href":"https:\/\/www.generationsanstabac.org\/en\/wp-json\/wp\/v2\/actualites\/26535","targetHints":{"allow":["GET"]}}],"collection":[{"href":"https:\/\/www.generationsanstabac.org\/en\/wp-json\/wp\/v2\/actualites"}],"about":[{"href":"https:\/\/www.generationsanstabac.org\/en\/wp-json\/wp\/v2\/types\/actualites"}],"version-history":[{"count":2,"href":"https:\/\/www.generationsanstabac.org\/en\/wp-json\/wp\/v2\/actualites\/26535\/revisions"}],"predecessor-version":[{"id":26540,"href":"https:\/\/www.generationsanstabac.org\/en\/wp-json\/wp\/v2\/actualites\/26535\/revisions\/26540"}],"wp:featuredmedia":[{"embeddable":true,"href":"https:\/\/www.generationsanstabac.org\/en\/wp-json\/wp\/v2\/media\/26538"}],"wp:attachment":[{"href":"https:\/\/www.generationsanstabac.org\/en\/wp-json\/wp\/v2\/media?parent=26535"}],"wp:term":[{"taxonomy":"post_tag","embeddable":true,"href":"https:\/\/www.generationsanstabac.org\/en\/wp-json\/wp\/v2\/tags?post=26535"},{"taxonomy":"thematique","embeddable":true,"href":"https:\/\/www.generationsanstabac.org\/en\/wp-json\/wp\/v2\/thematique?post=26535"}],"curies":[{"name":"wp","href":"https:\/\/api.w.org\/{rel}","templated":true}]}}