{"id":26529,"date":"2026-03-30T07:00:55","date_gmt":"2026-03-30T05:00:55","guid":{"rendered":"https:\/\/www.generationsanstabac.org\/?post_type=actualites&#038;p=26529"},"modified":"2026-03-27T10:56:28","modified_gmt":"2026-03-27T09:56:28","slug":"une-enquete-revele-une-forte-hausse-du-vapotage-des-jeunes-au-bresil","status":"publish","type":"actualites","link":"https:\/\/www.generationsanstabac.org\/en\/actualites\/une-enquete-revele-une-forte-hausse-du-vapotage-des-jeunes-au-bresil\/","title":{"rendered":"A survey reveals a sharp increase in vaping among young people in Brazil"},"content":{"rendered":"<p style=\"text-align: justify\"><em>La derni\u00e8re \u00e9dition de l\u2019Enqu\u00eate nationale sur la sant\u00e9 scolaire (PeNSE 2024), men\u00e9e par l\u2019Institut br\u00e9silien de g\u00e9ographie et de statistique (IBGE) en partenariat avec le minist\u00e8re de la Sant\u00e9 et avec le soutien du minist\u00e8re de l\u2019\u00c9ducation aupr\u00e8s de plus de 12,3 millions d\u2019\u00e9l\u00e8ves d\u2019\u00e9tablissements publics et priv\u00e9s, montre une progression marqu\u00e9e de l\u2019usage de la cigarette \u00e9lectronique chez les 13-17 ans au Br\u00e9sil<a href=\"#_ftn1\" name=\"_ftnref1\"><strong>[1]<\/strong><\/a>. Selon les donn\u00e9es publi\u00e9es par l\u2019IBGE, la proportion d\u2019adolescents ayant d\u00e9j\u00e0 exp\u00e9riment\u00e9 une e\u2011cigarette est pass\u00e9e de 16,8 % en 2019 \u00e0 29,6 % en 2024, tandis que l\u2019usage au cours des 30 jours pr\u00e9c\u00e9dant l\u2019enqu\u00eate a tripl\u00e9, bondissant de 8,6 % \u00e0 26,3 %.<\/em><\/p>\n<h2 style=\"text-align: justify\">Des \u00e9carts marqu\u00e9s selon le sexe, le type d\u2019\u00e9cole et la r\u00e9gion<\/h2>\n<p style=\"text-align: justify\">L&rsquo;enqu\u00eate PeNSE 2024 a port\u00e9 sur la consommation de tabac, celle de cigarettes \u00e9lectroniques et autres produits \u00e0 la nicotine. Elle a abord\u00e9 l\u2019\u00e2ge de l&rsquo;exp\u00e9rimentation, l&rsquo;utilisation r\u00e9cente ainsi que les modalit\u00e9s d\u2019approvisionnement et l&rsquo;exposition indirecte \u00e0 ces produits.<\/p>\n<p style=\"text-align: justify\">Les r\u00e9sultats indiquent une exp\u00e9rimentation du vapotage plus fr\u00e9quente chez les filles (31,7 %) que chez les gar\u00e7ons (27,4 %). Les \u00e9l\u00e8ves des \u00e9coles publiques d\u00e9clarent \u00e9galement des niveaux plus \u00e9lev\u00e9s (30,4 %) que ceux des \u00e9coles priv\u00e9es (24,9 %). Sur le plan g\u00e9ographique, les taux les plus forts sont observ\u00e9s dans le Centre-Ouest (42 %) et le Sud (38,3 %), alors que le Nord (21,5 %) et le Nord-Est (22,5 %) restent en dessous de la moyenne nationale.<\/p>\n<p style=\"text-align: justify\">Dans le m\u00eame temps, l\u2019exp\u00e9rimentation de la cigarette traditionnelle a diminu\u00e9, passant de 22,6 % en 2019 \u00e0 18,5 % en 2024, et celle du narguil\u00e9 de 26,9 % \u00e0 16,4 %. L\u2019IBGE estime que ces \u00e9volutions peuvent traduire un d\u00e9placement des usages du narguil\u00e9 vers la cigarette \u00e9lectronique, en particulier parmi les \u00e9l\u00e8ves des \u00e9tablissements priv\u00e9s.<\/p>\n<p style=\"text-align: justify\">Nayara Varela, psychologue et responsable p\u00e9dagogique du Col\u00e9gio Cat\u00f3lica Bras\u00edlia, observe que la popularit\u00e9 du produit, la pression sociale et la facilit\u00e9 d&rsquo;acc\u00e8s contribuent aussi \u00e0 cette hausse du vapotage<a href=\"#_ftn2\" name=\"_ftnref2\">[2]<\/a>.<\/p>\n<h2 style=\"text-align: justify\">Un produit toujours promu par les industriels malgr\u00e9 l\u2019interdiction de vente<\/h2>\n<p style=\"text-align: justify\">Pourtant, le Br\u00e9sil interdit depuis 2009 la fabrication, la vente, l\u2019importation et la publicit\u00e9 des cigarettes \u00e9lectroniques, <a href=\"https:\/\/www.generationsanstabac.org\/fr\/actualites\/bresil-maintient-interdiction-vente-tabac-chauffe-produits-vapotage\/\">interdiction confirm\u00e9e par l\u2019Agence br\u00e9silienne de r\u00e9glementation sanitaire (Anvisa) en 2024<\/a>. Cette l\u00e9gislation a \u00e9t\u00e9 renforc\u00e9e par la r\u00e9solution RDC n\u00b0855 de 2024, qui interdit \u00e9galement l&rsquo;utilisation de ces dispositifs dans les espaces clos et publics, tels que les \u00e9coles, les cin\u00e9mas et les transports en commun.<\/p>\n<p style=\"text-align: justify\">Cependant, en d\u00e9pit de ces dispositions, les fabricants de tabac et de produits \u00e0 la nicotine continuent \u00e0 <a href=\"https:\/\/www.generationsanstabac.org\/fr\/actualites\/instagram-permet-de-contourner-linterdiction-des-cigarettes-electroniques-au-bresil\/\">investir massivement dans la publicit\u00e9, notamment en ligne<\/a>, ciblant les adolescents et les enfants pour promouvoir leurs cigarettes \u00e9lectroniques. Ainsi, les cigarettes \u00e9lectroniques continuent de se d\u00e9velopper, aliment\u00e9es par une publicit\u00e9 les pr\u00e9sentant comme peu toxiques. Leurs parfums et leurs saveurs sont tout particuli\u00e8rement promus et attrayants pour les jeunes et les enfants.<\/p>\n<p style=\"text-align: justify\">L\u2019OMS rappelle que les adolescents sont beaucoup plus susceptibles que les adultes d\u2019utiliser ces dispositifs, qui contiennent de la nicotine, une drogue tr\u00e8s addictive, mais aussi potentiellement des substances toxiques et m\u00e9taux lourds (nickel, \u00e9tain, plomb). Les \u00e9tudes scientifiques soulignent que la nicotine peut affecter le d\u00e9veloppement c\u00e9r\u00e9bral d\u2019un jeune et contribuer \u00e0 des difficult\u00e9s d&rsquo;attention, de m\u00e9moire et de ma\u00eetrise de soi \u00e0 ce stade de la vie, augmentant ainsi le risque d&rsquo;anxi\u00e9t\u00e9 et de d\u00e9pression<a href=\"#_ftn3\" name=\"_ftnref3\">[3]<\/a>.<\/p>\n<p style=\"text-align: justify\">De plus, s\u2019agissant des produits du vapotage, le risque de maladies pulmonaires est d\u2019ores et d\u00e9j\u00e0 \u00e9tabli et les risques cardiovasculaires probables. Les experts mettent \u00e9galement en garde contre le risque d&rsquo;incitation \u00e0 consommer d&rsquo;autres produits du tabac et contre les cons\u00e9quences environnementales d&rsquo;une \u00e9limination inappropri\u00e9e des dispositifs et des recharges.<\/p>\n<p style=\"text-align: justify\">Ils en appellent ainsi \u00e0 une r\u00e9ponse globale et coordonn\u00e9e, conjuguant une sensibilisation forte \u00e0 l\u2019\u00e9gard de ces produits et l\u2019application renforc\u00e9e des dispositions en vigueur, notamment en ce qui concerne le commerce informel et l&rsquo;environnement num\u00e9rique.<\/p>\n<p style=\"text-align: justify\"><strong style=\"text-align: justify\"><a href=\"https:\/\/www.generationsanstabac.org\/\">\u00a9G\u00e9n\u00e9ration Sans Tabac<\/a><\/strong><\/p>\n<p style=\"text-align: right\"><em><strong>AD<\/strong><\/em><\/p>\n<hr \/>\n<p style=\"text-align: justify\"><a href=\"#_ftnref1\" name=\"_ftn1\">[1]<\/a>Bianca Muniz<a href=\"https:\/\/g1.globo.com\/educacao\/noticia\/2026\/03\/25\/ibge-pense-2024-cigarros-eletronicos.ghtml\">, 3 em cada 10 estudantes adolescentes usaram cigarros eletr\u00f4nicos alguma vez na vida, revela IBGE<\/a>, Globo.com, publi\u00e9 le 25 mars 2026, consult\u00e9 le 26 mars 2026<\/p>\n<p style=\"text-align: justify\"><a href=\"#_ftnref2\" name=\"_ftn2\">[2]<\/a>Caetano Yamamoto, <a href=\"https:\/\/www.correiobraziliense.com.br\/brasil\/2026\/03\/7384073-jovem-do-df-lidera-uso-de-cigarro-eletronico.html\">Jovem do DF lidera uso de cigarro eletr\u00f4nico<\/a>, Correio Braziliense, publi\u00e9 le 26 mars 2026, consult\u00e9 le m\u00eame jour<\/p>\n<p style=\"text-align: justify\"><a href=\"#_ftnref3\" name=\"_ftn3\">[3]<\/a>Guilherme Lopes, <a href=\"https:\/\/www.em.com.br\/emfoco\/2026\/03\/26\/uso-de-cigarro-eletronico-entre-adolescentes-cresce-76-no-brasil\/\">Uso de cigarro eletr\u00f4nico entre adolescentes cresce 76% no Brasil<\/a>, E.M. Foco, publi\u00e9 le 26 mars 2026, consult\u00e9 le m\u00eame jour<\/p>\n<p style=\"text-align: justify\"><strong style=\"color: #999999\"><a style=\"color: #999999\" href=\"http:\/\/www.cnct.fr\/\" target=\"_blank\" rel=\"noopener noreferrer\">Comit\u00e9 national contre le tabagisme |<\/a><\/strong><\/p>\n","protected":false},"excerpt":{"rendered":"<p>The latest edition of the National School Health Survey (PeNSE 2024), conducted by the Brazilian Institute of Geography and Statistics (IBGE) in partnership with the Ministry of Health and with the support of the Ministry of Education, among more than 12.3 million students in public and private schools, shows a marked increase in e-cigarette use among 13- to 17-year-olds in Brazil. According to data published by IBGE, the proportion of adolescents who have already tried an e-cigarette rose from 16.8% in 2019 to 29.6% in 2024, while use in the 30 days preceding the survey tripled, jumping from 8.6% to 26.3%.<\/p>","protected":false},"featured_media":26532,"template":"","tags":[],"thematique":[516],"class_list":["post-26529","actualites","type-actualites","status-publish","has-post-thumbnail","hentry","thematique-nouveaux-produits"],"acf":[],"_links":{"self":[{"href":"https:\/\/www.generationsanstabac.org\/en\/wp-json\/wp\/v2\/actualites\/26529","targetHints":{"allow":["GET"]}}],"collection":[{"href":"https:\/\/www.generationsanstabac.org\/en\/wp-json\/wp\/v2\/actualites"}],"about":[{"href":"https:\/\/www.generationsanstabac.org\/en\/wp-json\/wp\/v2\/types\/actualites"}],"version-history":[{"count":1,"href":"https:\/\/www.generationsanstabac.org\/en\/wp-json\/wp\/v2\/actualites\/26529\/revisions"}],"predecessor-version":[{"id":26533,"href":"https:\/\/www.generationsanstabac.org\/en\/wp-json\/wp\/v2\/actualites\/26529\/revisions\/26533"}],"wp:featuredmedia":[{"embeddable":true,"href":"https:\/\/www.generationsanstabac.org\/en\/wp-json\/wp\/v2\/media\/26532"}],"wp:attachment":[{"href":"https:\/\/www.generationsanstabac.org\/en\/wp-json\/wp\/v2\/media?parent=26529"}],"wp:term":[{"taxonomy":"post_tag","embeddable":true,"href":"https:\/\/www.generationsanstabac.org\/en\/wp-json\/wp\/v2\/tags?post=26529"},{"taxonomy":"thematique","embeddable":true,"href":"https:\/\/www.generationsanstabac.org\/en\/wp-json\/wp\/v2\/thematique?post=26529"}],"curies":[{"name":"wp","href":"https:\/\/api.w.org\/{rel}","templated":true}]}}