{"id":26510,"date":"2026-03-28T07:00:42","date_gmt":"2026-03-28T06:00:42","guid":{"rendered":"https:\/\/www.generationsanstabac.org\/?post_type=actualites&#038;p=26510"},"modified":"2026-03-25T12:16:49","modified_gmt":"2026-03-25T11:16:49","slug":"la-coree-du-sud-harmonise-la-reglementation-des-produits-a-nicotine-synthetique-et-naturelle","status":"publish","type":"actualites","link":"https:\/\/www.generationsanstabac.org\/en\/actualites\/la-coree-du-sud-harmonise-la-reglementation-des-produits-a-nicotine-synthetique-et-naturelle\/","title":{"rendered":"South Korea harmonizes regulations for &quot;synthetic&quot; and &quot;natural&quot; nicotine products\u00ab"},"content":{"rendered":"<p style=\"text-align: justify\"><em>La Cor\u00e9e du Sud va soumettre les produits \u00e0 nicotine cr\u00e9\u00e9e chimiquement, comme les e-cigarettes et le tabac chauff\u00e9, au m\u00eame r\u00e9gime que les produits du tabac contenant de la nicotine \u00ab\u00a0naturelle\u00a0\u00bb. L\u2019objectif est notamment de freiner la progression du vapotage chez les jeunes. La r\u00e9vision de la l\u00e9gislation, annonc\u00e9e par le minist\u00e8re de la Sant\u00e9 et du Bien\u2011\u00eatre, entrera en vigueur le 24 avril 2026. Jusqu\u2019ici, la d\u00e9finition l\u00e9gale du tabac ne couvrait que la nicotine extraite des feuilles, laissant les produits \u00e0 nicotine de synth\u00e8se en dehors du champ r\u00e9glementaire malgr\u00e9 un pouvoir addictif similaire<a href=\"#_ftn1\" name=\"_ftnref1\"><strong>[1]<\/strong><\/a>.<\/em><\/p>\n<h2 style=\"text-align: justify\">Des produits davantage encadr\u00e9s pour prot\u00e9ger les non-fumeurs, surtout les jeunes<\/h2>\n<p style=\"text-align: justify\">La nouvelle loi reconna\u00eet la n\u00e9cessit\u00e9 d\u2019harmoniser la r\u00e9glementation de tous les produits contenant du tabac ou de la nicotine tout en les classant sous le m\u00eame vocable de \u00ab\u00a0produits du tabac\u00a0\u00bb.<\/p>\n<p style=\"text-align: justify\">La loi fixe une concentration maximale de nicotine de 20 mg\/ml (2 %) pour les e-liquides, afin de r\u00e9duire le risque de d\u00e9pendance et les effets cardiovasculaires et neurologiques li\u00e9s \u00e0 la nicotine. Le volume des contenants nicotin\u00e9s sera plafonn\u00e9 \u00e0 10 ml.<\/p>\n<p style=\"text-align: justify\">Les e\u2011cigarettes seront interdites dans les espaces non-fumeurs, avec des amendes pouvant atteindre 100 000 wons (environ 58 \u20ac) en cas d\u2019infraction.<\/p>\n<p style=\"text-align: justify\">Les vendeurs devront \u00eatre enregistr\u00e9s comme d\u00e9taillants autoris\u00e9s, la vente en ligne sera totalement proscrite et toute forme de publicit\u00e9, promotion ou parrainage de ces produits sera interdite, dans l\u2019objectif de limiter leur banalisation.<\/p>\n<p style=\"text-align: justify\">Le texte vise particuli\u00e8rement le marketing en direction des jeunes : les fabricants devront apposer des avertissements sanitaires visuels et textuels comme ceux appos\u00e9s sur les conditionnements de cigarettes classiques, et les mentions d\u2019ar\u00f4mes tels que \u00ab mangue \u00bb, \u00ab menthe \u00bb ou \u00ab sucr\u00e9 \u00bb, ainsi que les images associ\u00e9es, seront bannies des flacons. Le non-respect de cette r\u00e9glementation est passible d&rsquo;amendes pouvant atteindre 5 millions de wons (2 886\u00a0\u20ac) ou six mois d\u2019emprisonnement.<\/p>\n<p style=\"text-align: justify\">Les produits \u00e0 saveur fruit\u00e9e ou de confiserie sont explicitement vis\u00e9s, leur combinaison avec un acc\u00e8s en ligne facilit\u00e9 <a href=\"https:\/\/www.generationsanstabac.org\/fr\/actualites\/coree-du-sud-une-baisse-du-tabagisme-freinee-par-lessor-du-tabac-chauffe-et-du-vapotage\/\">ayant contribu\u00e9 \u00e0 freiner la baisse du tabagisme classique et augmenter le vapotage chez les adolescents<\/a>.<\/p>\n<p style=\"text-align: justify\">En effet, l&rsquo;Agence cor\u00e9enne de contr\u00f4le et de pr\u00e9vention des maladies (KDCA) a indiqu\u00e9 que le taux de vapotage chez les jeunes atteignait 2,9 % en 2025, ayant presque rejoint le taux de fumeurs de cigarettes classiques qui est de 3,3 %. Par ailleurs, 61,4 % des jeunes fumeurs utilisent \u00e9galement des cigarettes \u00e9lectroniques.<\/p>\n<p style=\"text-align: justify\">Le dispositif pr\u00e9voit aussi un renforcement des inspections, avec des contr\u00f4les et pr\u00e9l\u00e8vements al\u00e9atoires dans les points de vente et entrep\u00f4ts pour v\u00e9rifier le respect des nouvelles r\u00e8gles.<\/p>\n<h2 style=\"text-align: justify\">Une politique de sant\u00e9 publique align\u00e9e sur les recommandations internationales<\/h2>\n<p style=\"text-align: justify\">Le minist\u00e8re de la Sant\u00e9 cor\u00e9en pr\u00e9sente cette r\u00e9vision comme un levier central pour pr\u00e9venir le tabagisme chez les jeunes et avancer vers l\u2019objectif d\u2019une \u00ab g\u00e9n\u00e9ration sans tabac \u00bb. Un responsable du minist\u00e8re de la Sant\u00e9 et du Bien-\u00eatre a d\u00e9clar\u00e9 que \u00ab\u00a0<em>l\u2019exposition g\u00e9n\u00e9ralis\u00e9e des adolescents aux strat\u00e9gies marketing subtiles du tabac dans leur vie quotidienne suscite une vive inqui\u00e9tude sociale<\/em>\u00a0\u00bb, ajoutant que \u00ab\u00a0<em>cette modification constituera une pierre angulaire pour la cr\u00e9ation d\u2019une g\u00e9n\u00e9ration sans tabac et la r\u00e9duction de l\u2019exposition au tabac pour les g\u00e9n\u00e9rations futures.<\/em>\u00a0\u00bb.<\/p>\n<p style=\"text-align: justify\">Cette \u00e9volution r\u00e9glementaire s\u2019inscrit dans le cadre de l\u2019application aux nouveaux produits des dispositions de la Convention\u2011cadre pour la lutte antitabac (CCLAT) de l\u2019OMS, ratifi\u00e9e par le pays d\u00e8s 2005.\u00a0Depuis plusieurs ann\u00e9es, l\u2019agence mondiale de sant\u00e9 l\u2019OMS alerte sur le r\u00f4le des ar\u00f4mes dans l\u2019initiation des jeunes au vapotage et recommande de soumettre tous les produits nicotiniques, y compris ceux utilisant de nouvelles formes de nicotine, \u00e0 un encadrement strict s\u2019ils ne sont pas interdits \u00e0 la commercialisation.<\/p>\n<p style=\"text-align: justify\">Sur le plan international, <a href=\"https:\/\/www.generationsanstabac.org\/fr\/actualites\/bilan-de-la-cop11-des-avancees-decisives-pour-la-lutte-antitabac-en-depit-dun-lobby-majeur-de-lindustrie\/\">les pays pr\u00e9sents \u00e0 la 11<sup>e<\/sup> Conf\u00e9rence des Parties (COP) \u00e0 la Convention-cadre de l&rsquo;OMS pour la lutte antitabac<\/a>, en 2025 \u00e0 Gen\u00e8ve, ont adopt\u00e9 une r\u00e9solution visant \u00e0 r\u00e9glementer tous les types de produits du tabac et de la nicotine, afin de r\u00e9pondre aux d\u00e9fis pos\u00e9s par les nouveaux produits nicotiniques. En effet, l\u2019article 2.1 sur les mesures prospectives incite les Parties \u00e0 prendre des dispositions au-del\u00e0 du texte stricto sensu de la Convention, donnant en exemple les Pays-Bas qui ont interdit les ar\u00f4mes de cigarettes \u00e9lectroniques et les sachets de nicotine.<\/p>\n<p style=\"text-align: justify\">Cependant, des d\u00e9fis persistent\u00a0: <a href=\"https:\/\/www.generationsanstabac.org\/fr\/actualites\/le-cnct-alerte-sur-la-6-methyl-nicotine-une-nouvelle-menace-addictive-dans-les-produits-de-vapotage-et-sachets-oraux\/\">les effets sur la sant\u00e9 humaine des \u00ab analogues de la nicotine \u00bb<\/a> demeurent encore m\u00e9connus m\u00eame si leur puissance de d\u00e9pendance est similaire \u00e0 celle de la nicotine. En raison de leur absence dans la nouvelle loi cor\u00e9enne, certains experts comme le Dr. Lee Kyu-hong, de l&rsquo;Institut national de recherche toxicologique, ont demand\u00e9 que des tests rigoureux soient men\u00e9s sur ces produits et que la pseudo-nicotine soit soumise \u00e0 la loi sur l&rsquo;enregistrement et l&rsquo;\u00e9valuation des substances chimiques (REACH), qui contient des dispositions plus strictes que la loi sur le commerce du tabac<a href=\"#_ftn2\" name=\"_ftnref2\">[2]<\/a>.<\/p>\n<p style=\"text-align: justify\"><strong style=\"text-align: justify\"><a href=\"https:\/\/www.generationsanstabac.org\/\">\u00a9G\u00e9n\u00e9ration Sans Tabac<\/a><\/strong><\/p>\n<p style=\"text-align: right\"><em><strong>AD<\/strong><\/em><\/p>\n<hr \/>\n<p style=\"text-align: justify\"><a href=\"#_ftnref1\" name=\"_ftn1\">[1]<\/a><a href=\"https:\/\/www.koreatimes.co.kr\/southkorea\/society\/20260320\/korea-closes-loophole-on-synthetic-nicotine-to-curb-youth-vaping\">Korea closes loophole on synthetic nicotine to curb youth vaping,<\/a> The Korea Times, publi\u00e9 le 20 mars 2026, consult\u00e9 le 24 mars 2026<\/p>\n<p style=\"text-align: justify\"><a href=\"#_ftnref2\" name=\"_ftn2\">[2]<\/a>Kim Hyun-ji, <a href=\"https:\/\/v.daum.net\/v\/5PMMcmZvWp?f=p\">\uc778\uccb4 \ud761\uc785 \u2018\uc720\uc0ac\ub2c8\ucf54\ud2f4\u2019 \uac15\ud654\ub41c \uac80\uc99d \ud544\uc694<\/a>, Daum, publi\u00e9 le 25 mars 2026, consult\u00e9 le m\u00eame jour<\/p>\n<p style=\"text-align: justify\"><strong style=\"color: #999999\"><a style=\"color: #999999\" href=\"http:\/\/www.cnct.fr\/\" target=\"_blank\" rel=\"noopener noreferrer\">Comit\u00e9 national contre le tabagisme |<\/a><\/strong><\/p>\n","protected":false},"excerpt":{"rendered":"<p>South Korea will subject chemically created nicotine products, such as e-cigarettes and heated tobacco, to the same regulations as tobacco products containing &quot;natural&quot; nicotine. The aim is, in particular, to curb the rise of vaping among young people. The revised legislation, announced by the Ministry of Health and Welfare, will take effect on April 24, 2026. Until now, the legal definition of tobacco only covered nicotine extracted from leaves, leaving synthetic nicotine products outside the regulatory scope despite their similar addictive potential.<\/p>","protected":false},"featured_media":26514,"template":"","tags":[],"thematique":[516,491],"class_list":["post-26510","actualites","type-actualites","status-publish","has-post-thumbnail","hentry","thematique-nouveaux-produits","thematique-politiques-publiques"],"acf":[],"_links":{"self":[{"href":"https:\/\/www.generationsanstabac.org\/en\/wp-json\/wp\/v2\/actualites\/26510","targetHints":{"allow":["GET"]}}],"collection":[{"href":"https:\/\/www.generationsanstabac.org\/en\/wp-json\/wp\/v2\/actualites"}],"about":[{"href":"https:\/\/www.generationsanstabac.org\/en\/wp-json\/wp\/v2\/types\/actualites"}],"version-history":[{"count":1,"href":"https:\/\/www.generationsanstabac.org\/en\/wp-json\/wp\/v2\/actualites\/26510\/revisions"}],"predecessor-version":[{"id":26515,"href":"https:\/\/www.generationsanstabac.org\/en\/wp-json\/wp\/v2\/actualites\/26510\/revisions\/26515"}],"wp:featuredmedia":[{"embeddable":true,"href":"https:\/\/www.generationsanstabac.org\/en\/wp-json\/wp\/v2\/media\/26514"}],"wp:attachment":[{"href":"https:\/\/www.generationsanstabac.org\/en\/wp-json\/wp\/v2\/media?parent=26510"}],"wp:term":[{"taxonomy":"post_tag","embeddable":true,"href":"https:\/\/www.generationsanstabac.org\/en\/wp-json\/wp\/v2\/tags?post=26510"},{"taxonomy":"thematique","embeddable":true,"href":"https:\/\/www.generationsanstabac.org\/en\/wp-json\/wp\/v2\/thematique?post=26510"}],"curies":[{"name":"wp","href":"https:\/\/api.w.org\/{rel}","templated":true}]}}