{"id":26412,"date":"2026-03-15T07:00:06","date_gmt":"2026-03-15T06:00:06","guid":{"rendered":"https:\/\/www.generationsanstabac.org\/?post_type=actualites&#038;p=26412"},"modified":"2026-03-16T09:20:53","modified_gmt":"2026-03-16T08:20:53","slug":"vers-une-reglementation-unifiee-des-nouveaux-produits-du-tabac-et-de-la-nicotine-au-panama","status":"publish","type":"actualites","link":"https:\/\/www.generationsanstabac.org\/en\/actualites\/vers-une-reglementation-unifiee-des-nouveaux-produits-du-tabac-et-de-la-nicotine-au-panama\/","title":{"rendered":"Towards unified regulation of new tobacco and nicotine products in Panama"},"content":{"rendered":"<p style=\"text-align: justify\"><em>Les autorit\u00e9s panam\u00e9ennes envisagent d\u2019adopter un cadre r\u00e9glementaire unique visant \u00e0 encadrer strictement les cigarettes \u00e9lectroniques et les produits du tabac chauff\u00e9<a href=\"#_ftn1\" name=\"_ftnref1\"><strong>[1]<\/strong><\/a>. L\u2019objectif est notamment de restreindre leur usage dans les espaces publics et priv\u00e9s, ainsi que leur publicit\u00e9 et leur promotion. Pour y parvenir, la sous-commission du travail, de la sant\u00e9 et du d\u00e9veloppement social de l\u2019Assembl\u00e9e nationale souhaite cr\u00e9er un groupe de travail technique charg\u00e9 d\u2019examiner et d\u2019harmoniser trois projets de loi actuellement en discussion.<\/em><\/p>\n<h2 style=\"text-align: justify\">Un pr\u00e9c\u00e9dent projet d\u2019interdiction des cigarettes \u00e9lectroniques et du tabac chauff\u00e9 annul\u00e9<\/h2>\n<p style=\"text-align: justify\">La loi 315, pr\u00e9sent\u00e9e et adopt\u00e9e en 2020, bloqu\u00e9e par le pr\u00e9sident Cortizo puis reprise par l\u2019Assembl\u00e9e l\u00e9gislative et promulgu\u00e9e le 30 juin 2022, interdisait\u00a0l&rsquo;utilisation, l&rsquo;importation et la vente de cigarettes \u00e9lectroniques, de produits de tabac chauff\u00e9 et d&rsquo;autres dispositifs similaires avec ou sans nicotine.<\/p>\n<p style=\"text-align: justify\">Toutefois, celle-ci a finalement \u00e9t\u00e9 annul\u00e9e en 2024 par la Cour supr\u00eame apr\u00e8s un recours intent\u00e9 par l&rsquo;Association panam\u00e9enne de r\u00e9duction des risques li\u00e9s au tabac,\u00a0soutenue par l&rsquo;Association des fumeurs et des familles pour un Panama sans fum\u00e9e, arguant que le projet de loi n\u2019avait pas suivi la proc\u00e9dure l\u00e9gislative r\u00e9guli\u00e8re<a href=\"#_ftn1\" name=\"_ftnref1\">[1]<\/a>.<\/p>\n<p style=\"text-align: justify\">En 2025, le minist\u00e8re de la Sant\u00e9 a alors d\u00e9cid\u00e9 de proposer un cadre visant plut\u00f4t \u00e0 r\u00e9glementer ces produits (en y ajoutant les sachets de nicotine). L\u2019objectif affich\u00e9, en l\u2019absence de r\u00e9glementation, est de prot\u00e9ger les jeunes de ces produits. La r\u00e9solution 146 du 31 janvier 2025<a href=\"#_ftn1\" name=\"_ftnref1\">[1]<\/a>\u00a0a ainsi \u00e9largi aux nouveaux produits les mesures d\u00e9j\u00e0 en vigueur pour le tabac classique (interdictions de toute forme de publicit\u00e9 ou de promotion, suppression de tous les \u00e9tals de ces produits, interdiction de leur utilisation dans les zones non-fumeurs et de la vente aux mineurs avec v\u00e9rification syst\u00e9matique de l\u2019\u00e2ge et apposition obligatoire d\u2019avertissements sanitaires).<\/p>\n<p style=\"text-align: justify\"><a href=\"#_ftn2\" name=\"_ftnref2\"><\/a><\/p>\n<p style=\"text-align: justify\"><a href=\"#_ftn3\" name=\"_ftnref3\"><\/a><\/p>\n<h2 style=\"text-align: justify\">Trois projets de loi en cours d\u2019examen devant fusionner sur un nouveau texte<\/h2>\n<p style=\"text-align: justify\">Les trois projets de loi actuellement examin\u00e9s comportent des contradictions entre eux. L\u2019un propose l\u2019interdiction totale des nouveaux produits et deux autres proposent une r\u00e9glementation plus stricte, traduisant les changements d\u2019orientation apr\u00e8s l\u2019annulation de la loi 315.<\/p>\n<p style=\"text-align: justify\">Selon le d\u00e9put\u00e9 Crispiano Adames, la fusion de ces trois initiatives pourrait permettre d\u2019\u00e9tablir une r\u00e9glementation plus coh\u00e9rente et plus solide.<\/p>\n<p style=\"text-align: justify\">Il souligne \u00e9galement la possibilit\u00e9, si l\u2019interdiction de ces produits n\u2019est pas retenue dans la version finale, d\u2019introduire une taxation sp\u00e9cifique sur les cigarettes \u00e9lectroniques, actuellement absente du syst\u00e8me fiscal panam\u00e9en.<\/p>\n<p style=\"text-align: justify\">\u00c0 ce stade, aucune loi harmonis\u00e9e d\u00e9finitive n\u2019a encore \u00e9t\u00e9 adopt\u00e9e.<\/p>\n<p style=\"text-align: justify\"><strong>\u00ab <\/strong><em>Saisissons cette occasion pour adopter une r\u00e9glementation concr\u00e8te, ferme et d\u00e9cisive, non seulement en ce qui concerne les mineurs, mais aussi l\u2019interdiction dans les espaces publics, les espaces priv\u00e9s, la publicit\u00e9 et la promotion, ainsi que les retomb\u00e9es solidaires qui doivent \u00eatre g\u00e9n\u00e9r\u00e9es par une loi visant \u00e0 percevoir des taxes sp\u00e9cifiques sur les vaporisateurs, qui ne sont actuellement pas tax\u00e9s dans notre l\u00e9gislation fiscale<\/em>\u00a0\u00bb, a soulign\u00e9 l\u2019Assembl\u00e9e nationale dans un communiqu\u00e9 de presse.<\/p>\n<p style=\"text-align: justify\">Encore faut-il que les d\u00e9cideurs luttent contre l\u2019ing\u00e9rence de l\u2019industrie et ses repr\u00e9sentants qui, <a href=\"https:\/\/www.generationsanstabac.org\/fr\/actualites\/lingerence-de-lindustrie-du-tabac-sintensifie-dans-le-monde\/\">comme pr\u00e9c\u00e9demment au Panama et comme partout ailleurs dans le monde, tentent agressivement d\u2019affaiblir et ralentir les politiques de sant\u00e9 publique<\/a>.<\/p>\n<p style=\"text-align: justify\">Au total, au moins 46 pays ont pour l\u2019heure interdit la vente et la distribution des cigarettes \u00e9lectroniques\u00a0selon les recensements internationaux disponibles, <a href=\"https:\/\/www.generationsanstabac.org\/fr\/actualites\/la-syrie-annonce-une-interdiction-totale-des-cigarettes-electroniques\/\">la Syrie<\/a> et <a href=\"https:\/\/www.generationsanstabac.org\/fr\/actualites\/le-myanmar-interdit-les-cigarettes-electroniques-et-le-tabac-chauffe\/\">le Myanmar<\/a> faisant partie des derniers \u00e0 en avoir fait l\u2019annonce.<\/p>\n<p style=\"text-align: justify\"><strong style=\"text-align: justify\"><a href=\"https:\/\/www.generationsanstabac.org\/\">\u00a9G\u00e9n\u00e9ration Sans Tabac<\/a><\/strong><\/p>\n<p style=\"text-align: right\"><em><strong>AD<\/strong><\/em><\/p>\n<hr \/>\n<p style=\"text-align: justify\"><a href=\"#_ftnref1\" name=\"_ftn1\">[1]<\/a>Julio C\u00e9sar Aizpr\u00faa, <a href=\"https:\/\/www.infobae.com\/panama\/2026\/03\/10\/autoridades-buscan-unificar-normas-para-prohibir-cigarrillos-electronicos-vaporizadores-y-calentadores-de-tabaco-en-panama\/#:~:text=Autoridades%20buscan%20unificar%20normas%20para,de%20tabaco%20en%20Panam%C3%A1%20%2D%20Infobae\">Autoridades buscan unificar normas para prohibir cigarrillos electr\u00f3nicos, vaporizadores y calentadores de tabaco en Panam\u00e1<\/a>, Infobae, publi\u00e9 le 10 mars 2026, consult\u00e9 le 11 mars 2026<\/p>\n<p style=\"text-align: justify\"><a href=\"#_ftnref2\" name=\"_ftn2\">[2]<\/a>Karol Elizabeth Lara<a href=\"https:\/\/www.panamaamerica.com.pa\/sociedad\/ley-que-prohibe-cigarrillos-electronicos-en-panama-es-inconstitucional-1235752\">, Ley que proh\u00edbe cigarrillos electr\u00f3nicos en Panam\u00e1 es inconstitucional<\/a>, Panam\u00e1 Am\u00e9rica, mis \u00e0 jour le 15 mai 2024, consult\u00e9 le 12 mars 2026<\/p>\n<p style=\"text-align: justify\"><a href=\"#_ftnref3\" name=\"_ftn3\">[3]<\/a><a href=\"https:\/\/enmayuscula.com\/generales\/198829-minsa-vapear-en-lugares-prohibidos-ahora-ser%C3%A1-sancionado-igual-que-fumar-tabaco\">Minsa: Vapear en lugares prohibidos ahora ser\u00e1 sancionado igual que fumar tabaco<\/a>, En May\u00fascula, publi\u00e9 le 12 ao\u00fbt 2025, consult\u00e9 le 12 mars 2026<\/p>\n<p style=\"text-align: justify\"><strong style=\"color: #999999\"><a style=\"color: #999999\" href=\"http:\/\/www.cnct.fr\/\" target=\"_blank\" rel=\"noopener noreferrer\">Comit\u00e9 national contre le tabagisme |<\/a><\/strong><\/p>\n","protected":false},"excerpt":{"rendered":"<p>Panamanian authorities are considering adopting a single regulatory framework to strictly control e-cigarettes and heated tobacco products. The aim is to restrict their use in public and private spaces, as well as their advertising and promotion. To achieve this, the National Assembly&#039;s Subcommittee on Labor, Health, and Social Development intends to create a technical working group tasked with reviewing and harmonizing three draft laws currently under discussion.<\/p>","protected":false},"featured_media":26415,"template":"","tags":[],"thematique":[491],"class_list":["post-26412","actualites","type-actualites","status-publish","has-post-thumbnail","hentry","thematique-politiques-publiques"],"acf":[],"_links":{"self":[{"href":"https:\/\/www.generationsanstabac.org\/en\/wp-json\/wp\/v2\/actualites\/26412","targetHints":{"allow":["GET"]}}],"collection":[{"href":"https:\/\/www.generationsanstabac.org\/en\/wp-json\/wp\/v2\/actualites"}],"about":[{"href":"https:\/\/www.generationsanstabac.org\/en\/wp-json\/wp\/v2\/types\/actualites"}],"version-history":[{"count":1,"href":"https:\/\/www.generationsanstabac.org\/en\/wp-json\/wp\/v2\/actualites\/26412\/revisions"}],"predecessor-version":[{"id":26416,"href":"https:\/\/www.generationsanstabac.org\/en\/wp-json\/wp\/v2\/actualites\/26412\/revisions\/26416"}],"wp:featuredmedia":[{"embeddable":true,"href":"https:\/\/www.generationsanstabac.org\/en\/wp-json\/wp\/v2\/media\/26415"}],"wp:attachment":[{"href":"https:\/\/www.generationsanstabac.org\/en\/wp-json\/wp\/v2\/media?parent=26412"}],"wp:term":[{"taxonomy":"post_tag","embeddable":true,"href":"https:\/\/www.generationsanstabac.org\/en\/wp-json\/wp\/v2\/tags?post=26412"},{"taxonomy":"thematique","embeddable":true,"href":"https:\/\/www.generationsanstabac.org\/en\/wp-json\/wp\/v2\/thematique?post=26412"}],"curies":[{"name":"wp","href":"https:\/\/api.w.org\/{rel}","templated":true}]}}