{"id":26406,"date":"2026-03-12T07:00:19","date_gmt":"2026-03-12T06:00:19","guid":{"rendered":"https:\/\/www.generationsanstabac.org\/?post_type=actualites&#038;p=26406"},"modified":"2026-03-11T15:58:01","modified_gmt":"2026-03-11T14:58:01","slug":"lutte-antitabac-le-royaume-uni-sapprete-a-franchir-un-cap-historique","status":"publish","type":"actualites","link":"https:\/\/www.generationsanstabac.org\/en\/actualites\/lutte-antitabac-le-royaume-uni-sapprete-a-franchir-un-cap-historique\/","title":{"rendered":"Tobacco control: the United Kingdom is about to take a historic step"},"content":{"rendered":"<p style=\"text-align: justify\"><em>Au Royaume-Uni, les deux chambres du Parlement ont approuv\u00e9 ces derniers jours le projet de loi visant \u00e0 interdire la vente de produits du tabac \u00e0 toute personne n\u00e9e \u00e0 partir de 2009.\u00a0 S\u2019il reste d\u2019autres \u00e9tapes avant l\u2019adoption d\u00e9finitive de la loi, le Royaume-Uni devrait \u00eatre l\u2019un des premiers pays du monde \u00e0 mettre cette mesure en place. <\/em><\/p>\n<h2 style=\"text-align: justify\"><strong>La vente de tabac interdite pour toute personne n\u00e9e \u00e0 partir de 2009<\/strong><\/h2>\n<p style=\"text-align: justify\">Le projet de loi vise \u00e0 interdire la vente de produits contenant du tabac ou \u00e0 base d\u2019herbe \u00e0 fumer, ainsi que la vente de papier \u00e0 cigarettes \u00e0 toute personne n\u00e9e \u00e0 partir du 1<sup>er<\/sup> janvier 2009<a href=\"#_ftn1\" name=\"_ftnref1\">[1]<\/a>. A travers une interdiction g\u00e9n\u00e9rationnelle, cette mesure permettrait de facto au Royaume-Uni de sortir progressivement du tabagisme. Les produits de la nicotine, comme les cigarettes \u00e9lectroniques, ne sont toutefois pas compris dans la mesure. Approuv\u00e9 en troisi\u00e8me lecture par la Chambre des Lords et la Chambre des communes, le texte doit d\u00e9sormais faire l\u2019objet d\u2019un accord final entre les deux chambres pour recevoir la \u00ab\u00a0sanction royale\u00a0\u00bb (Royal assent), et ainsi \u00eatre d\u00e9finitivement adopt\u00e9 comme loi. Apr\u00e8s les <a href=\"https:\/\/www.generationsanstabac.org\/fr\/actualites\/les-maldives-interdisent-le-tabac-et-le-vapotage-a-toute-personne-nee-apres-2007\/\">Maldives<\/a>, le Royaume-Uni serait l\u2019un des premiers pays au monde \u00e0 mettre en \u0153uvre cette mesure de sant\u00e9 publique. En Nouvelle-Z\u00e9lande, l\u2019interdiction g\u00e9n\u00e9rationnelle avait \u00e9t\u00e9 adopt\u00e9e en 2022, <a href=\"https:\/\/www.generationsanstabac.org\/fr\/actualites\/revirement-de-la-nouvelle-zelande-sur-sa-politique-antitabac\/\">avant d\u2019\u00eatre abrog\u00e9e<\/a> en 2024, \u00e0 la suite d\u2019un changement de majorit\u00e9 plus perm\u00e9able \u00e0 l\u2019influence de l\u2019industrie du tabac.<\/p>\n<h2 style=\"text-align: justify\"><strong>Une proposition de loi fran\u00e7aise inscrite dans le m\u00eame objectif<\/strong><\/h2>\n<p style=\"text-align: justify\">En France, une proposition de loi similaire est port\u00e9e par le d\u00e9put\u00e9 Nicolas Thierry (\u00c9cologiste et social) et l\u2019alliance Contre-Feu, r\u00e9unissant les acteurs de la soci\u00e9t\u00e9 civile impliqu\u00e9s dans la lutte contre le tabagisme<a href=\"#_ftn2\" name=\"_ftnref2\">[2]<\/a>. D\u00e9pos\u00e9 en novembre 2025, le texte souhaite interdire la vente de tout produit du tabac aux personnes n\u00e9es \u00e0 partir de 2014, visant un objectif de g\u00e9n\u00e9ration sans tabac pour 2032. Pour l\u2019heure, la proposition de loi a recueilli la signature de 35 parlementaires fran\u00e7ais.<\/p>\n<h2 style=\"text-align: justify\"><strong>Le tabagisme en forte diminution au Royaume-Uni<\/strong><\/h2>\n<p style=\"text-align: justify\">La proposition de loi du Royaume-Uni s\u2019inscrit dans un contexte g\u00e9n\u00e9ral de forte diminution du tabagisme depuis plusieurs ann\u00e9es. Selon les donn\u00e9es publiques disponibles, la pr\u00e9valence tabagique chez les 16 ans et plus s\u2019\u00e9tablissait en 2025 \u00e0 16,6 %, contre 24,8 % en 2007<a href=\"#_ftn3\" name=\"_ftnref3\">[3]<\/a>. Sur la m\u00eame p\u00e9riode, la pr\u00e9valence de la consommation quotidienne de cigarettes a \u00e9t\u00e9 divis\u00e9e par deux, passant de 21,5 % \u00e0 10,6 %. Il est \u00e9galement int\u00e9ressant de noter que plus d\u2019un tiers des fumeurs du Royaume-Uni ont cherch\u00e9 en 2025 \u00e0 stopper leur consommation de tabac, parmi lesquels 28,6 % ont indiqu\u00e9 avoir r\u00e9ussi, soit pr\u00e8s d\u2019un million de personnes. Les donn\u00e9es montrent par ailleurs que les jeunes adultes sont davantage susceptibles de s\u2019engager dans un processus de sevrage tabagique, puisque plus de 44 % des 18-24 ans fumeurs indiquent avoir cherch\u00e9 \u00e0 cesser leur consommation au cours de l\u2019ann\u00e9e 2025.<\/p>\n<h2 style=\"text-align: justify\"><strong>Un cadre r\u00e9glementaire renforc\u00e9 pour les produits de la nicotine<\/strong><\/h2>\n<p style=\"text-align: justify\">Si la proposition de loi ne pr\u00e9voit pas d\u2019interdiction g\u00e9n\u00e9rationnelle pour les autres produits de la nicotine, les deux chambres ont approuv\u00e9 la n\u00e9cessit\u00e9 de renforcer la r\u00e9glementation concernant ces nouveaux produits.<\/p>\n<p style=\"text-align: justify\">En particulier, la loi pr\u00e9voit d\u2019interdire la publicit\u00e9 pour l\u2019ensemble des produits de la nicotine, \u00e0 l\u2019instar des cigarettes \u00e9lectroniques et des sachets de nicotine. Dans un objectif de r\u00e9duction de l\u2019attractivit\u00e9, notamment aupr\u00e8s des jeunes, la proposition de loi donne au gouvernement la possibilit\u00e9 de limiter les ar\u00f4mes autoris\u00e9s pour les cigarettes \u00e9lectroniques, de fixer des plafonds pour la concentration nicotinique, ou encore d\u2019imposer des r\u00e8gles concernant la pr\u00e9sentation et l\u2019emballage des produits. L\u2019adoption de la loi se traduirait en outre par l\u2019interdiction de distribution gratuite de cigarettes \u00e9lectroniques ou leur vente dans des distributeurs automatiques, ainsi que par l\u2019interdiction pour les adultes d\u2019effectuer des achats pour des mineurs. Le texte vise \u00e9galement \u00e0 adopter un syst\u00e8me de licence pour la vente des produits du tabac et de la nicotine, et \u00e0 renforcer les contr\u00f4les aupr\u00e8s des d\u00e9bitants. Enfin, le texte souhaite l\u2019extension des lieux o\u00f9 la consommation de ces produits est interdite, pr\u00e9voyant toutefois une distinction entre les produits du tabac classiques, le tabac \u00e0 chauffer et les cigarettes \u00e9lectroniques.<\/p>\n<h2 style=\"text-align: justify\"><strong>Une taxe sur le vapotage \u00e0 partir de l\u2019automne 2026<\/strong><\/h2>\n<p style=\"text-align: justify\">\u00c0 partir du 1<sup>er<\/sup> octobre 2026, le Royaume-Uni introduira une taxe sur les produits du vapotage, appliqu\u00e9e aux liquides contenant de la nicotine<a href=\"#_ftn4\" name=\"_ftnref4\">[4]<\/a>. La taxe est fix\u00e9e \u00e0 2,20 livres par millilitre de liquide, quelle que soit la teneur nicotinique de ce dernier (2,55 euros). La mise en place de cette mesure, d\u00e9cid\u00e9e par le gouvernement britannique dans le cadre du projet de loi de finances, devrait rapporter 135 millions de livres de recettes suppl\u00e9mentaires en 2026-2027, et plus de 400 millions \u00e0 partir des ann\u00e9es suivantes. Selon le gouvernement, l\u2019introduction de cette taxe vise \u00e0 encourager les gros consommateurs \u00e0 r\u00e9duire leur consommation, tout en maintenant le vapotage plus accessible que les produits du tabac.<\/p>\n<p style=\"text-align: justify\"><strong style=\"text-align: justify\"><a href=\"https:\/\/www.generationsanstabac.org\/\">\u00a9G\u00e9n\u00e9ration Sans Tabac<\/a><\/strong><\/p>\n<p style=\"text-align: right\"><em><strong>FT<\/strong><\/em><\/p>\n<hr \/>\n<p style=\"text-align: justify\"><a href=\"#_ftnref1\" name=\"_ftn1\"><\/a><\/p>\n<p style=\"text-align: justify\"><a href=\"#_ftnref1\" name=\"_ftn1\">[1]<\/a> UK Parliament, <a href=\"https:\/\/bills.parliament.uk\/bills\/3879\">Tobacco and Vapes Bill<\/a>, 10\/03\/2026, (consult\u00e9 le 11\/03\/2026)<\/p>\n<p style=\"text-align: justify\"><a href=\"#_ftnref2\" name=\"_ftn2\">[2]<\/a> Assembl\u00e9e nationale, <a href=\"https:\/\/www.assemblee-nationale.fr\/dyn\/17\/textes\/l17b2101_proposition-loi\">Proposition de loi n\u00b02101 pour une g\u00e9n\u00e9ration sans tabac<\/a>, 18\/11\/2025, (consult\u00e9 le 11\/03\/2026)<\/p>\n<p style=\"text-align: justify\"><a href=\"#_ftnref3\" name=\"_ftn3\">[3]<\/a> Smoking in England, <a href=\"https:\/\/www.smokinginengland.info\/graphs\/top-line-findings\">Top-line findings on smoking in England from the Smoking Toolkit Study<\/a>, 11\/03\/2026, (consult\u00e9 le jour-m\u00eame)<\/p>\n<p style=\"text-align: justify\"><a href=\"#_ftnref4\" name=\"_ftn4\">[4]<\/a> London loves business, <a href=\"https:\/\/londonlovesbusiness.com\/uk-to-introduce-2-20-flat-rate-vaping-products-duty-from-october-2026\/\">UK to introduce \u00a32.20 flat-rate Vaping Products Duty from October 2026<\/a>, 10\/03\/2026, (consult\u00e9 le 11\/03\/2026)<\/p>\n<p><strong style=\"color: #999999\"><a style=\"color: #999999\" href=\"http:\/\/www.cnct.fr\/\" target=\"_blank\" rel=\"noopener noreferrer\">Comit\u00e9 national contre le tabagisme |<\/a><\/strong><\/p>\n","protected":false},"excerpt":{"rendered":"<p>In France, a similar bill is being put forward by MP Nicolas Thierry (Ecologist and Social) and the Contre-Feu alliance, bringing together civil society actors involved in the fight against smoking.<\/p>","protected":false},"featured_media":26410,"template":"","tags":[],"thematique":[491],"class_list":["post-26406","actualites","type-actualites","status-publish","has-post-thumbnail","hentry","thematique-politiques-publiques"],"acf":[],"_links":{"self":[{"href":"https:\/\/www.generationsanstabac.org\/en\/wp-json\/wp\/v2\/actualites\/26406","targetHints":{"allow":["GET"]}}],"collection":[{"href":"https:\/\/www.generationsanstabac.org\/en\/wp-json\/wp\/v2\/actualites"}],"about":[{"href":"https:\/\/www.generationsanstabac.org\/en\/wp-json\/wp\/v2\/types\/actualites"}],"version-history":[{"count":1,"href":"https:\/\/www.generationsanstabac.org\/en\/wp-json\/wp\/v2\/actualites\/26406\/revisions"}],"predecessor-version":[{"id":26411,"href":"https:\/\/www.generationsanstabac.org\/en\/wp-json\/wp\/v2\/actualites\/26406\/revisions\/26411"}],"wp:featuredmedia":[{"embeddable":true,"href":"https:\/\/www.generationsanstabac.org\/en\/wp-json\/wp\/v2\/media\/26410"}],"wp:attachment":[{"href":"https:\/\/www.generationsanstabac.org\/en\/wp-json\/wp\/v2\/media?parent=26406"}],"wp:term":[{"taxonomy":"post_tag","embeddable":true,"href":"https:\/\/www.generationsanstabac.org\/en\/wp-json\/wp\/v2\/tags?post=26406"},{"taxonomy":"thematique","embeddable":true,"href":"https:\/\/www.generationsanstabac.org\/en\/wp-json\/wp\/v2\/thematique?post=26406"}],"curies":[{"name":"wp","href":"https:\/\/api.w.org\/{rel}","templated":true}]}}