{"id":25926,"date":"2026-01-09T07:00:27","date_gmt":"2026-01-09T06:00:27","guid":{"rendered":"https:\/\/www.generationsanstabac.org\/?post_type=actualites&#038;p=25926"},"modified":"2026-01-07T11:26:21","modified_gmt":"2026-01-07T10:26:21","slug":"la-californie-a-adopte-la-premiere-loi-prenant-en-compte-les-risques-lies-au-tabagisme-passif-tertiaire","status":"publish","type":"actualites","link":"https:\/\/www.generationsanstabac.org\/en\/actualites\/la-californie-a-adopte-la-premiere-loi-prenant-en-compte-les-risques-lies-au-tabagisme-passif-tertiaire\/","title":{"rendered":"California has adopted the first law taking into account the risks associated with third-party secondhand smoke."},"content":{"rendered":"<p style=\"text-align: justify\"><em>Ce ph\u00e9nom\u00e8ne, moins connu que le tabagisme passif classique, fait d\u00e9sormais l\u2019objet de la premi\u00e8re loi au monde sp\u00e9cifiquement destin\u00e9e \u00e0 en limiter les effets<a href=\"#_ftn1\" name=\"_ftnref1\"><strong>[1]<\/strong><\/a>. La proposition de loi 455 de l\u2019Assembl\u00e9e de Californie, port\u00e9e par la d\u00e9put\u00e9e Liz Ortega (San Francisco), adopt\u00e9e \u00e0 l\u2019unanimit\u00e9 et promulgu\u00e9e le 3 octobre 2025, impose aux vendeurs de biens immobiliers de d\u00e9clarer tout ant\u00e9c\u00e9dent connu de fum\u00e9e tertiaire ou de r\u00e9sidus de vapotage lors de la vente d\u2019un logement.<\/em><\/p>\n<h2 style=\"text-align: justify\">Le tabagisme passif tertiaire est durablement nocif pour la sant\u00e9 et touche des populations \u00e0 risque<\/h2>\n<p style=\"text-align: justify\"><a href=\"#_ftn2\" name=\"_ftnref2\"><\/a><\/p>\n<p style=\"text-align: justify\">La fum\u00e9e tertiaire (\u00ab\u00a0thirdhand smoke\u00a0\u00bb) correspond aux r\u00e9sidus chimiques issus de la fum\u00e9e du tabac ou du vapotage qui persistent dans les environnements int\u00e9rieurs apr\u00e8s l\u2019arr\u00eat de la consommation active du produit par le fumeur ou le vapoteur. Ces substances peuvent s\u2019impr\u00e9gner dans les tapis, v\u00eatements, rideaux, meubles, murs et m\u00eame dans la peau ou les cheveux, et rester pr\u00e9sentes pendant des mois, voire des ann\u00e9es, contrairement au tabagisme passif secondaire (\u00ab\u00a0secondhand smoke\u00a0\u00bb) qui est la fum\u00e9e de tabac exhal\u00e9e par le fumeur ou qui se d\u00e9gage d\u2019un produit du tabac ou de son m\u00e9got, et qui dispara\u00eet relativement rapidement une fois que l\u2019espace clos a eu son volume d\u2019air renouvel\u00e9. Une \u00e9tude men\u00e9e \u00e0 San Diego a mesur\u00e9 la pr\u00e9sence de ce tabagisme tertiaire sur les surfaces de 220 appartements\u00a0: les chercheurs en ont trouv\u00e9 dans chaque appartement, alors m\u00eame que 88 % des r\u00e9sidents ne consommaient aucun produit du tabac<a href=\"#_ftn2\" name=\"_ftnref1\">[2]<\/a>.<\/p>\n<p style=\"text-align: justify\">Le Dr. Neal Benowitz, professeur \u00e9m\u00e9rite de m\u00e9decine \u00e0 l\u2019Universit\u00e9 de Californie \u00e0 San Francisco (UCSF), explique que pour se d\u00e9barrasser de ces particules, un simple m\u00e9nage ne suffit pas toujours : nettoyer les surfaces en profondeur, jeter des tapis et des meubles, ou m\u00eame r\u00e9nover les murs et les syst\u00e8mes de ventilation peuvent s\u2019av\u00e9rer n\u00e9cessaires, m\u00eame si \u00ab a<em>u fil du temps, le risque diminue progressivement<\/em>\u00a0\u00bb.<\/p>\n<p style=\"text-align: justify\">Selon des travaux scientifiques cit\u00e9s par des chercheurs sp\u00e9cialis\u00e9s, l\u2019exposition \u00e0 la fum\u00e9e tertiaire peut se produire par inhalation, ingestion de poussi\u00e8res contamin\u00e9es ou contact cutan\u00e9. Elle est associ\u00e9e \u00e0 des risques sanitaires comparables \u00e0 ceux du tabagisme passif, notamment une augmentation des risques de cancer, de maladies cardiovasculaires et pulmonaires, ainsi que de troubles du d\u00e9veloppement.<\/p>\n<p style=\"text-align: justify\">Plus pr\u00e9cis\u00e9ment, vingt-six produits contenus dans cette fum\u00e9e tertiaire sont identifi\u00e9s par l\u2019\u00c9tat de Californie comme canc\u00e9rig\u00e8nes, responsables de malformations cong\u00e9nitales ou encore de troubles de la reproduction.<\/p>\n<p style=\"text-align: justify\">Certaines populations sont consid\u00e9r\u00e9es comme plus vuln\u00e9rables, en particulier les b\u00e9b\u00e9s et jeunes enfants qui rampent sur les sols, portent les objets \u00e0 leur bouche et absorbent des substances toxiques par contact cutan\u00e9, ou encore les personnes \u00ab\u00a0<em>allergiques, asthmatiques, immunod\u00e9prim\u00e9es ou \u00e2g\u00e9es <\/em>\u00bb, les femmes enceintes et les r\u00e9sidents de logements sociaux collectifs, o\u00f9 la contamination par la fum\u00e9e tertiaire est omnipr\u00e9sente<a href=\"#_ftn3\" name=\"_ftnref3\">[3]<\/a>.<\/p>\n<p style=\"text-align: justify\">Par ailleurs, une \u00e9tude r\u00e9cente par des chercheurs de l&rsquo;Institut de physique atmosph\u00e9rique de l&rsquo;Acad\u00e9mie chinoise des sciences indique que le tabagisme tertiaire peut persister durablement dans l\u2019air int\u00e9rieur et \u00e9voluer chimiquement avec le temps, constituant une source continue d\u2019exposition \u00e0 de faibles doses de substances toxiques<a href=\"#_ftn4\" name=\"_ftnref4\">[4]<\/a>. En effet, des changements sont apparus dans la composition chimique de certaines particules\u00a0: au fil du temps, ces derni\u00e8res se sont enrichies en compos\u00e9s azot\u00e9s, souvent associ\u00e9s \u00e0 une toxicit\u00e9 accrue.<\/p>\n<p style=\"text-align: justify\">Cette \u00e9tude fournit des preuves scientifiques cruciales en appui des politiques de sant\u00e9 publique et propose de nouveaux marqueurs chimiques pour d\u00e9tecter cette contamination persistante, soulignant la n\u00e9cessit\u00e9 d&rsquo;int\u00e9grer le tabagisme tertiaire dans les politiques de lutte antitabac et les normes de qualit\u00e9 de l&rsquo;air int\u00e9rieur, a d\u00e9clar\u00e9 Sun Yele, professeur \u00e0 l&rsquo;Institut.<\/p>\n<h2 style=\"text-align: justify\">Un nouveau cadre r\u00e9glementaire pour le tabagisme passif tertiaire<\/h2>\n<p style=\"text-align: justify\">La Californie a ainsi d\u00e9cid\u00e9 d&rsquo;adopter la proposition de loi AB455, qui caract\u00e9rise le tabagisme passif tertiaire comme un danger comparable \u00e0 l&rsquo;amiante, au radon ou au plomb. \u00c0 compter du 1<sup>er<\/sup> janvier 2026, les vendeurs de maisons individuelles ayant connaissance de cas de tabagisme ou de vapotage ant\u00e9rieurs dans la propri\u00e9t\u00e9 sont tenus d&rsquo;en informer les acheteurs par \u00e9crit.<\/p>\n<p style=\"text-align: justify\">Par ailleurs, le D\u00e9partement du contr\u00f4le des substances toxiques mettra \u00e0 jour le\u00a0Guide du propri\u00e9taire sur les risques environnementaux, une brochure d&rsquo;information destin\u00e9e \u00e0 sensibiliser les consommateurs aux risques environnementaux courants pr\u00e9sents sur les biens immobiliers et susceptibles de les affecter. La nouvelle version du document y inclura une nouvelle section sur le tabagisme tertiaire, \u00e9labor\u00e9e en partenariat avec le Centre pour le tabac et l&rsquo;environnement de l&rsquo;Universit\u00e9 d&rsquo;\u00c9tat de San Diego.<\/p>\n<p style=\"text-align: justify\">Cette loi constitue un pr\u00e9c\u00e9dent susceptible d&rsquo;influencer les politiques en mati\u00e8re de logement, de protection des consommateurs et de lutte contre le tabac \u00e0 l\u2019\u00e9chelle nationale comme ailleurs dans le monde. Le Dr. Benowitz a d\u00e9clar\u00e9 : \u00ab <em>Nous esp\u00e9rons que de futures l\u00e9gislations cibleront \u00e9galement les logements collectifs, o\u00f9 la contamination est souvent r\u00e9pandue.<\/em>\u00a0\u00bb<a href=\"#_ftn5\" name=\"_ftnref5\"><\/a><\/p>\n<p style=\"text-align: justify\">En Espagne, l\u2019association antitabac Nofumadores a d\u2019ores et d\u00e9j\u00e0 exig\u00e9 <a href=\"https:\/\/www.generationsanstabac.org\/fr\/actualites\/des-organisations-de-sante-espagnoles-exhortent-le-gouvernement-a-renforcer-son-projet-de-legislation-antitabac\/\">que la m\u00eame r\u00e9glementation s\u2019applique \u00e0 l\u2019occasion du projet de r\u00e9vision de la loi nationale contre le tabagisme du minist\u00e8re de la sant\u00e9, visant \u00e0 interdire de fumer et de vapoter dans de nombreux espaces publics ext\u00e9rieurs<\/a>.<\/p>\n<p style=\"text-align: justify\"><strong style=\"text-align: justify\"><a href=\"https:\/\/www.generationsanstabac.org\/\">\u00a9G\u00e9n\u00e9ration Sans Tabac<\/a><\/strong><\/p>\n<p style=\"text-align: right\"><em><strong>AD<\/strong><\/em><\/p>\n<hr \/>\n<p style=\"text-align: justify\"><a href=\"#_ftnref1\" name=\"_ftn1\">[1]<\/a>Carly Stern, <a href=\"https:\/\/nypost.com\/2026\/01\/01\/health\/what-is-thirdhand-smoke-cigarette-health-threat-as-california-law-goes-into-effect\/\">What is \u2018thirdhand smoke\u2019? The lesser-known cigarette threat \u2014 as world-first law goes into effect in California<\/a>, New York Post, publi\u00e9 le 1 janvier 2026, consult\u00e9 le 5 janvier 2026<\/p>\n<p style=\"text-align: justify\"><a href=\"#_ftnref2\" name=\"_ftn2\">[2]<\/a>Thirdhand Smoke Resource Center, <a href=\"https:\/\/thirdhandsmoke.org\/how-long-does-thirdhand-smoke-last\/\">How long does thirdhand smoke last?<\/a>, publi\u00e9 le 12 septembre 2025, consult\u00e9 le 6 janvier 2026<\/p>\n<p style=\"text-align: justify\"><a href=\"#_ftnref3\" name=\"_ftn3\">[3]<\/a>Victoria Colliver, <a href=\"https:\/\/www.ucsf.edu\/news\/2025\/12\/431166\/thirdhand-smoke-hidden-danger-puts-kids-and-adults-risk\">Thirdhand Smoke: This Hidden Danger Puts Kids and Adults at Risk<\/a>, University of California San Francisco, publi\u00e9 le 8 d\u00e9cembre 2025, consult\u00e9 le 6 janvier 2025<\/p>\n<p style=\"text-align: justify\"><a href=\"#_ftnref4\" name=\"_ftn4\">[4]<\/a>Liu Yang, Wei Zhou, Weiqi Xu, Siqi Zeng, Zijun Zhang, Bo You, Yan Li, Long Jia, Yi Zhang, Xi Chen, Yele Sun, <a href=\"https:\/\/www.sciencedirect.com\/science\/article\/abs\/pii\/S0360132325015677?via%3Dihub\">Dynamic evolution of organic aerosols and gaseous compounds from thirdhand smoke<\/a>, Building and Environment, Volume 289, 2026, 114101, ISSN 0360-1323<\/p>\n<p style=\"text-align: justify\"><a href=\"#_ftnref5\" name=\"_ftn5\">[5]<\/a>Stanislas Deve, <a href=\"https:\/\/www.pourquoidocteur.fr\/Articles\/Question-d-actu\/53396-Fumee-tertiaire-toxicite-tabac-s-incruste-loin-qu-on-pense\">Fum\u00e9e tertiaire : quand la toxicit\u00e9 du tabac s&rsquo;incruste plus loin qu&rsquo;on ne le pense<\/a>, Pourquoi Docteur, publi\u00e9 le 11 d\u00e9cembre 2025, consult\u00e9 le 6 janvier 2026<\/p>\n<p style=\"text-align: justify\"><strong style=\"color: #999999\"><a style=\"color: #999999\" href=\"http:\/\/www.cnct.fr\/\" target=\"_blank\" rel=\"noopener noreferrer\">Comit\u00e9 national contre le tabagisme |<\/a><\/strong><\/p>\n","protected":false},"excerpt":{"rendered":"<p>This phenomenon, less well-known than traditional secondhand smoke, is now the subject of the world&#039;s first law specifically designed to limit its effects. California Assembly Bill 455, sponsored by Representative Liz Ortega (San Francisco), unanimously passed and was enacted on October 3, 2025, requires sellers of real estate to disclose any known history of thirdhand smoke or vaping residue when selling a property.<\/p>","protected":false},"featured_media":25929,"template":"","tags":[],"thematique":[491,474],"class_list":["post-25926","actualites","type-actualites","status-publish","has-post-thumbnail","hentry","thematique-politiques-publiques","thematique-sante"],"acf":[],"_links":{"self":[{"href":"https:\/\/www.generationsanstabac.org\/en\/wp-json\/wp\/v2\/actualites\/25926","targetHints":{"allow":["GET"]}}],"collection":[{"href":"https:\/\/www.generationsanstabac.org\/en\/wp-json\/wp\/v2\/actualites"}],"about":[{"href":"https:\/\/www.generationsanstabac.org\/en\/wp-json\/wp\/v2\/types\/actualites"}],"version-history":[{"count":3,"href":"https:\/\/www.generationsanstabac.org\/en\/wp-json\/wp\/v2\/actualites\/25926\/revisions"}],"predecessor-version":[{"id":25933,"href":"https:\/\/www.generationsanstabac.org\/en\/wp-json\/wp\/v2\/actualites\/25926\/revisions\/25933"}],"wp:featuredmedia":[{"embeddable":true,"href":"https:\/\/www.generationsanstabac.org\/en\/wp-json\/wp\/v2\/media\/25929"}],"wp:attachment":[{"href":"https:\/\/www.generationsanstabac.org\/en\/wp-json\/wp\/v2\/media?parent=25926"}],"wp:term":[{"taxonomy":"post_tag","embeddable":true,"href":"https:\/\/www.generationsanstabac.org\/en\/wp-json\/wp\/v2\/tags?post=25926"},{"taxonomy":"thematique","embeddable":true,"href":"https:\/\/www.generationsanstabac.org\/en\/wp-json\/wp\/v2\/thematique?post=25926"}],"curies":[{"name":"wp","href":"https:\/\/api.w.org\/{rel}","templated":true}]}}