{"id":25909,"date":"2026-01-07T07:00:57","date_gmt":"2026-01-07T06:00:57","guid":{"rendered":"https:\/\/www.generationsanstabac.org\/?post_type=actualites&#038;p=25909"},"modified":"2026-01-05T12:23:20","modified_gmt":"2026-01-05T11:23:20","slug":"au-senegal-une-baisse-du-tabagisme-des-adultes-mais-des-efforts-encore-necessaires","status":"publish","type":"actualites","link":"https:\/\/www.generationsanstabac.org\/en\/actualites\/au-senegal-une-baisse-du-tabagisme-des-adultes-mais-des-efforts-encore-necessaires\/","title":{"rendered":"In Senegal, there has been a decrease in adult smoking, but further efforts are needed."},"content":{"rendered":"<p style=\"text-align: justify\"><em>Une enqu\u00eate r\u00e9cente indique que les lois antitabac nationales et les autres mesures de lutte contre le tabagisme qui se rattachent au trait\u00e9 de l\u2019OMS mises en \u0153uvre au S\u00e9n\u00e9gal ont contribu\u00e9 \u00e0 une baisse significative de la consommation de tabac<a href=\"#_ftn1\" name=\"_ftnref1\"><strong>[1]<\/strong><\/a>. Toutefois, les r\u00e9sultats soulignent que des actions compl\u00e9mentaires restent n\u00e9cessaires afin de consolider les progr\u00e8s r\u00e9alis\u00e9s et d\u2019en assurer la p\u00e9rennit\u00e9.<\/em><\/p>\n<h2 style=\"text-align: justify\">Une faible pr\u00e9valence tabagique au S\u00e9n\u00e9gal, gr\u00e2ce \u00e0 l\u2019application des mesures de la CCLAT<\/h2>\n<p style=\"text-align: justify\">Ayant ratifi\u00e9 la Convention-cadre pour la lutte antitabac (CCLAT) de l\u2019OMS le 27 janvier 2005, le S\u00e9n\u00e9gal a progressivement appliqu\u00e9 des mesures antitabac strictes, telle l\u2019interdiction de vente de tabac aux mineurs et de vente de cigarettes \u00e0 l\u2019unit\u00e9, ou encore l\u2019int\u00e9gration dans sa l\u00e9gislation de l\u2019obligation de prot\u00e9ger ses politiques publiques de l\u2019interf\u00e9rence de l\u2019industrie du tabac, conform\u00e9ment \u00e0 l\u2019article 5.3 de la CCLAT.<\/p>\n<p style=\"text-align: justify\">Le S\u00e9n\u00e9gal a aussi plus particuli\u00e8rement adopt\u00e9 les mesures du programme MPOWER de l\u2019OMS, un ensemble de six mesures techniques extraites de la CCLAT visant \u00e0 r\u00e9duire la demande de tabac<a href=\"#_ftn2\" name=\"_ftnref2\">[2]<\/a>\u00a0:<\/p>\n<p style=\"text-align: justify\">Depuis 2002, le S\u00e9n\u00e9gal assure ainsi un suivi r\u00e9gulier de la consommation de tabac chez les jeunes, avec l\u2019Enqu\u00eate mondiale sur le tabagisme chez les jeunes (Global Youth Tobacco Survey \u2013 GYTS). Depuis 2015, le pays surveille de surcro\u00eet r\u00e9guli\u00e8rement la consommation de tabac chez les adultes dans le cadre de son Plan strat\u00e9gique national de lutte antitabac 2018-2023, notamment gr\u00e2ce \u00e0 l\u2019Enqu\u00eate mondiale sur le tabagisme chez les adultes (Global Adult Tobacco Survey \u2013 GATS). Celle-ci constitue un outil cl\u00e9 pour conna\u00eetre les tendances de consommation, \u00e9valuer l\u2019efficacit\u00e9 des politiques publiques et identifier les domaines n\u00e9cessitant un renforcement des interventions.<\/p>\n<p style=\"text-align: justify\">Men\u00e9e pour la premi\u00e8re fois en 2015, puis renouvel\u00e9e en 2023, cette enqu\u00eate a mis en \u00e9vidence l\u2019impact positif de la politique s\u00e9n\u00e9galaise de r\u00e9duction du tabagisme\u00a0: les r\u00e9sultats les plus r\u00e9cents montrent une diminution de plus de 25 % de la consommation de tabac chez les adultes depuis 2015. En 2023, 4,4 % des adultes s\u00e9n\u00e9galais (8,2 % des hommes et 0,8 % des femmes) \u00e9taient consommateurs de tabac (tabac \u00e0 fumer, sans fum\u00e9e et\/ou tabac chauff\u00e9), un niveau parmi les plus faibles du continent africain<a href=\"#_ftn3\" name=\"_ftnref3\">[3]<\/a>.<\/p>\n<p style=\"text-align: justify\">En outre, la loi antitabac de 2014 interdit de fumer dans les lieux publics, en particulier dans et autour des \u00e9tablissements de sant\u00e9, les b\u00e2timents administratifs et les \u00e9tablissements scolaires. \u00c0 cela s\u2019ajoutent les autres lieux \u00e0 usage ou qui constituent des lieux de travail. Ainsi des actions de sensibilisation et de contr\u00f4le sont r\u00e9guli\u00e8rement men\u00e9es, notamment dans les restaurants, bars et discoth\u00e8ques, afin d\u2019en assurer l\u2019application.<\/p>\n<p style=\"text-align: justify\">Par ailleurs, dans une optique d\u2019information des consommateurs mais aussi de pr\u00e9vention \u00e0 l\u2019\u00e9gard de l\u2019entourage des fumeurs, des avertissements sanitaires illustr\u00e9s couvrant 70 % des surfaces principales des paquets ont \u00e9t\u00e9 introduits en 2017 afin de renforcer l\u2019information sur les risques li\u00e9s au tabac.<\/p>\n<p style=\"text-align: justify\">De plus, pour soutenir l\u2019arr\u00eat du tabac, un num\u00e9ro vert du minist\u00e8re de la Sant\u00e9 est affich\u00e9 sur les paquets de cigarettes et des formations au sevrage tabagique sont propos\u00e9es aux professionnels de sant\u00e9.<\/p>\n<p style=\"text-align: justify\">Le S\u00e9n\u00e9gal applique aussi une interdiction totale de la publicit\u00e9, de la promotion et du parrainage en faveur du tabac depuis 2014.<\/p>\n<p style=\"text-align: justify\">Enfin, la fiscalit\u00e9 sur les produits du tabac a \u00e9galement \u00e9t\u00e9 renforc\u00e9e, avec une hausse de la taxe d\u2019accise de 45 % \u00e0 65 % en 2015, augmentant ainsi le prix des paquets de cigarettes et les rendant moins abordables, en particulier pour les jeunes adultes et les populations \u00e0 faibles revenus.<\/p>\n<h2 style=\"text-align: justify\">Des mesures renforc\u00e9es sont cependant n\u00e9cessaires face \u00e0 un marketing agressif de l\u2019industrie et la permanence d\u2019une exposition au tabagisme passif<\/h2>\n<p style=\"text-align: justify\">Malgr\u00e9 ces mesures combin\u00e9es qui ont men\u00e9 \u00e0 cette diminution de la pr\u00e9valence, l\u2019enqu\u00eate rel\u00e8ve que l\u2019industrie du tabac ne demeure pas inerte. Cette derni\u00e8re d\u00e9veloppe, comme dans l\u2019ensemble des pays \u00e0 l\u2019\u00e9chelle internationale, une strat\u00e9gie active de promotion de nouveaux produits du tabac et de la nicotine, tels que les cigarettes \u00e9lectroniques, les sachets de nicotine et les produits du tabac chauff\u00e9. Deux cigarettiers se distinguent tout particuli\u00e8rement, Philip Morris International (PMI) et British American Tobacco (BAT).<\/p>\n<p style=\"text-align: justify\">Ces nouveaux produits sont commercialis\u00e9s au S\u00e9n\u00e9gal par des canaux susceptibles de toucher les jeunes, en particulier les r\u00e9seaux sociaux, le parrainage et des promotions lors d\u2019\u00e9v\u00e9nements culturels tels les festivals et les concerts, mais aussi via le recours \u00e0 des ar\u00f4mes et des emballages attrayants.<\/p>\n<p style=\"text-align: justify\">Par ailleurs, l&rsquo;enqu\u00eate a r\u00e9v\u00e9l\u00e9 que l\u2019application des interdictions de fumer demeurait insuffisante. Ainsi, environ un adulte sur cinq travaillant dans un lieu int\u00e9rieur et\/ou fr\u00e9quentant les restaurants demeure expos\u00e9 au tabagisme passif et pr\u00e8s de 75 % des adultes ont d\u00e9clar\u00e9 l\u2019\u00eatre dans les bo\u00eetes de nuit et les bars. Or, comme le rappellent les dispositions de la CCLAT, l\u2019exposition au tabagisme passif \u00ab entra\u00eene la maladie, l\u2019incapacit\u00e9 et la mort \u00bb.<\/p>\n<p style=\"text-align: justify\">Dans ce contexte, Bintou Camara Bityeki, directrice des programmes Afrique de l\u2019ONG antitabac Campaign for Tobacco-Free Kids, salue les progr\u00e8s r\u00e9alis\u00e9s par le S\u00e9n\u00e9gal tout en appelant \u00e0 l\u2019adoption de mesures r\u00e9glementaires suppl\u00e9mentaires, notamment l\u2019adoption d\u2019amendements propos\u00e9s pour renforcer la loi antitabac avec\u00a0l\u2019extension des espaces publics sans tabac et leur application, afin de renforcer la protection de la population et de poursuivre la r\u00e9duction du tabagisme.<\/p>\n<p style=\"text-align: justify\">Si le S\u00e9n\u00e9gal est l\u2019un des pays d\u2019Afrique les plus en pointe en mati\u00e8re de lutte antitabac, les moyens d\u00e9volus \u00e0 la lutte contre le tabagisme demeurent cependant tr\u00e8s limit\u00e9s. <a href=\"https:\/\/www.generationsanstabac.org\/fr\/actualites\/le-tabagisme-coute-185-millions-deuros-au-senegal\/\">Le minist\u00e8re de la Sant\u00e9\u00a0s\u00e9n\u00e9galais ne consacrait que 40 000 euros \u00e0 la lutte contre le tabac en 2024, amenant l\u2019Institut panafricain pour la citoyennet\u00e9, les consommateurs et le d\u00e9veloppement (CICODEV Afrique) \u00e0 demander un meilleur financement de la lutte antitabac<\/a>, faute de quoi les progr\u00e8s r\u00e9alis\u00e9s risquent d\u2019\u00eatre rapidement remis en cause.<\/p>\n<p style=\"text-align: justify\"><strong style=\"text-align: justify\"><a href=\"https:\/\/www.generationsanstabac.org\/\">\u00a9G\u00e9n\u00e9ration Sans Tabac<\/a><\/strong><\/p>\n<p style=\"text-align: right\"><em><strong>AD<\/strong><\/em><\/p>\n<hr \/>\n<p style=\"text-align: justify\"><a href=\"#_ftnref1\" name=\"_ftn1\">[1]<\/a>Bintou Camara Bityeki, <a href=\"https:\/\/www.tobaccofreekids.org\/press-releases\/2025_12_29_survey-finds-senegals-tobacco-control-laws-are-working-but-further-action-needed-to-keep-up-progress\">Survey Finds Senegal\u2019s Tobacco Control Laws are Working, But Further Action Needed to Keep Up Progress<\/a>, Campaign for Tobacco-Free Kids, publi\u00e9 le 29 d\u00e9cembre 2025, consult\u00e9 le 31 d\u00e9cembre 2025<\/p>\n<p style=\"text-align: justify\"><a href=\"#_ftnref2\" name=\"_ftn2\">[2]<\/a>GATS \u2013 Global Adult Tobacco Survey, <a href=\"https:\/\/drupal.gtssacademy.org\/wp-content\/uploads\/2025\/12\/GATS_Senegal_2023v2015_FactSheet_ENG-10NOV2025.pdf\">Comparison Fact Sheet Senegal 2015 &amp; 2023<\/a>, publi\u00e9 le 10 novembre 2025, consult\u00e9 le 31 d\u00e9cembre 2025<\/p>\n<p style=\"text-align: justify\"><a href=\"#_ftnref3\" name=\"_ftn3\">[3]<\/a>GATS \u2013 Global Adult Tobacco Survey, <a href=\"https:\/\/drupal.gtssacademy.org\/wp-content\/uploads\/2025\/12\/GATS_Senegal_2023_FactSheet_ENG-10NOV2025.pdf\">Fact Sheet Senegal 2023<\/a>, publi\u00e9 le 10 novembre 2025, consult\u00e9 le 31 d\u00e9cembre 2025<\/p>\n<p style=\"text-align: justify\"><strong style=\"color: #999999\"><a style=\"color: #999999\" href=\"http:\/\/www.cnct.fr\/\" target=\"_blank\" rel=\"noopener noreferrer\">Comit\u00e9 national contre le tabagisme |<\/a><\/strong><\/p>\n","protected":false},"excerpt":{"rendered":"<p>A recent survey indicates that national anti-smoking laws and other tobacco control measures related to the WHO treaty implemented in Senegal have contributed to a significant decrease in tobacco consumption. However, the results highlight that further action is still needed to consolidate and sustain these gains.<\/p>","protected":false},"featured_media":25912,"template":"","tags":[],"thematique":[491,474],"class_list":["post-25909","actualites","type-actualites","status-publish","has-post-thumbnail","hentry","thematique-politiques-publiques","thematique-sante"],"acf":[],"_links":{"self":[{"href":"https:\/\/www.generationsanstabac.org\/en\/wp-json\/wp\/v2\/actualites\/25909","targetHints":{"allow":["GET"]}}],"collection":[{"href":"https:\/\/www.generationsanstabac.org\/en\/wp-json\/wp\/v2\/actualites"}],"about":[{"href":"https:\/\/www.generationsanstabac.org\/en\/wp-json\/wp\/v2\/types\/actualites"}],"version-history":[{"count":1,"href":"https:\/\/www.generationsanstabac.org\/en\/wp-json\/wp\/v2\/actualites\/25909\/revisions"}],"predecessor-version":[{"id":25913,"href":"https:\/\/www.generationsanstabac.org\/en\/wp-json\/wp\/v2\/actualites\/25909\/revisions\/25913"}],"wp:featuredmedia":[{"embeddable":true,"href":"https:\/\/www.generationsanstabac.org\/en\/wp-json\/wp\/v2\/media\/25912"}],"wp:attachment":[{"href":"https:\/\/www.generationsanstabac.org\/en\/wp-json\/wp\/v2\/media?parent=25909"}],"wp:term":[{"taxonomy":"post_tag","embeddable":true,"href":"https:\/\/www.generationsanstabac.org\/en\/wp-json\/wp\/v2\/tags?post=25909"},{"taxonomy":"thematique","embeddable":true,"href":"https:\/\/www.generationsanstabac.org\/en\/wp-json\/wp\/v2\/thematique?post=25909"}],"curies":[{"name":"wp","href":"https:\/\/api.w.org\/{rel}","templated":true}]}}