{"id":25682,"date":"2025-12-11T15:30:27","date_gmt":"2025-12-11T14:30:27","guid":{"rendered":"https:\/\/www.generationsanstabac.org\/?post_type=actualites&#038;p=25682"},"modified":"2025-12-11T15:18:40","modified_gmt":"2025-12-11T14:18:40","slug":"vapotage-des-usages-en-hausse-et-un-besoin-renforce-daccompagnement","status":"publish","type":"actualites","link":"https:\/\/www.generationsanstabac.org\/en\/actualites\/vapotage-des-usages-en-hausse-et-un-besoin-renforce-daccompagnement\/","title":{"rendered":"Vaping: increased usage and a greater need for support"},"content":{"rendered":"<p style=\"text-align: justify\"><em>En 2024, 7,9 % des adultes de 18 \u00e0 79 ans ont d\u00e9clar\u00e9 vapoter et 6,1 % en faisaient un usage quotidien, confirmant une tendance \u00e0 la hausse depuis 2016. Les usages \u00e9taient plus fr\u00e9quents dans les cat\u00e9gories socio-\u00e9conomiques les plus d\u00e9favoris\u00e9es, o\u00f9 la pr\u00e9valence quotidienne atteignait 8,2 %. Sur le plan r\u00e9gional, la Bretagne et la Corse figuraient parmi les territoires les plus touch\u00e9s, avec respectivement 9,1 % et 10 % de vapoteurs quotidiens. Enfin, pr\u00e8s d\u2019un vapoteur quotidien sur deux continuait de fumer du tabac (47,7 %), ce qui annule en grande<\/em> <em>partie les b\u00e9n\u00e9fices attendus en mati\u00e8re de r\u00e9duction des risques.<\/em><\/p>\n<p style=\"text-align: justify\">Les r\u00e9sultats pr\u00e9sent\u00e9s proviennent du Barom\u00e8tre de Sant\u00e9 publique France 2024<a href=\"#_ftn1\" name=\"_ftnref1\">[1]<\/a>, une enqu\u00eate nationale de grande ampleur visant \u00e0 mesurer les comportements de sant\u00e9 de la population adulte. L\u2019\u00e9dition 2024 s\u2019appuie sur un \u00e9chantillon repr\u00e9sentatif des personnes \u00e2g\u00e9es de 18 \u00e0 79 ans r\u00e9sidant en France, au sein de l\u2019Hexagone et dans les collectivit\u00e9s ultra-marines. La repr\u00e9sentativit\u00e9 de l\u2019\u00e9chantillon est assur\u00e9e par une proc\u00e9dure de sondage al\u00e9atoire et par le redressement statistique des donn\u00e9es, prenant en compte le sexe, l\u2019\u00e2ge, la r\u00e9gion et le mode de collecte.<\/p>\n<h2 style=\"text-align: justify\"><strong>Une exp\u00e9rimentation du vapotage tr\u00e8s r\u00e9pandue, surtout chez les jeunes adultes<\/strong><\/h2>\n<p style=\"text-align: justify\">L\u2019\u00e9dition 2024 du Barom\u00e8tre de Sant\u00e9 publique France confirme l\u2019ancrage du vapotage dans les comportements des adultes, avec un niveau d\u2019exp\u00e9rimentation particuli\u00e8rement \u00e9lev\u00e9. En 2024, 37,5 % des personnes \u00e2g\u00e9es de 18 \u00e0 79 ans d\u00e9clarent avoir d\u00e9j\u00e0 essay\u00e9 une cigarette \u00e9lectronique, ne serait-ce qu\u2019une seule bouff\u00e9e. Cette diffusion large t\u00e9moigne de l\u2019installation durable de ces produits dans le paysage nicotinique fran\u00e7ais, plus de dix ans apr\u00e8s leur arriv\u00e9e sur le march\u00e9. L\u2019exp\u00e9rimentation reste plus fr\u00e9quente chez les hommes (40,3 %) que chez les femmes (34,8 %), ce qui reproduit en partie les \u00e9carts traditionnellement observ\u00e9s dans la consommation de tabac.<\/p>\n<p style=\"text-align: justify\">L\u2019exp\u00e9rimentation des puffs &#8211; cigarettes \u00e9lectroniques jetables -, con\u00e7ues pour \u00eatre faciles d\u2019utilisation et souvent commercialis\u00e9es avec des ar\u00f4mes attractifs, constitue un marqueur particuli\u00e8rement r\u00e9v\u00e9lateur des dynamiques d\u2019usage. En 2024, 13,6 % des adultes d\u00e9clarent avoir essay\u00e9 une puff, mais cette moyenne masque de fortes variations selon les g\u00e9n\u00e9rations. Parmi les 18-29 ans, plus d\u2019un tiers (35,5 %) rapporte avoir exp\u00e9riment\u00e9 ce type de produit, soit une pr\u00e9valence nettement sup\u00e9rieure \u00e0 celle observ\u00e9e dans les autres tranches d\u2019\u00e2ge. La proportion chute \u00e0 19,6 % chez les 30-39 ans, puis continue de diminuer rapidement \u00e0 mesure que l\u2019\u00e2ge augmente, jusqu\u2019\u00e0 devenir marginale chez les plus de 60 ans. Cette distribution t\u00e9moigne clairement de l\u2019attractivit\u00e9 du vapotage jetable aupr\u00e8s des jeunes adultes, population particuli\u00e8rement sensible aux innovations de march\u00e9, aux dispositifs per\u00e7us comme plus simples \u00e0 utiliser et aux strat\u00e9gies marketing centr\u00e9es sur les ar\u00f4mes avec des go\u00fbts sucr\u00e9s, fruit\u00e9s ou exotiques.<\/p>\n<p style=\"text-align: justify\">Ces r\u00e9sultats prennent une dimension particuli\u00e8re dans le contexte de l\u2019interdiction des puffs en France entr\u00e9e en vigueur en f\u00e9vrier 2025. Le niveau \u00e9lev\u00e9 d\u2019exp\u00e9rimentation observ\u00e9 chez les 18-29 ans en 2024 correspond ainsi \u00e0 la p\u00e9riode pr\u00e9c\u00e9dant cette mesure. Les prochaines \u00e9ditions du Barom\u00e8tre permettront d\u2019\u00e9valuer si l\u2019interdiction entra\u00eene une baisse effective de l\u2019acc\u00e8s et de l\u2019usage de ces produits en particulier voire des cigarettes \u00e9lectroniques, ou si d\u2019autres voies d\u2019approvisionnement \u2013 notamment en ligne ou via le march\u00e9 illicite \u2013 se substituent \u00e0 la vente l\u00e9gale. De m\u00eame l\u2019alternative \u00e0 l\u2019usage des nouveaux produits \u00ab\u00a0semi-jetables\u00a0\u00bb mis sur le march\u00e9 par les fabricants pr\u00e9sentant des caract\u00e9ristiques proches de celles des cigarettes jetables n\u00e9cessitera d\u2019\u00eatre \u00e9valu\u00e9e. Cette surveillance sera d\u00e9terminante pour mesurer la capacit\u00e9 des politiques publiques \u00e0 r\u00e9pondre aux strat\u00e9gies d\u2019adaptation des industriels et \u00e0 limiter l\u2019exposition des jeunes aux produits nicotiniques.<\/p>\n<h2 style=\"text-align: justify\"><strong>Une pr\u00e9valence du vapotage en hausse, marqu\u00e9e par de fortes disparit\u00e9s sociales et territoriales<\/strong><\/h2>\n<p style=\"text-align: justify\">En 2024, le vapotage poursuit sa progression en France, avec 7,9 % d\u2019adultes d\u00e9clarant vapoter et 6,1 % d\u00e9clarant un usage quotidien. Cette augmentation s\u2019inscrit dans la tendance observ\u00e9e depuis plusieurs ann\u00e9es et concerne davantage les hommes que les femmes, ainsi que les adultes \u00e2g\u00e9s de 18 \u00e0 49 ans, parmi lesquels la pr\u00e9valence quotidienne demeure proche de 8 %. Au-del\u00e0 de cette dynamique g\u00e9n\u00e9rale, les r\u00e9sultats mettent en \u00e9vidence des in\u00e9galit\u00e9s particuli\u00e8rement marqu\u00e9es selon les conditions socio-\u00e9conomiques. Le vapotage quotidien atteint ainsi 8,2 % chez les personnes d\u00e9clarant une situation financi\u00e8re difficile, contre 4,2 % parmi celles se disant \u00e0 l\u2019aise. De m\u00eame, les ouvriers et les employ\u00e9s pr\u00e9sentent des niveaux d\u2019usage plus \u00e9lev\u00e9s que celui des cadres, traduisant une exposition accrue \u00e0 la consommation de nicotine dans les milieux les plus vuln\u00e9rables. Ces constats font \u00e9cho aux in\u00e9galit\u00e9s bien document\u00e9es en mati\u00e8re de tabagisme et rappellent l\u2019importance d\u2019intensifier les actions de pr\u00e9vention et d\u2019accompagnement aupr\u00e8s des populations fragilis\u00e9es. Cela suppose \u00e9galement de renforcer la promotion, aupr\u00e8s de ces publics particuli\u00e8rement touch\u00e9s et souvent p\u00e9nalis\u00e9s \u00e9conomiquement par la consommation de produits nicotiniques, des dispositifs d\u2019aide \u00e0 l\u2019arr\u00eat qui sont valid\u00e9s, sans risques et pris en charge par l\u2019assurance maladie. Mettre ces outils en avant constitue un levier essentiel pour r\u00e9duire les in\u00e9galit\u00e9s de sant\u00e9 et soutenir une diminution r\u00e9elle et durable de la d\u00e9pendance.<\/p>\n<p style=\"text-align: justify\">Les disparit\u00e9s observ\u00e9es se prolongent \u00e9galement sur le plan g\u00e9ographique. La pr\u00e9valence du vapotage quotidien varie fortement d\u2019une r\u00e9gion \u00e0 l\u2019autre, oscillant entre 4,6 % et 10 %. Certaines r\u00e9gions, telles que l\u2019Auvergne\u2013Rh\u00f4ne-Alpes ou le Grand Est, pr\u00e9sentent des niveaux inf\u00e9rieurs \u00e0 la moyenne nationale. \u00c0 l\u2019inverse, la Normandie, la Nouvelle-Aquitaine, la Bretagne et la Corse affichent des pr\u00e9valences nettement plus \u00e9lev\u00e9es, cette derni\u00e8re atteignant m\u00eame 10 %. Cette h\u00e9t\u00e9rog\u00e9n\u00e9it\u00e9 t\u00e9moigne de facteurs locaux susceptibles d\u2019influencer les comportements : disponibilit\u00e9 des produits, contextes socio-\u00e9conomiques, normes sociales, strat\u00e9gies commerciales ou encore diff\u00e9rences d\u2019acc\u00e8s \u00e0 l\u2019information et aux dispositifs de pr\u00e9vention. Elle souligne la n\u00e9cessit\u00e9 de d\u00e9velopper des approches territorialis\u00e9es, adapt\u00e9es aux r\u00e9alit\u00e9s r\u00e9gionales, afin de mieux r\u00e9pondre aux besoins sp\u00e9cifiques de chaque population.<\/p>\n<h2 style=\"text-align: justify\"><strong>Un lien \u00e9troit entre vapotage et tabagisme qui limite les b\u00e9n\u00e9fices attendus<\/strong><\/h2>\n<p style=\"text-align: justify\">Le profil des consommateurs montre par ailleurs que 47,7% sont d\u2019anciens fumeurs qui continuent \u00e0 consommer ces produits \u00e0 la nicotine. Ce cumul des consommations limite fortement les b\u00e9n\u00e9fices attendus en mati\u00e8re de r\u00e9duction des risques : tant que le tabac combustible reste pr\u00e9sent, m\u00eame de mani\u00e8re ponctuelle, les effets sanitaires li\u00e9s \u00e0 la consommation de tabac persistent et la dimension de r\u00e9duction de risques ne peut s\u2019appliquer. La proportion de personnes n\u2019ayant jamais fum\u00e9 est relativement faible mais repr\u00e9sente n\u00e9anmoins 2,8 % des vapoteurs quotidiens.<\/p>\n<p style=\"text-align: justify\">Cette imbrication des usages traduit des trajectoires complexes, o\u00f9 le vapotage peut soit accompagner une d\u00e9marche d\u2019arr\u00eat, soit prolonger, voire renforcer, la d\u00e9pendance \u00e0 la nicotine. Plusieurs travaux montrent que l\u2019usage simultan\u00e9 de tabac et de cigarette \u00e9lectronique expose les individus \u00e0 un risque accru de maintien dans la consommation et \u00e0 une probabilit\u00e9 plus \u00e9lev\u00e9e de rechute chez les personnes ayant tent\u00e9 d\u2019arr\u00eater. Dans ce contexte, le vapotage ne peut jouer un r\u00f4le positif qu\u2019\u00e0 la condition d\u2019\u00eatre inscrit dans une strat\u00e9gie claire et accompagn\u00e9e d\u2019arr\u00eat complet du tabac, en s\u2019appuyant sur les dispositifs de prise en charge valid\u00e9s et rembours\u00e9s et en inscrivant l\u2019arr\u00eat m\u00eame du vapotage \u00e0 plus ou moins long terme dans la strat\u00e9gie de prise en charge.<\/p>\n<p style=\"text-align: justify\">L\u2019ancrage pr\u00e9coce du vapotage dans les habitudes des jeunes adultes constitue \u00e9galement un enjeu majeur. Les donn\u00e9es montrent que les plus jeunes constituent le groupe o\u00f9 l\u2019exp\u00e9rimentation du vapotage est la plus r\u00e9pandue, et plusieurs \u00e9tudes ont document\u00e9 le r\u00f4le possible de la cigarette \u00e9lectronique comme porte d\u2019entr\u00e9e vers le tabagisme. Les jeunes apparaissent particuli\u00e8rement vuln\u00e9rables aux produits aromatis\u00e9s, aux dispositifs faciles d\u2019usage et aux strat\u00e9gies promotionnelles qui valorisent ces produits sur le plan social ou esth\u00e9tique. L\u2019ampleur de l\u2019exp\u00e9rimentation observ\u00e9e en 2024 souligne l\u2019importance de renforcer les actions de pr\u00e9vention, notamment en mati\u00e8re d\u2019information sur les risques associ\u00e9s au vapotage, de contr\u00f4le des pratiques commerciales visant les mineurs et les jeunes adultes, et de soutien aux dispositifs d\u2019accompagnement de l\u2019arr\u00eat pour pr\u00e9venir l\u2019installation d\u2019une d\u00e9pendance durable \u00e0 la nicotine. L\u2019enjeu est d\u2019autant plus important que l\u2019entr\u00e9e pr\u00e9coce dans la consommation de nicotine, quelle qu\u2019en soit la forme, augmente la probabilit\u00e9 d\u2019un maintien \u00e0 long terme de l\u2019addiction.<\/p>\n<p style=\"text-align: justify\">Ces constats convergent pour rappeler l\u2019importance d\u2019orienter les consommateurs, et en particulier les publics les plus vuln\u00e9rables, vers les m\u00e9thodes d\u2019aide \u00e0 l\u2019arr\u00eat dont l\u2019efficacit\u00e9 est \u00e9tablie, comme les traitements de substitutions nicotiniques de type timbres, gommes, spray, coupl\u00e9s \u00e0 une prise en charge cognitivo-comportementale. De nouveaux traitements valid\u00e9s sont \u00e9galement disponibles \u00e9largissant les capacit\u00e9s des professionnels de sant\u00e9 dans leur prise en charge des fumeurs<a href=\"#_ftn2\" name=\"_ftnref2\">[2]<\/a>. Renforcer l\u2019acc\u00e8s \u00e0 ces dispositifs, et mieux informer sur leur efficacit\u00e9, constitue un levier essentiel pour r\u00e9duire \u00e0 la fois les usages combin\u00e9s et les risques sanitaires associ\u00e9s, tout en \u00e9vitant que la cigarette \u00e9lectronique ne devienne un facteur de maintien ou de renormalisation de la consommation de nicotine.<\/p>\n<p style=\"text-align: justify\"><strong style=\"text-align: justify\"><a href=\"https:\/\/www.generationsanstabac.org\/\">\u00a9G\u00e9n\u00e9ration Sans Tabac<\/a><\/strong><\/p>\n<p style=\"text-align: right\"><em><strong>AE<\/strong><\/em><\/p>\n<hr \/>\n<p style=\"text-align: justify\"><a href=\"#_ftnref1\" name=\"_ftn1\">[1]<\/a> A. Pasquereau, R. Guignard, R. Andler, V. Nguyen-Thanh. Vapotage : usage et \u00e9volutions r\u00e9centes. In Barom\u00e8tre de Sant\u00e9 publique France : r\u00e9sultats de l\u2019\u00e9dition 2024. Saint-Maurice: Sant\u00e9 publique France; 2025 : 8 p. Disponible \u00e0 partir de l\u2019URL: http:\/\/www.santepubliquefrance.fr<\/p>\n<p style=\"text-align: justify\"><a href=\"#_ftnref2\" name=\"_ftn2\">[2]<\/a> G\u00e9n\u00e9ration sans tabac, <a href=\"https:\/\/www.generationsanstabac.org\/fr\/actualites\/arret-du-tabac-loms-recommande-dassocier-les-interventions-comportementales-aux-traitements-pharmacologiques\/\">Arr\u00eat du tabac : l\u2019OMS recommande d\u2019associer les interventions comportementales aux traitements pharmacologiques<\/a>, publi\u00e9 le 15 ao\u00fbt 2024, consult\u00e9 le 11 d\u00e9cembre 2025<\/p>\n<p><strong style=\"color: #999999\"><a style=\"color: #999999\" href=\"http:\/\/www.cnct.fr\/\" target=\"_blank\" rel=\"noopener noreferrer\">Comit\u00e9 national contre le tabagisme |<\/a><\/strong><\/p>\n","protected":false},"excerpt":{"rendered":"<p>In 2024, 7.9% of adults aged 18 to 79 reported vaping, and 6.1% used it daily, confirming an upward trend since 2016. Use was more frequent in the most disadvantaged socioeconomic categories, where the daily prevalence reached 8.2%. Regionally, Brittany and Corsica were among the most affected areas, with 9.1% and 10% of daily vapers, respectively. Finally, nearly half of daily vapers continued to smoke tobacco (47.7%), largely negating the expected harm reduction benefits.<\/p>","protected":false},"featured_media":25198,"template":"","tags":[],"thematique":[474],"class_list":["post-25682","actualites","type-actualites","status-publish","has-post-thumbnail","hentry","thematique-sante"],"acf":[],"_links":{"self":[{"href":"https:\/\/www.generationsanstabac.org\/en\/wp-json\/wp\/v2\/actualites\/25682","targetHints":{"allow":["GET"]}}],"collection":[{"href":"https:\/\/www.generationsanstabac.org\/en\/wp-json\/wp\/v2\/actualites"}],"about":[{"href":"https:\/\/www.generationsanstabac.org\/en\/wp-json\/wp\/v2\/types\/actualites"}],"version-history":[{"count":1,"href":"https:\/\/www.generationsanstabac.org\/en\/wp-json\/wp\/v2\/actualites\/25682\/revisions"}],"predecessor-version":[{"id":25685,"href":"https:\/\/www.generationsanstabac.org\/en\/wp-json\/wp\/v2\/actualites\/25682\/revisions\/25685"}],"wp:featuredmedia":[{"embeddable":true,"href":"https:\/\/www.generationsanstabac.org\/en\/wp-json\/wp\/v2\/media\/25198"}],"wp:attachment":[{"href":"https:\/\/www.generationsanstabac.org\/en\/wp-json\/wp\/v2\/media?parent=25682"}],"wp:term":[{"taxonomy":"post_tag","embeddable":true,"href":"https:\/\/www.generationsanstabac.org\/en\/wp-json\/wp\/v2\/tags?post=25682"},{"taxonomy":"thematique","embeddable":true,"href":"https:\/\/www.generationsanstabac.org\/en\/wp-json\/wp\/v2\/thematique?post=25682"}],"curies":[{"name":"wp","href":"https:\/\/api.w.org\/{rel}","templated":true}]}}