{"id":25525,"date":"2025-11-24T07:00:19","date_gmt":"2025-11-24T06:00:19","guid":{"rendered":"https:\/\/www.generationsanstabac.org\/?post_type=actualites&#038;p=25525"},"modified":"2025-11-24T10:02:52","modified_gmt":"2025-11-24T09:02:52","slug":"le-gouvernement-irlandais-approuve-un-projet-visant-a-interdire-les-puffs-et-reglementer-les-sachets-de-nicotine","status":"publish","type":"actualites","link":"https:\/\/www.generationsanstabac.org\/en\/actualites\/le-gouvernement-irlandais-approuve-un-projet-visant-a-interdire-les-puffs-et-reglementer-les-sachets-de-nicotine\/","title":{"rendered":"The Irish government approves a plan to ban puffs and regulate nicotine pouches"},"content":{"rendered":"<p style=\"text-align: justify\"><em>Le gouvernement de la R\u00e9publique d\u2019Irlande a approuv\u00e9 un projet de loi visant \u00e0 interdire la vente de cigarettes \u00e9lectroniques jetables, dites \u00ab\u00a0puffs\u00a0\u00bb, et \u00e0 renforcer l\u2019encadrement des produits nicotiniques, dont les sachets de nicotine<a href=\"#_ftn1\" name=\"_ftnref1\"><strong>[1]<\/strong><\/a>. Cette d\u00e9cision intervient \u00e0 la suite de l\u2019interdiction des cigarettes \u00e9lectroniques jetables entr\u00e9e en vigueur en avril 2025 en Irlande du Nord, o\u00f9 la vente ou la distribution de ces produits peut entra\u00eener une peine pouvant aller jusqu\u2019\u00e0 deux ans d\u2019emprisonnement et une amende maximale de 5 000 livres sterling (5 674 \u20ac).<\/em><\/p>\n<h2 style=\"text-align: justify\">Un nouveau projet de loi contre les puffs, afin de prot\u00e9ger les jeunes<\/h2>\n<p style=\"text-align: justify\">La ministre de la Sant\u00e9, Jennifer Carroll MacNeill, a obtenu l\u2019accord du gouvernement pour rendre public le projet de loi \u00ab\u00a0Public Health (Single Use Vapes) Bill 2025\u00a0\u00bb, qui rendrait ill\u00e9gale la vente de cigarettes \u00e9lectroniques jetables dans le pays six mois apr\u00e8s sa promulgation.<\/p>\n<p style=\"text-align: justify\">Les produits vis\u00e9s sont des dispositifs pr\u00e9remplis et pr\u00e9charg\u00e9s, activ\u00e9s par inhalation et dot\u00e9s d\u2019une batterie de courte dur\u00e9e. Ils ne peuvent pas \u00eatre recharg\u00e9s, remplis ou \u00e9quip\u00e9s d\u2019une r\u00e9sistance rempla\u00e7able. Compacts, color\u00e9s, disponibles avec une grande vari\u00e9t\u00e9 d\u2019ar\u00f4mes et con\u00e7us pour \u00eatre jet\u00e9s apr\u00e8s usage, ils sont g\u00e9n\u00e9ralement destin\u00e9s \u00e0 un usage ponctuel.<\/p>\n<p style=\"text-align: justify\">L\u2019Irlande est confront\u00e9e comme les autres pays \u00e0 une forte progression du vapotage, notamment chez les jeunes. L\u2019enqu\u00eate Healthy Ireland estime ainsi que 17 % des Irlandais de 15-24 ans d\u00e9clarent vapoter quotidiennement ou occasionnellement, les gar\u00e7ons (20 %) plus que les filles (15 %)<a href=\"#_ftn2\" name=\"_ftnref2\">[2]<\/a>.<\/p>\n<p style=\"text-align: justify\">Le professeur Marcus Kennedy, pr\u00e9sident de la Soci\u00e9t\u00e9 irlandaise de pneumologie, explique que les ar\u00f4mes dans les puffs laissent penser aux adolescents que celles-ci sont peu dangereuses pour la sant\u00e9. Les adolescents et jeunes adultes sont ainsi attir\u00e9s par ces produits peu on\u00e9reux et faciles d\u2019acc\u00e8s sur les r\u00e9seaux sociaux, ignorant que leur vapeur contient des substances chimiques toxiques et canc\u00e9rig\u00e8nes, et que la nicotine est tr\u00e8s addictive.<\/p>\n<p style=\"text-align: justify\">Le professeur Des Cox, consultant en pneumologie p\u00e9diatrique au CHI Crumlin, rappelle que la nicotine peut d\u00e9velopper chez l\u2019adolescent des probl\u00e8mes de sant\u00e9 mentale tels que l\u2019anxi\u00e9t\u00e9, des troubles du sommeil et de l\u2019humeur, ainsi que des troubles de la concentration ou de la m\u00e9moire. Par ailleurs, il est d\u00e9montr\u00e9 que le vapotage est associ\u00e9 \u00e0 des probl\u00e8mes pulmonaires. Certaines \u00e9tudes pointent de possibles cons\u00e9quences cardiovasculaires.<\/p>\n<p style=\"text-align: justify\">Le professeur Kennedy alerte enfin sur le fait qu\u2019un adolescent qui vapote r\u00e9guli\u00e8rement a deux \u00e0 cinq fois plus de risques de commencer \u00e0 fumer des cigarettes. La d\u00e9pendance \u00e0 la nicotine cr\u00e9e un \u00ab\u00a0effet-passerelle\u00a0\u00bb entre les produits qui en contiennent.<\/p>\n<h2 style=\"text-align: justify\">Mesures suppl\u00e9mentaires encadrant notamment les sachets de nicotine<\/h2>\n<p style=\"text-align: justify\">Le gouvernement pr\u00e9voit \u00e9galement d\u2019interdire la vente d\u2019autres produits contenant de la nicotine, tels que les sachets de nicotine, aux personnes de moins de 18 ans. L\u2019enqu\u00eate 2025 de Healthy Ireland estime que 3 % des Irlandais de 15-24 ans en consomment<a href=\"#_ftn3\" name=\"_ftnref3\">[3]<\/a>.<\/p>\n<p style=\"text-align: justify\">Des inqui\u00e9tudes ont \u00e9t\u00e9 soulev\u00e9es quant aux risques sanitaires li\u00e9s \u00e0 ces produits, des enseignants signalant leur utilisation croissante chez les \u00e9coliers.<\/p>\n<p style=\"text-align: justify\">La publicit\u00e9 pour ces produits sera interdite dans les points de vente, pr\u00e8s des \u00e9coles, dans les transports publics et lors d\u2019\u00e9v\u00e9nements destin\u00e9s aux enfants, et les commerces g\u00e9n\u00e9ralistes ne seront plus autoris\u00e9s \u00e0 les exposer de mani\u00e8re visible.<\/p>\n<p style=\"text-align: justify\">Ces mesures seront int\u00e9gr\u00e9es dans le projet de loi \u00ab\u00a0Public Health (Tobacco Products and Nicotine Inhaling Products) (Amendment) Bill\u00a0\u00bb, qui r\u00e9glementera aussi l\u2019emballage, la pr\u00e9sentation, les ar\u00f4mes et la mise en rayon des produits contenant de la nicotine. Le cadre r\u00e9glementaire sera con\u00e7u pour s\u2019appliquer \u00e0 la fois aux produits existants et \u00e0 ceux susceptibles d\u2019\u00eatre commercialis\u00e9s \u00e0 l\u2019avenir.<\/p>\n<p style=\"text-align: justify\">Le minist\u00e8re a d\u00e9clar\u00e9 que ces nouvelles r\u00e8gles visent \u00e0 r\u00e9duire l\u2019acc\u00e8s et l\u2019attrait des produits de la nicotine aupr\u00e8s des jeunes et \u00e0 pr\u00e9venir l\u2019apparition de comportements addictifs, estimant que ces mesures constituent une \u00e9tape importante dans la r\u00e9duction de l\u2019usage de nicotine chez les mineurs, alors que le march\u00e9 de la nicotine est en constante \u00e9volution. Les autorit\u00e9s indiquent vouloir mettre en \u0153uvre ces changements dans les plus brefs d\u00e9lais.<\/p>\n<p style=\"text-align: justify\">Plusieurs \u00c9tats membres de l&rsquo;UE, dont la Belgique, <a href=\"https:\/\/www.generationsanstabac.org\/fr\/actualites\/la-france-publie-son-decret-interdisant-les-sachets-et-autres-produits-oraux-de-la-nicotine-non-pharmaceutiques\/\">la France<\/a> et les Pays-Bas, ont d\u00e9j\u00e0 interdit les sachets de nicotine, tandis que d&rsquo;autres envisagent des restrictions similaires.<\/p>\n<p style=\"text-align: justify\"><strong style=\"text-align: justify\"><a href=\"https:\/\/www.generationsanstabac.org\/\">\u00a9G\u00e9n\u00e9ration Sans Tabac<\/a><\/strong><\/p>\n<p style=\"text-align: right\"><em><strong>AD<\/strong><\/em><\/p>\n<hr \/>\n<p style=\"text-align: justify\"><a href=\"#_ftnref1\" name=\"_ftn1\">[1]<\/a>BBC, <a href=\"https:\/\/www.bbc.com\/news\/articles\/c15p5g7p1n5o\">Irish government approves plans to ban disposable vapes<\/a>, publi\u00e9 le 19 novembre 2025, consult\u00e9 le 20 novembre 2025<\/p>\n<p style=\"text-align: justify\"><a href=\"#_ftnref2\" name=\"_ftn2\">[2]<\/a>Rosalind Skillen, <a href=\"https:\/\/www.farmersjournal.ie\/life\/health\/the-vaping-epidemic-facing-young-people-891571\">The Vaping Epidemic Facing Young People<\/a>, Irish Farmers Journal, publi\u00e9 le 19 novembre 2025, consult\u00e9 le 20 novembre 2025<\/p>\n<p style=\"text-align: justify\"><a href=\"#_ftnref3\" name=\"_ftn3\">[3]<\/a>Shauna Bowers, <a href=\"https:\/\/www.irishtimes.com\/health\/2025\/11\/07\/ban-on-nicotine-pouches-under-consideration-amid-use-by-youngsters\/\">Ban on nicotine pouches under consideration amid use by youngsters<\/a>, The Irish Times, publi\u00e9 le 7 novembre 2025, consult\u00e9 le 20 novembre 2025<\/p>\n<p style=\"text-align: justify\"><strong style=\"color: #999999\"><a style=\"color: #999999\" href=\"http:\/\/www.cnct.fr\/\" target=\"_blank\" rel=\"noopener noreferrer\">Comit\u00e9 national contre le tabagisme |<\/a><\/strong><\/p>\n","protected":false},"excerpt":{"rendered":"<p>The Government of the Republic of Ireland has approved a bill to ban the sale of disposable e-cigarettes, also known as &quot;puffs,&quot; and to strengthen regulations on nicotine products, including nicotine pouches. This decision follows the ban on disposable e-cigarettes that came into effect in Northern Ireland in April 2025, where selling or distributing these products can result in a sentence of up to two years imprisonment and a maximum fine of \u00a35,000 (\u20ac5,674).<\/p>","protected":false},"featured_media":25528,"template":"","tags":[],"thematique":[491],"class_list":["post-25525","actualites","type-actualites","status-publish","has-post-thumbnail","hentry","thematique-politiques-publiques"],"acf":[],"_links":{"self":[{"href":"https:\/\/www.generationsanstabac.org\/en\/wp-json\/wp\/v2\/actualites\/25525","targetHints":{"allow":["GET"]}}],"collection":[{"href":"https:\/\/www.generationsanstabac.org\/en\/wp-json\/wp\/v2\/actualites"}],"about":[{"href":"https:\/\/www.generationsanstabac.org\/en\/wp-json\/wp\/v2\/types\/actualites"}],"version-history":[{"count":1,"href":"https:\/\/www.generationsanstabac.org\/en\/wp-json\/wp\/v2\/actualites\/25525\/revisions"}],"predecessor-version":[{"id":25529,"href":"https:\/\/www.generationsanstabac.org\/en\/wp-json\/wp\/v2\/actualites\/25525\/revisions\/25529"}],"wp:featuredmedia":[{"embeddable":true,"href":"https:\/\/www.generationsanstabac.org\/en\/wp-json\/wp\/v2\/media\/25528"}],"wp:attachment":[{"href":"https:\/\/www.generationsanstabac.org\/en\/wp-json\/wp\/v2\/media?parent=25525"}],"wp:term":[{"taxonomy":"post_tag","embeddable":true,"href":"https:\/\/www.generationsanstabac.org\/en\/wp-json\/wp\/v2\/tags?post=25525"},{"taxonomy":"thematique","embeddable":true,"href":"https:\/\/www.generationsanstabac.org\/en\/wp-json\/wp\/v2\/thematique?post=25525"}],"curies":[{"name":"wp","href":"https:\/\/api.w.org\/{rel}","templated":true}]}}