{"id":25508,"date":"2025-11-21T07:00:16","date_gmt":"2025-11-21T06:00:16","guid":{"rendered":"https:\/\/www.generationsanstabac.org\/?post_type=actualites&#038;p=25508"},"modified":"2025-11-21T10:29:55","modified_gmt":"2025-11-21T09:29:55","slug":"suisse-des-professionnels-de-la-sante-reclament-la-ratification-de-la-convention-cadre-de-loms-pour-la-lutte-antitabac","status":"publish","type":"actualites","link":"https:\/\/www.generationsanstabac.org\/en\/actualites\/suisse-des-professionnels-de-la-sante-reclament-la-ratification-de-la-convention-cadre-de-loms-pour-la-lutte-antitabac\/","title":{"rendered":"Switzerland: Health professionals call for ratification of the WHO Framework Convention on Tobacco Control"},"content":{"rendered":"<p style=\"text-align: justify\"><em>Plus de cent professionnels de la sant\u00e9 ont adress\u00e9 une lettre ouverte au Conseil f\u00e9d\u00e9ral et au Parlement pour demander la ratification \u00ab sans d\u00e9lai \u00bb de la Convention-cadre de l\u2019OMS pour la lutte antitabac (CCLAT)<a href=\"#_ftn1\" name=\"_ftnref1\"><strong>[1]<\/strong><\/a>. Plus de vingt ans apr\u00e8s l\u2019avoir sign\u00e9e, la Suisse figure parmi les rares pays qui ne sont toujours pas devenus Parties au trait\u00e9. Les 116 signataires de la lettre ouverte y expriment leur pr\u00e9occupation concernant le poids actuellement d\u00e9terminant du lobby tabac dans les politiques publiques de sant\u00e9 helv\u00e8tes mena\u00e7ant la sant\u00e9 des jeunes et appellent la Suisse \u00e0 assumer davantage de responsabilit\u00e9s vis-\u00e0-vis des g\u00e9n\u00e9rations futures. Cette d\u00e9marche intervient \u00e0 l\u2019occasion de la 11<\/em><em>\u1d49 Conf\u00e9rence des Parties (COP11) de la CCLAT qui se tient \u00e0 Gen\u00e8ve du 17 au 22 novembre 2025 et doit d\u00e9cider de la feuille de route pour la lutte antitabac mondiale.<\/em><\/p>\n<h2 style=\"text-align: justify\">En pleine COP11, une situation jug\u00e9e urgente par les professionnels de sant\u00e9<\/h2>\n<p style=\"text-align: justify\">Les auteurs de la lettre soulignent la n\u00e9cessit\u00e9 de r\u00e9duire la consommation de tabac et de mieux prot\u00e9ger les jeunes face aux produits nicotin\u00e9s, dont certains connaissent une progression rapide, comme les cigarettes \u00e9lectroniques, le snus, les sachets de nicotine et le tabac chauff\u00e9.<\/p>\n<p style=\"text-align: justify\">D\u2019apr\u00e8s l\u2019enqu\u00eate \u00ab Sant\u00e9 &amp; Style de vie 2024 \u00bb de l\u2019OFSP, 45 % des Suisses de 18-24 ans consomment d\u00e9j\u00e0 des produits du tabac ou de la nicotine. Des chiffres qui restent tr\u00e8s \u00e9lev\u00e9s, malgr\u00e9 l\u2019entr\u00e9e en vigueur de la Loi f\u00e9d\u00e9rale sur les produits du tabac (LPTab) le 1<sup>er<\/sup> octobre 2024, fournissant \u00e0 la Suisse une loi sp\u00e9cifique permettant la ratification de la CCLAT, et l\u2019interdiction en 2025 au niveau f\u00e9d\u00e9ral des \u00ab\u00a0puffs\u00a0\u00bb, ces cigarettes \u00e9lectroniques jetables que la Belgique, la France et le Royaume-Uni ont aussi fait interdire.<\/p>\n<p style=\"text-align: justify\">La d\u00e9marche des experts de sant\u00e9 s\u2019inscrit dans le contexte de la tenue, \u00e0 Gen\u00e8ve, de la <a href=\"https:\/\/www.generationsanstabac.org\/fr\/actualites\/cop11-a-geneve-une-opportunite-pour-faire-avancer-la-lutte-antitabac-dans-le-monde\/\">11<sup>e<\/sup> session de la Conf\u00e9rence des Parties de la CCLAT, le plus grand trait\u00e9 international dans l\u2019histoire des trait\u00e9s et le seul qui soit d\u00e9di\u00e9 \u00e0 la sant\u00e9 publique<\/a>, du 17 au 22 novembre 2025. Les Parties qui l\u2019ont ratifi\u00e9e se r\u00e9unissent en assembl\u00e9e g\u00e9n\u00e9rale tous les deux ans et d\u00e9cident des mesures \u00e0 mettre en \u0153uvre pour appliquer pleinement cette convention et s\u2019adapter au nouveau contexte. Des enjeux tels que la r\u00e9glementation des nouveaux produits de la nicotine, la responsabilisation juridique de l\u2019industrie, l\u2019interdiction des filtres de cigarette et la lutte contre les strat\u00e9gies de lobbying, y sont discut\u00e9s par les Parties en vue de d\u00e9cisions.<\/p>\n<h2 style=\"text-align: justify\">Appel \u00e0 la ratification et mise en \u0153uvre de la CCLAT, dans un contexte de lobbying des industriels tr\u00e8s intense<\/h2>\n<p style=\"text-align: justify\">La CCLAT pr\u00e9voit un arsenal de mesures tr\u00e8s coh\u00e9rentes qui se renforcent les unes les autres pour r\u00e9duire la consommation de tabac. Parmi ces mesures figurent ainsi les interdictions de toute forme de publicit\u00e9, parrainage, promotion, m\u00e9c\u00e9nat en faveur du tabac, un point particuli\u00e8rement probl\u00e9matique en Suisse o\u00f9 prolif\u00e8re encore la publicit\u00e9.<\/p>\n<p style=\"text-align: justify\">La Suisse a sign\u00e9 la convention le 25 juin 2004 mais ne l\u2019a jamais ratifi\u00e9e en raison de ses liens historiques avec l\u2019industrie du tabac et de la nicotine. La ville de Lausanne en Suisse abrite le si\u00e8ge du cigarettier am\u00e9ricain Philip Morris International (PMI), l\u2019un des plus grands fabricants mondiaux, et Gen\u00e8ve accueille \u00e9galement le cigarettier Japan Tobacco International (JTI).<\/p>\n<p style=\"text-align: justify\"><a href=\"https:\/\/www.generationsanstabac.org\/fr\/actualites\/lingerence-de-lindustrie-du-tabac-sintensifie-dans-le-monde\/\">Selon le Global Tobacco Industry Interference Index 2025, publi\u00e9 par le Global Center for Good Governance in Tobacco Control (GGTC)<\/a>, la Suisse est class\u00e9e avant-derni\u00e8re, soulignant le poids majeur de l\u2019industrie dans toutes les politiques publiques de sant\u00e9.<\/p>\n<p style=\"text-align: justify\">Avec la R\u00e9publique dominicaine, les \u00c9tats-Unis, la G\u00e9orgie ou le Japon, la Suisse est en effet l\u2019un des pays o\u00f9 les cigarettiers b\u00e9n\u00e9ficient encore d\u2019un acc\u00e8s privil\u00e9gi\u00e9 aux d\u00e9cideurs et de r\u00e9glementations plus permissives. Les fabricants de tabac continuent d\u2019interf\u00e9rer activement dans l\u2019\u00e9laboration et la mise en \u0153uvre des politiques de sant\u00e9 publique. Sont \u00e9galement point\u00e9s les liens de connivence avec plusieurs \u00e9lus qui remettent leurs badges parlementaires \u00e0 des repr\u00e9sentants de l\u2019industrie, leur permettant d\u2019acc\u00e9der directement aux espaces r\u00e9serv\u00e9s du Parlement f\u00e9d\u00e9ral.<\/p>\n<p style=\"text-align: justify\">R\u00e9ciproquement, les responsables publics s\u2019affichent r\u00e9guli\u00e8rement aux c\u00f4t\u00e9s du secteur tabac et des d\u00e9put\u00e9s, ministres et gouverneurs ont accept\u00e9 des visites d&rsquo;\u00e9tude sponsoris\u00e9es dans les installations des fabricants de tabac, la plus courante \u00e9tant celle du centre de recherche de PMI, le Cube, \u00e0 Neuch\u00e2tel, qui m\u00e8ne des recherches sur les produits du tabac chauff\u00e9 et les produits nicotiniques.<\/p>\n<p style=\"text-align: justify\">Pour vendre leurs produits, les industriels n\u2019h\u00e9sitent pas \u00e0 financer des partis politiques, aux valeurs pourtant contradictoires, afin <a href=\"https:\/\/www.generationsanstabac.org\/fr\/decryptages\/diversite-instrumentalisee-les-veritables-intentions-de-lindustrie-du-tabac\/\">d\u2019entretenir tant des faveurs politiques que d\u2019emporter l\u2019adh\u00e9sion de certaines communaut\u00e9s cibl\u00e9es, susceptibles de consommer ses produits<\/a>, comme les LGBTQ+.<\/p>\n<p style=\"text-align: justify\">D\u2019un point de vue \u00e9cologique, le minist\u00e8re f\u00e9d\u00e9ral suisse de l\u2019Environnement a \u00e9t\u00e9 critiqu\u00e9 pour sa participation r\u00e9guli\u00e8re \u00e0 des tables rondes sur la pollution des m\u00e9gots en pr\u00e9sence directe de repr\u00e9sentants de l\u2019industrie, remettant en cause la neutralit\u00e9 de l\u2019\u00c9tat. La campagne \u00ab Stop aux m\u00e9gots \u00bb (Stopp dem Stummel), pr\u00e9sent\u00e9e comme une action citoyenne et environnementale, a \u00e9t\u00e9 <a href=\"https:\/\/www.generationsanstabac.org\/fr\/actualites\/suisse-une-campagne-sur-les-megots-instrumentalisee-par-lindustrie-du-tabac\/\">soutenue en r\u00e9alit\u00e9 par des acteurs de l\u2019industrie du tabac et s\u2019inscrit dans une strat\u00e9gie de communication qui valorise le fumeur \u00ab <em>responsable<\/em> \u00bb<\/a>, sans remise en cause de la production des filtres plastiques ni la consommation de tabac elle-m\u00eame. Le\u00a0site\u00a0de la campagne mentionne que Philip Morris, British American Tobacco ou Japan Tobacco International y ont collabor\u00e9.<\/p>\n<p style=\"text-align: justify\">Les signataires de la lettre ouverte demandent ainsi au Conseil f\u00e9d\u00e9ral et au Parlement de ratifier rapidement la Convention-cadre et d\u2019appliquer ses dispositions, notamment pour prot\u00e9ger les jeunes et r\u00e9pondre aux engagements de l\u2019Agenda 2030, en particulier la cible 3.a des Objectifs de d\u00e9veloppement durable (ODD) qui appelle \u00e0 renforcer la mise en \u0153uvre de la CCLAT.<\/p>\n<p style=\"text-align: justify\">Cette demande des acteurs de sant\u00e9 b\u00e9n\u00e9ficie par ailleurs d\u2019un soutien public en Suisse Romande. En mai 2025, <a href=\"https:\/\/www.generationsanstabac.org\/fr\/actualites\/pour-une-majorite-de-suisses-lindustrie-du-tabac-a-une-trop-forte-influence-en-politique\/\">un sondage men\u00e9 dans cette r\u00e9gion de la Suisse indiquait que les personnes interrog\u00e9es trouvent l\u2019influence politique du secteur tabac trop forte<\/a>, et souhaitent que la population soit prot\u00e9g\u00e9e contre l\u2019emprise des industriels. Sont notamment \u00e9voqu\u00e9es l\u2019interdiction de la publicit\u00e9 pour le tabac y compris avec la suppression des \u00e9tals dans les magasins, une hausse des taxes ou un contr\u00f4le de l\u2019\u00e2ge pour les achats en ligne.<\/p>\n<p style=\"text-align: justify\"><strong style=\"text-align: justify\"><a href=\"https:\/\/www.generationsanstabac.org\/\">\u00a9G\u00e9n\u00e9ration Sans Tabac<\/a><\/strong><\/p>\n<p style=\"text-align: right\"><em><strong>AD<\/strong><\/em><\/p>\n<hr \/>\n<p style=\"text-align: justify\"><a href=\"#_ftnref1\" name=\"_ftn1\">[1]<\/a>Association suisse pour la pr\u00e9vention du tabagisme, <a href=\"https:\/\/www.at-schweiz.ch\/fr\/lettre-ouverte-cclat\/\">Lettre ouverte des professionnels de sant\u00e9 suisses<\/a>, publi\u00e9 le 15 novembre 2025, consult\u00e9 le 18 novembre 2025<\/p>\n<p style=\"text-align: justify\"><strong style=\"color: #999999\"><a style=\"color: #999999\" href=\"http:\/\/www.cnct.fr\/\" target=\"_blank\" rel=\"noopener noreferrer\">Comit\u00e9 national contre le tabagisme |<\/a><\/strong><\/p>\n","protected":false},"excerpt":{"rendered":"<p>More than one hundred healthcare professionals have addressed an open letter to the Federal Council and Parliament calling for the &quot;immediate&quot; ratification of the WHO Framework Convention on Tobacco Control (FCTC). More than twenty years after signing it, Switzerland remains among the few countries that have still not become Parties to the treaty. The 116 signatories of the open letter express their concern about the currently decisive influence of the tobacco lobby on Swiss public health policies, which threatens the health of young people, and call on Switzerland to assume greater responsibility towards future generations. This initiative comes on the occasion of the 11th Conference of the Parties (COP11) to the FCTC, which is being held in Geneva from November 17 to 22, 2025, and is expected to decide on the roadmap for global tobacco control.<\/p>","protected":false},"featured_media":25511,"template":"","tags":[],"thematique":[499,491],"class_list":["post-25508","actualites","type-actualites","status-publish","has-post-thumbnail","hentry","thematique-lobby","thematique-politiques-publiques"],"acf":[],"_links":{"self":[{"href":"https:\/\/www.generationsanstabac.org\/en\/wp-json\/wp\/v2\/actualites\/25508","targetHints":{"allow":["GET"]}}],"collection":[{"href":"https:\/\/www.generationsanstabac.org\/en\/wp-json\/wp\/v2\/actualites"}],"about":[{"href":"https:\/\/www.generationsanstabac.org\/en\/wp-json\/wp\/v2\/types\/actualites"}],"version-history":[{"count":1,"href":"https:\/\/www.generationsanstabac.org\/en\/wp-json\/wp\/v2\/actualites\/25508\/revisions"}],"predecessor-version":[{"id":25512,"href":"https:\/\/www.generationsanstabac.org\/en\/wp-json\/wp\/v2\/actualites\/25508\/revisions\/25512"}],"wp:featuredmedia":[{"embeddable":true,"href":"https:\/\/www.generationsanstabac.org\/en\/wp-json\/wp\/v2\/media\/25511"}],"wp:attachment":[{"href":"https:\/\/www.generationsanstabac.org\/en\/wp-json\/wp\/v2\/media?parent=25508"}],"wp:term":[{"taxonomy":"post_tag","embeddable":true,"href":"https:\/\/www.generationsanstabac.org\/en\/wp-json\/wp\/v2\/tags?post=25508"},{"taxonomy":"thematique","embeddable":true,"href":"https:\/\/www.generationsanstabac.org\/en\/wp-json\/wp\/v2\/thematique?post=25508"}],"curies":[{"name":"wp","href":"https:\/\/api.w.org\/{rel}","templated":true}]}}