{"id":25488,"date":"2025-11-19T07:00:50","date_gmt":"2025-11-19T06:00:50","guid":{"rendered":"https:\/\/www.generationsanstabac.org\/?post_type=actualites&#038;p=25488"},"modified":"2025-11-18T17:17:08","modified_gmt":"2025-11-18T16:17:08","slug":"la-vape-derriere-le-gout-le-mensonge-une-enquete-fictionnelle-sur-lessor-de-la-cigarette-electronique","status":"publish","type":"actualites","link":"https:\/\/www.generationsanstabac.org\/en\/actualites\/la-vape-derriere-le-gout-le-mensonge-une-enquete-fictionnelle-sur-lessor-de-la-cigarette-electronique\/","title":{"rendered":"\u00ab&quot;Vaping: Behind the Taste, a Lie&quot;: a fictional investigation into the rise of the electronic cigarette"},"content":{"rendered":"<p style=\"text-align: justify\"><em>D\u00e9but octobre 2025 est parue la bande dessin\u00e9e \u00ab\u00a0La Vape. Derri\u00e8re le go\u00fbt, le mensonge\u00a0\u00bb, sc\u00e9naris\u00e9e par Guillaume Coudray et illustr\u00e9e par \u00c9milie Dambreville aux \u00e9ditions Des ronds dans l\u2019O. L\u2019ouvrage, qui combine trame fictionnelle et enqu\u00eate appuy\u00e9e sur des sources documentaires, suit deux adolescents de 15 ans, J\u00e9r\u00e9mie et Ma\u00eblys, qui s\u2019interrogent sur la popularit\u00e9 grandissante des cigarettes \u00e9lectroniques aupr\u00e8s des jeunes et la persistance de l\u2019usage des \u00ab\u00a0puffs\u00a0\u00bb, ces cigarettes \u00e9lectroniques jetables pourtant interdites \u00e0 la vente en France. Leur investigation les conduit \u00e0 observer que certains produits semblent con\u00e7us pour attirer des non-fumeurs, notamment gr\u00e2ce \u00e0 des ar\u00f4mes sucr\u00e9s ou fruit\u00e9s. Les auteurs entendent ainsi sensibiliser jeunes, parents, enseignants et pouvoirs publics face \u00e0 un produit de la nicotine encore tr\u00e8s accessible et promu par l\u2019industrie, et en appellent \u00e0 l\u2019adoption et l\u2019application de mesures fortes pour contrer ce marketing offensif et toxique. <\/em><\/p>\n<h2 style=\"text-align: justify\">Un ouvrage pour sensibiliser et appeler \u00e0 la vigilance contre les strat\u00e9gies commerciales de l\u2019industrie<\/h2>\n<p style=\"text-align: justify\">Au fil de leur parcours, les deux personnages d\u00e9couvrent les ressorts du marketing et de la communication d\u00e9velopp\u00e9s en faveur des cigarettes \u00e9lectroniques. \u00c0 l\u2019aide des supports actuels comme internet, des vid\u00e9os et podcasts, le duo de personnages enqu\u00eate pour comprendre les enjeux derri\u00e8re les campagnes de d\u00e9sinformation orchestr\u00e9es par l\u2019industrie du vapotage et identifier les risques de ces produits, qui ciblent en particulier la jeunesse.<\/p>\n<p style=\"text-align: justify\">L\u2019accent est mis sur le pouvoir de manipulation via des strat\u00e9gies marketing de l\u2019industrie du tabac, convertie en industrie de la nicotine. L\u2019utilisation de codes \u00e0 la mode, de couleurs et ar\u00f4mes attrayants ainsi que de produits connect\u00e9s visent \u00e0 \u00e9tendre le march\u00e9 du vapotage en ciblant les consommateurs potentiels que sont les adolescents voire les enfants. Introduit comme soutien au sevrage tabagique, les op\u00e9rations commerciales d\u00e9ploy\u00e9es visent en effet un public jeune et non-fumeur. D\u2019apr\u00e8s <a href=\"https:\/\/www.generationsanstabac.org\/fr\/actualites\/france-forte-baisse-du-tabagisme-chez-les-adolescents-mais-de-nouveaux-defis-a-relever\/\">les r\u00e9sultats 2024 de\u00a0l\u2019enqu\u00eate ESPAD<\/a>, publi\u00e9s par l\u2019Observatoire fran\u00e7ais des drogues et des tendances addictives (OFDT), 38 % des 3 376 adolescents fran\u00e7ais de 16 ans interrog\u00e9s d\u00e9claraient avoir d\u00e9j\u00e0 vapot\u00e9, 16 % d\u00e9claraient avoir vapot\u00e9 dans le mois pr\u00e9c\u00e9dant l\u2019enqu\u00eate et pr\u00e8s de 6 % vapotaient quotidiennement.<\/p>\n<p style=\"text-align: justify\">La bande dessin\u00e9e met en avant une jeunesse inform\u00e9e, connect\u00e9e et soucieuse de d\u00e9velopper son esprit critique face \u00e0 la manipulation, \u00e0 travers deux protagonistes qui veulent se faire entendre par tous les moyens de communication \u00e0 leur disposition (t\u00e9l\u00e9vision, r\u00e9seaux sociaux, banderoles\u2026), montrant que les citoyens peuvent \u00eatre les premiers relais de la lutte contre l\u2019industrie de la nicotine et ses strat\u00e9gies d\u2019influence. Les lecteurs peuvent eux-m\u00eames visiter les sites consult\u00e9s par les personnages, \u00e0 l\u2019aide d\u2019adresses et de QR codes pour acc\u00e9der aux sources \u00e9voqu\u00e9es et les relayer.<\/p>\n<h2 style=\"text-align: justify\">Un appel \u00e0 renforcer les politiques de sant\u00e9 publique prot\u00e9geant la jeunesse<\/h2>\n<p style=\"text-align: justify\">Guillaume Coudray, journaliste d\u2019investigation et dipl\u00f4m\u00e9 de Sciences Po, travaille sur les enjeux de sant\u00e9 depuis plus de quinze ans. Il est notamment l\u2019auteur de plusieurs enqu\u00eates publi\u00e9es aux \u00e9ditions La D\u00e9couverte. Interrog\u00e9 par France Inter le 12 novembre 2025<a href=\"#_ftn1\" name=\"_ftnref1\">[1]<\/a>, celui-ci a d\u00e9nonc\u00e9 le marketing agressif autour des cigarettes \u00e9lectroniques aromatis\u00e9es ou \u00ab\u00a0puffs\u00a0\u00bb. Interdites de vente en France depuis le 26 f\u00e9vrier 2025, ces dispositifs,\u00a0\u00ab\u00a0<em>avec des ar\u00f4mes fruit\u00e9s et sucr\u00e9s<\/em>\u00a0\u00bb et\u00a0\u00ab\u00a0<em>des go\u00fbts de bonbon<\/em>\u00a0\u00bb\u00a0con\u00e7us pour attirer les enfants, continuent de circuler et d\u2019\u00eatre vendues ill\u00e9galement.<\/p>\n<p style=\"text-align: justify\">Guillaume Coudray insiste ainsi sur l&rsquo;importance de\u00a0\u00ab\u00a0<em>favoriser l&rsquo;esprit critique sur le vapotage. Il s&rsquo;agit que les enseignants puissent s&#8217;emparer de l&rsquo;album<\/em>\u00a0La vape. Derri\u00e8re le go\u00fbt, le mensonge\u00a0<em>pour en faire un outil de lib\u00e9ration. Il faut que le public comprenne de quoi il est victime quand il vapote ces vapes qui paraissent sans cons\u00e9quences<\/em>.\u00a0\u00bb. Il rappelle qu\u2019en 2013, le brevet de la cigarette \u00e9lectronique a \u00e9t\u00e9 vendu \u00e0 Fontem Ventures, une soci\u00e9t\u00e9 n\u00e9erlandaise \u00ab\u00a0<em>qui appartient \u00e0 l&rsquo;industrie du tabac<\/em>\u00a0\u00bb (Imperial Tobacco), permettant aux cigarettiers de cr\u00e9er\u00a0\u00ab\u00a0<em>de nouvelles d\u00e9pendances<\/em>\u00a0\u00bb.<\/p>\n<p style=\"text-align: justify\">\u00ab\u00a0<em>De nombreux pays, y compris en Europe, ont formellement interdit ces puffs. Mais malheureusement, elles continuent \u00e0 \u00eatre vendues en France<\/em>. [<em>\u2026] ll est urgent de prendre des dispositions r\u00e9glementaires, l\u00e9gislatives, voire d&rsquo;appliquer des r\u00e8gles de police afin que les commerces de puffs et les buralistes respectent de fa\u00e7on impeccable la loi.<\/em>\u00a0\u00bb.<\/p>\n<p style=\"text-align: justify\">Le CNCT, qui a command\u00e9 une <a href=\"https:\/\/www.generationsanstabac.org\/fr\/actualites\/un-tiers-des-buralistes-vend-encore-du-tabac-aux-mineurs\/\">enqu\u00eate \u00e0 l\u2019institut ind\u00e9pendant Audirep, r\u00e9v\u00e9lant qu\u2019un tiers des buralistes ne respectaient pas l\u2019interdiction de vente de tabac ou de vapotage aux mineurs<\/a>, a par ailleurs alert\u00e9 sur la n\u00e9cessit\u00e9 d\u2019une mise en \u0153uvre de politiques de sant\u00e9 publique efficaces pour prot\u00e9ger les jeunes.<\/p>\n<p style=\"text-align: justify\">Ainsi, le CNCT soutient l\u2019extension aux produits de vapotage de mesures d\u00e9j\u00e0 \u00e9prouv\u00e9es contre le tabac, telles que l\u2019interdiction des ar\u00f4mes, l\u2019instauration d\u2019un conditionnement neutre pour les emballages de produits du vapotage, la taxation de ces produits, le contr\u00f4le de la distribution au d\u00e9tail avec l\u2019interdiction de la vente en ligne ainsi que l\u2019instauration d\u2019une licence pour un nombre de vendeurs limit\u00e9s, tenus de respecter strictement les dispositions du code de la sant\u00e9 publique, en particulier l\u2019interdiction de vente aux mineurs.<\/p>\n<p style=\"text-align: justify\">Yves Martinet, pr\u00e9sident du CNCT, salue la publication de cet ouvrage qui permet de d\u00e9couvrir de mani\u00e8re passionnante des pratiques trop souvent ignor\u00e9es.<\/p>\n<p><img fetchpriority=\"high\" decoding=\"async\" class=\"wp-image-25491 alignleft\" src=\"https:\/\/www.generationsanstabac.org\/wp-content\/uploads\/2025\/11\/Couverture-VAPE-DEF3-scaled.jpg\" alt=\"\" width=\"460\" height=\"626\" srcset=\"https:\/\/www.generationsanstabac.org\/wp-content\/uploads\/2025\/11\/Couverture-VAPE-DEF3-scaled.jpg 1882w, https:\/\/www.generationsanstabac.org\/wp-content\/uploads\/2025\/11\/Couverture-VAPE-DEF3-221x300.jpg 221w, https:\/\/www.generationsanstabac.org\/wp-content\/uploads\/2025\/11\/Couverture-VAPE-DEF3-753x1024.jpg 753w, https:\/\/www.generationsanstabac.org\/wp-content\/uploads\/2025\/11\/Couverture-VAPE-DEF3-768x1045.jpg 768w, https:\/\/www.generationsanstabac.org\/wp-content\/uploads\/2025\/11\/Couverture-VAPE-DEF3-1129x1536.jpg 1129w, https:\/\/www.generationsanstabac.org\/wp-content\/uploads\/2025\/11\/Couverture-VAPE-DEF3-1506x2048.jpg 1506w, https:\/\/www.generationsanstabac.org\/wp-content\/uploads\/2025\/11\/Couverture-VAPE-DEF3-9x12.jpg 9w\" sizes=\"(max-width: 460px) 100vw, 460px\" \/><img decoding=\"async\" class=\"wp-image-25492 alignright\" src=\"https:\/\/www.generationsanstabac.org\/wp-content\/uploads\/2025\/11\/LA-VAPE-page-27-scaled.jpeg\" alt=\"\" width=\"463\" height=\"631\" srcset=\"https:\/\/www.generationsanstabac.org\/wp-content\/uploads\/2025\/11\/LA-VAPE-page-27-scaled.jpeg 1879w, https:\/\/www.generationsanstabac.org\/wp-content\/uploads\/2025\/11\/LA-VAPE-page-27-220x300.jpeg 220w, https:\/\/www.generationsanstabac.org\/wp-content\/uploads\/2025\/11\/LA-VAPE-page-27-751x1024.jpeg 751w, https:\/\/www.generationsanstabac.org\/wp-content\/uploads\/2025\/11\/LA-VAPE-page-27-768x1047.jpeg 768w, https:\/\/www.generationsanstabac.org\/wp-content\/uploads\/2025\/11\/LA-VAPE-page-27-1127x1536.jpeg 1127w, https:\/\/www.generationsanstabac.org\/wp-content\/uploads\/2025\/11\/LA-VAPE-page-27-1503x2048.jpeg 1503w, https:\/\/www.generationsanstabac.org\/wp-content\/uploads\/2025\/11\/LA-VAPE-page-27-9x12.jpeg 9w\" sizes=\"(max-width: 463px) 100vw, 463px\" \/><\/p>\n<p>&nbsp;<\/p>\n<p>&nbsp;<\/p>\n<p>&nbsp;<\/p>\n<p>&nbsp;<\/p>\n<p>&nbsp;<\/p>\n<p>&nbsp;<\/p>\n<p>&nbsp;<\/p>\n<p>&nbsp;<\/p>\n<p>&nbsp;<\/p>\n<p>&nbsp;<\/p>\n<p>&nbsp;<\/p>\n<p>&nbsp;<\/p>\n<p>&nbsp;<\/p>\n<p>&nbsp;<\/p>\n<p>&nbsp;<\/p>\n<p>&nbsp;<\/p>\n<p>&nbsp;<\/p>\n<p style=\"text-align: justify\"><strong style=\"text-align: justify\"><a href=\"https:\/\/www.generationsanstabac.org\/\">\u00a9G\u00e9n\u00e9ration Sans Tabac<\/a><\/strong><\/p>\n<p style=\"text-align: right\"><em><strong>AD<\/strong><\/em><\/p>\n<hr \/>\n<p style=\"text-align: justify\"><a href=\"#_ftnref1\" name=\"_ftn1\">[1]<\/a>France Inter, <a href=\"https:\/\/www.radiofrance.fr\/franceinter\/podcasts\/le-mag-de-la-vie-quotidienne\/le-mag-vie-quotidienne-du-mercredi-12-novembre-2025-9246163\">Comment emp\u00eacher les jeunes de fumer ou de vapoter\u00a0?<\/a>, publi\u00e9 le 12 novembre 2025, consult\u00e9 le 17 novembre 2025<\/p>\n<p style=\"text-align: justify\"><strong style=\"color: #999999\"><a style=\"color: #999999\" href=\"http:\/\/www.cnct.fr\/\" target=\"_blank\" rel=\"noopener noreferrer\">Comit\u00e9 national contre le tabagisme |<\/a><\/strong><\/p>\n","protected":false},"excerpt":{"rendered":"<p>In early October 2025, the graphic novel &quot;Vaping: Behind the Taste, the Lie,&quot; written by Guillaume Coudray and illustrated by \u00c9milie Dambreville, was published by Des ronds dans l&#039;O. The book, which combines a fictional narrative with an investigation based on documentary sources, follows two 15-year-olds, J\u00e9r\u00e9mie and Ma\u00eblys, as they question the growing popularity of e-cigarettes among young people and the continued use of &quot;puffs,&quot; disposable e-cigarettes that are banned in France. Their investigation leads them to observe that some products seem designed to attract non-smokers, particularly through the use of sweet or fruity flavors. The authors aim to raise awareness among young people, parents, teachers, and public authorities about a nicotine product that remains highly accessible and is heavily promoted by the industry, and they call for the adoption and implementation of strong measures to counter this aggressive and toxic marketing.<\/p>","protected":false},"featured_media":25491,"template":"","tags":[],"thematique":[491,565],"class_list":["post-25488","actualites","type-actualites","status-publish","has-post-thumbnail","hentry","thematique-politiques-publiques","thematique-sensibilisation"],"acf":[],"_links":{"self":[{"href":"https:\/\/www.generationsanstabac.org\/en\/wp-json\/wp\/v2\/actualites\/25488","targetHints":{"allow":["GET"]}}],"collection":[{"href":"https:\/\/www.generationsanstabac.org\/en\/wp-json\/wp\/v2\/actualites"}],"about":[{"href":"https:\/\/www.generationsanstabac.org\/en\/wp-json\/wp\/v2\/types\/actualites"}],"version-history":[{"count":8,"href":"https:\/\/www.generationsanstabac.org\/en\/wp-json\/wp\/v2\/actualites\/25488\/revisions"}],"predecessor-version":[{"id":25505,"href":"https:\/\/www.generationsanstabac.org\/en\/wp-json\/wp\/v2\/actualites\/25488\/revisions\/25505"}],"wp:featuredmedia":[{"embeddable":true,"href":"https:\/\/www.generationsanstabac.org\/en\/wp-json\/wp\/v2\/media\/25491"}],"wp:attachment":[{"href":"https:\/\/www.generationsanstabac.org\/en\/wp-json\/wp\/v2\/media?parent=25488"}],"wp:term":[{"taxonomy":"post_tag","embeddable":true,"href":"https:\/\/www.generationsanstabac.org\/en\/wp-json\/wp\/v2\/tags?post=25488"},{"taxonomy":"thematique","embeddable":true,"href":"https:\/\/www.generationsanstabac.org\/en\/wp-json\/wp\/v2\/thematique?post=25488"}],"curies":[{"name":"wp","href":"https:\/\/api.w.org\/{rel}","templated":true}]}}