{"id":25466,"date":"2025-11-18T14:00:30","date_gmt":"2025-11-18T13:00:30","guid":{"rendered":"https:\/\/www.generationsanstabac.org\/?post_type=actualites&#038;p=25466"},"modified":"2025-11-18T10:39:44","modified_gmt":"2025-11-18T09:39:44","slug":"cop11-a-geneve-une-opportunite-pour-faire-avancer-la-lutte-antitabac-dans-le-monde","status":"publish","type":"actualites","link":"https:\/\/www.generationsanstabac.org\/en\/actualites\/cop11-a-geneve-une-opportunite-pour-faire-avancer-la-lutte-antitabac-dans-le-monde\/","title":{"rendered":"COP11 in Geneva: an opportunity to advance the fight against tobacco worldwide"},"content":{"rendered":"<p style=\"text-align: justify\"><em>Plus de 1 400 d\u00e9l\u00e9gu\u00e9s <\/em><em>repr\u00e9sentant des gouvernements, organisations internationales et acteurs de la soci\u00e9t\u00e9 civile sont attendus \u00e0 Gen\u00e8ve du 17 au 22 novembre 2025 afin d\u2019acc\u00e9l\u00e9rer la mise en \u0153uvre du trait\u00e9 de l\u2019OMS, la Convention-cadre pour la lutte antitabac (CCLAT). La 11<sup>e<\/sup> session de la Conf\u00e9rence des parties de ce trait\u00e9 doit \u00e9galement aborder de nouvelles dispositions en vue d\u2019une g\u00e9n\u00e9ration sans tabac et plus particuli\u00e8rement lutter contre le d\u00e9sastre environnemental des produits du tabac. Alors que ces sessions de n\u00e9gociations sont tr\u00e8s attendues pour orienter la feuille de route de la lutte antitabac mondiale, l\u2019industrie essaie par tous les moyens de contrer les d\u00e9cisions en discussion pour ralentir tout progr\u00e8s et promouvoir ses int\u00e9r\u00eats.<\/em><\/p>\n<h2 style=\"text-align: justify\">La CCLAT, un trait\u00e9 complet pour lutter contre le tabagisme<\/h2>\n<p style=\"text-align: justify\">La CCLAT est un trait\u00e9 international juridiquement contraignant. Il a \u00e9t\u00e9 ratifi\u00e9 par 183 pays et organisations r\u00e9gionales et couvre aujourd\u2019hui 90 % de la population mondiale. Les mesures de la CCLAT sont fond\u00e9es sur les preuves scientifiques, d\u00e9montrant leur efficacit\u00e9.<\/p>\n<p style=\"text-align: justify\">Le trait\u00e9 porte sur les probl\u00e9matiques de sant\u00e9 mais aussi environnementales et sur la responsabilit\u00e9 de l\u2019industrie dans le d\u00e9sastre induit par ses produits. Il comporte des obligations g\u00e9n\u00e9rales, parmi lesquelles celle de prot\u00e9ger les politiques publiques de toute interf\u00e9rence de cette industrie (article 5.3 de la CCLAT), les int\u00e9r\u00eats de cette derni\u00e8re ayant \u00e9t\u00e9 consid\u00e9r\u00e9s comme oppos\u00e9s et inconciliables avec ceux des politiques de sant\u00e9.<\/p>\n<p style=\"text-align: justify\">La mise en \u0153uvre de ce trait\u00e9 s&rsquo;est traduite par des progr\u00e8s concrets importants avec une diminution d\u2019environ\u00a0118 millions de fumeurs par rapport \u00e0 2005, date d&rsquo;entr\u00e9e en vigueur du trait\u00e9. Le <a href=\"https:\/\/mpowerportal.org\/\">programme MPOWER<\/a> (Monitoring, Protecting, Offering, Warning, Enforcing, Raising), qui concerne certaines des dispositions du trait\u00e9 &#8211; hausse de taxes, interdictions de fumer et de la publicit\u00e9, apposition d\u2019avertissements sanitaires, et aide \u00e0 l\u2019arr\u00eat avec une surveillance de l\u2019\u00e9pid\u00e9mie &#8211; aurait permis \u00e0 lui seul de sauver plus de 37 millions de vies<a href=\"#_ftn1\" name=\"_ftnref1\">[1]<\/a>.<\/p>\n<p style=\"text-align: justify\">La CCLAT, devenue le trait\u00e9 international le plus ratifi\u00e9 au monde en un temps record, f\u00eate ainsi ses 20 ans et la 11<sup>e<\/sup> session de la conf\u00e9rence des parties (COP11) de ce trait\u00e9 abordera plusieurs sujets d\u2019avenir.<\/p>\n<p style=\"text-align: justify\">La mise en \u0153uvre du trait\u00e9 pr\u00e9voit en effet que les pays se r\u00e9unissent en assembl\u00e9e g\u00e9n\u00e9rale tous les deux ans et d\u00e9cident des mesures \u00e0 mettre en \u0153uvre pour appliquer pleinement cette convention et s\u2019adapter au nouveau contexte.<\/p>\n<p style=\"text-align: justify\">Selon Andrew Black, chef par int\u00e9rim du Secr\u00e9tariat de la CCLAT, ces instances permettent aux Parties d\u2019\u00e9valuer et de renforcer la mise en \u0153uvre du trait\u00e9, avec pour objectif de soutenir la coop\u00e9ration internationale et de consolider la volont\u00e9 politique, face \u00e0 une \u00e9pid\u00e9mie qui cause chaque ann\u00e9e plus de 7 millions de d\u00e9c\u00e8s pr\u00e9matur\u00e9s et \u00e9vitables.<\/p>\n<p style=\"text-align: justify\">Le CNCT, estimant que les sujets en discussion lors de cette session sont essentiels, a appel\u00e9 l\u2019Union europ\u00e9enne \u00e0 parler d\u2019une voix lors de cette rencontre et \u00e0 assumer son r\u00f4le jusqu\u2019alors historique de leader mondial en mati\u00e8re de lutte antitabac<a href=\"#_ftn2\" name=\"_ftnref2\">[2]<\/a>.<\/p>\n<h2 style=\"text-align: justify\">\u00c0 la COP11, environnement, responsabilisation des industriels et lutte contre leur lobbying \u00e0 l\u2019ordre du jour<\/h2>\n<p style=\"text-align: justify\">\u00c0 l\u2019issue de la phase d\u2019inauguration et de restitution des avanc\u00e9es au cours de laquelle s\u2019exprimeront diverses personnalit\u00e9s politiques telles que le Vice-Premier Ministre et Ministre belge de la sant\u00e9 et des affaires sociales, Frank Vandenbroucke, la ministre de la Sant\u00e9 publique de l\u2019Uruguay, la Dre Cristina Lustemberg, ainsi que la directrice g\u00e9n\u00e9rale de la sant\u00e9 et de la s\u00e9curit\u00e9 alimentaire de la Commission europ\u00e9enne, Sandra Gallina, diff\u00e9rents sujets cruciaux seront d\u00e9battus au cours de cette semaine.<\/p>\n<p style=\"text-align: justify\">Les \u00e9changes porteront en effet sur des mesures prospectives ambitieuses (article 2.1 de la CCLAT) mais \u00e9galement les modalit\u00e9s \u00e0 adopter afin de mieux mettre en cause la responsabilit\u00e9 juridique de l\u2019industrie du tabac (article 19 de la CCLAT), comment prot\u00e9ger les politiques publiques de ce lobby tr\u00e8s puissant et prot\u00e9iforme (article 5.3 de la CCLAT), ainsi que l\u2019adoption de mesures environnementales d\u00e9cisives, en particulier l\u2019interdiction mondiale des filtres de cigarette (article 18 de la CCLAT).<\/p>\n<p style=\"text-align: justify\">Le marketing agressif des multinationales du tabac, entra\u00eenant une d\u00e9pendance nicotinique de consommateurs de plus en plus jeunes \u00e0 travers leurs nouveaux produits du tabac et de la nicotine, sera abord\u00e9. Plus de 100\u00a0millions de personnes vapotent, dont au moins 15\u00a0millions d\u2019enfants \u00e2g\u00e9s de 13 \u00e0 15\u00a0ans, selon la premi\u00e8re estimation mondiale de l\u2019OMS sur l\u2019utilisation de la cigarette \u00e9lectronique. Tedros Adhanom Ghebreyesus, directeur g\u00e9n\u00e9ral de l\u2019OMS, a rappel\u00e9 que les grands acteurs du tabac ne sont motiv\u00e9s que par \u00ab\u00a0<em>une seule chose\u00a0: le profit<\/em>\u00a0\u00bb<a href=\"#_ftn3\" name=\"_ftnref3\">[3]<\/a>.<\/p>\n<p style=\"text-align: justify\">Benn McGrady, chef de l\u2019unit\u00e9 Droit et politiques de sant\u00e9 publique de l\u2019OMS, a affirm\u00e9 que les nouveaux produits pr\u00e9sentent des caract\u00e9ristiques particuli\u00e8rement attrayantes pour les enfants, telles que des couleurs vives et des ar\u00f4mes fruit\u00e9s.<\/p>\n<p style=\"text-align: justify\">Soulignant l\u2019augmentation alarmante de l\u2019usage de la cigarette \u00e9lectronique chez les enfants, il a alert\u00e9 sur le fait que l\u2019industrie faisait la promotion de nouveaux produits sur les r\u00e9seaux sociaux, alors que l\u2019OMS souhaite des interdictions totales de la publicit\u00e9 et du parrainage du tabac, y compris pour les cigarettes \u00e9lectroniques et les sachets de nicotine aromatis\u00e9s.<\/p>\n<p style=\"text-align: justify\">L\u2019OMS souligne combien l\u2019industrie du tabac et de la nicotine exerce un lobbying intense pour imposer ses nouveaux produits de la nicotine, telle la cigarette \u00e9lectronique ou les sachets de nicotine, avec un narratif autour de la \u00ab\u00a0r\u00e9duction des risques\u00a0\u00bb. Le CNCT rappelle que ce discours a \u00e9t\u00e9 appropri\u00e9 et instrumentalis\u00e9 par l\u2019industrie pour affaiblir les r\u00e9glementations et maintenir la d\u00e9pendance nicotinique, face au d\u00e9clin du tabagisme traditionnel, sous couvert d\u2019innovation technologique.<\/p>\n<p style=\"text-align: justify\">Par ailleurs, l\u2019impact \u00e9cologique de la consommation de tabac et de nicotine sera aussi l\u2019un des sujets en discussion. Les d\u00e9cisions renvoient \u00e0 une action sur l\u2019offre et en particulier la mesure d\u2019interdiction du filtre en ac\u00e9tate de cellulose. Environ 4 500 milliards de m\u00e9gots de cigarettes sont jet\u00e9s chaque ann\u00e9e dans la nature, lib\u00e9rant des substances chimiques toxiques dans l&rsquo;environnement et se d\u00e9composant en microplastiques polluant les eaux. Ces filtres, rappelle Andrew Black, n\u2019ont aucune efficacit\u00e9 contre la toxicit\u00e9 des cigarettes : ils renforcent l\u2019illusion d\u2019une moindre nocivit\u00e9, facilitent l\u2019initiation au tabac, modifient les comportements d\u2019inhalation et n\u2019ont aucun fondement scientifique.<\/p>\n<p style=\"text-align: justify\">Les d\u00e9cisions concerneront \u00e9galement la mise en cause de la responsabilit\u00e9 de l\u2019industrie incluant l\u2019application du principe \u00ab\u00a0pollueur-payeur\u00a0\u00bb. L\u2019enjeu est de faire supporter la charge des d\u00e9g\u00e2ts notamment environnementaux sur les fabricants de tabac tout en excluant une quelconque contrepartie d\u2019image, d\u2019influence et d\u2019implication organisationnelle de leur part.<\/p>\n<p style=\"text-align: justify\">Il y a enfin un enjeu de lutte contre la campagne de lobbying orchestr\u00e9e par l\u2019industrie, qui cherche \u00e0 ralentir les progr\u00e8s antitabac et avancer ses int\u00e9r\u00eats commerciaux. En amont de cette rencontre en octobre dernier, le Secr\u00e9tariat de la CCLAT a adress\u00e9 une\u00a0alerte\u00a0aux Parties se pr\u00e9parant \u00e0 se rendre \u00e0 Gen\u00e8ve pour la COP11, les exhortant \u00e0 rester vigilantes face aux tactiques et \u00e0 la d\u00e9sinformation de l&rsquo;industrie<a href=\"#_ftn4\" name=\"_ftnref4\">[4]<\/a>. L\u2019OMS pr\u00e9vient que l\u2019ing\u00e9rence de l\u2019industrie est consid\u00e9r\u00e9e comme le principal obstacle \u00e0 la mise en \u0153uvre de la Convention\u00a0: selon <a href=\"https:\/\/www.generationsanstabac.org\/fr\/actualites\/lingerence-de-lindustrie-du-tabac-sintensifie-dans-le-monde\/\">l\u2019Indice mondial d\u2019ing\u00e9rence de l\u2019industrie du tabac (GII) 2025, l\u2019industrie adopte des tactiques de plus en plus agressives<\/a>.<\/p>\n<p style=\"text-align: justify\"><strong style=\"text-align: justify\"><a href=\"https:\/\/www.generationsanstabac.org\/\">\u00a9G\u00e9n\u00e9ration Sans Tabac<\/a><\/strong><\/p>\n<p style=\"text-align: right\"><em><strong>AD<\/strong><\/em><\/p>\n<hr \/>\n<p style=\"text-align: justify\"><a href=\"#_ftnref1\" name=\"_ftn1\">[1]<\/a>STOP, <a href=\"https:\/\/exposetobacco.org\/news\/who-fctc-20-year-anniversary\/\">20 Years In, We Need the WHO FCTC More Than Ever<\/a>, publi\u00e9 le 13 novembre 2025, consult\u00e9 le 14 novembre 2025<\/p>\n<p style=\"text-align: justify\"><a href=\"#_ftnref2\" name=\"_ftn2\">[2]<\/a>Comit\u00e9 national contre le tabagisme, <a href=\"https:\/\/cnct.fr\/communiques\/cop11-le-cnct-appelle-a-une-position-europeenne-forte-pour-proteger-la-sante-publique-et-lenvironnement\/\">COP11 : Le CNCT appelle \u00e0 une position europ\u00e9enne forte pour prot\u00e9ger la sant\u00e9 publique et l\u2019environnement<\/a>, publi\u00e9 le 17 novembre 2025, consult\u00e9 le m\u00eame jour<\/p>\n<p style=\"text-align: justify\"><a href=\"#_ftnref3\" name=\"_ftn3\">[3]<\/a>Sud Ouest.fr, <a href=\"https:\/\/www.sudouest.fr\/sante\/tabac\/tabac-vers-une-interdiction-mondiale-des-megots-de-cigarettes-pour-enrayer-leur-pollution-26716446.php\">Tabac\u00a0: vers une interdiction mondiale des m\u00e9gots de cigarettes pour enrayer leur pollution\u202f?<\/a>, publi\u00e9 le 14 novembre 2025, consult\u00e9 le m\u00eame jour<\/p>\n<p style=\"text-align: justify\"><a href=\"#_ftnref4\" name=\"_ftn4\">[4]<\/a>Mary Assunta, <a href=\"https:\/\/www.globalissues.org\/amp\/news\/2025\/11\/13\/41610\">Public Health Besieged by Industry Interference<\/a>, Global Issues, publi\u00e9 le 13 novembre 2025, consult\u00e9 le 14 novembre 2025<\/p>\n<p style=\"text-align: justify\"><strong style=\"color: #999999\"><a style=\"color: #999999\" href=\"http:\/\/www.cnct.fr\/\" target=\"_blank\" rel=\"noopener noreferrer\">Comit\u00e9 national contre le tabagisme |<\/a><\/strong><\/p>\n","protected":false},"excerpt":{"rendered":"<p>More than 1,400 delegates representing governments, international organizations, and civil society actors are expected in Geneva from November 17 to 22, 2025, to accelerate the implementation of the WHO treaty, the Framework Convention on Tobacco Control (FCTC). The 11th session of the Conference of the Parties to this treaty is also set to address new provisions for a tobacco-free generation and, in particular, combat the environmental disaster caused by tobacco products. While these negotiation sessions are highly anticipated to guide the roadmap for global tobacco control, the industry is trying by all means to thwart the decisions under discussion in order to slow any progress and promote its own interests.<\/p>","protected":false},"featured_media":25473,"template":"","tags":[],"thematique":[491],"class_list":["post-25466","actualites","type-actualites","status-publish","has-post-thumbnail","hentry","thematique-politiques-publiques"],"acf":[],"_links":{"self":[{"href":"https:\/\/www.generationsanstabac.org\/en\/wp-json\/wp\/v2\/actualites\/25466","targetHints":{"allow":["GET"]}}],"collection":[{"href":"https:\/\/www.generationsanstabac.org\/en\/wp-json\/wp\/v2\/actualites"}],"about":[{"href":"https:\/\/www.generationsanstabac.org\/en\/wp-json\/wp\/v2\/types\/actualites"}],"version-history":[{"count":1,"href":"https:\/\/www.generationsanstabac.org\/en\/wp-json\/wp\/v2\/actualites\/25466\/revisions"}],"predecessor-version":[{"id":25471,"href":"https:\/\/www.generationsanstabac.org\/en\/wp-json\/wp\/v2\/actualites\/25466\/revisions\/25471"}],"wp:featuredmedia":[{"embeddable":true,"href":"https:\/\/www.generationsanstabac.org\/en\/wp-json\/wp\/v2\/media\/25473"}],"wp:attachment":[{"href":"https:\/\/www.generationsanstabac.org\/en\/wp-json\/wp\/v2\/media?parent=25466"}],"wp:term":[{"taxonomy":"post_tag","embeddable":true,"href":"https:\/\/www.generationsanstabac.org\/en\/wp-json\/wp\/v2\/tags?post=25466"},{"taxonomy":"thematique","embeddable":true,"href":"https:\/\/www.generationsanstabac.org\/en\/wp-json\/wp\/v2\/thematique?post=25466"}],"curies":[{"name":"wp","href":"https:\/\/api.w.org\/{rel}","templated":true}]}}