{"id":25451,"date":"2025-11-17T07:00:36","date_gmt":"2025-11-17T06:00:36","guid":{"rendered":"https:\/\/www.generationsanstabac.org\/?post_type=actualites&#038;p=25451"},"modified":"2025-11-25T10:57:10","modified_gmt":"2025-11-25T09:57:10","slug":"nouveaux-produits-du-tabac-et-de-la-nicotine-loms-fixe-des-lignes-rouges-avant-la-cop11","status":"publish","type":"actualites","link":"https:\/\/www.generationsanstabac.org\/en\/actualites\/nouveaux-produits-du-tabac-et-de-la-nicotine-loms-fixe-des-lignes-rouges-avant-la-cop11\/","title":{"rendered":"New tobacco and nicotine products: WHO sets red lines ahead of COP11"},"content":{"rendered":"<p style=\"text-align: justify\"><em>\u00c0 l\u2019approche de la Conf\u00e9rence des Parties de la Convention-Cadre pour la lutte antitabac (COP11 de la CCLAT), l\u2019Organisation mondiale de la Sant\u00e9 publie une <\/em><a href=\"https:\/\/cdn.who.int\/media\/docs\/default-source\/tobacco-hq\/whoposition-nov12.pdf?sfvrsn=dc1f37d3_3&amp;download=true\"><em>note de position<\/em><\/a><a href=\"#_ftn1\" name=\"_ftnref1\"><em><strong>[1]<\/strong><\/em><\/a><em> d\u00e9taill\u00e9e rappelant que tous les produits du tabac et de la nicotine pr\u00e9sentent des risques pour la sant\u00e9 et que le concept de \u00ab\u00a0r\u00e9duction des risques\u00a0\u00bb ne doit pas servir de pr\u00e9texte \u00e0 un assouplissement des r\u00e9glementations. La note, rendue publique quelques jours avant l\u2019ouverture des n\u00e9gociations internationales, met en garde contre les strat\u00e9gies des fabricants pour promouvoir une image faussement \u00ab\u00a0moins nocive\u00a0\u00bb de leurs nouveaux produits, au d\u00e9triment des objectifs de sant\u00e9 publique.<\/em><\/p>\n<h2 style=\"text-align: justify\"><strong>Un rappel clair : tous les produits nicotiniques pr\u00e9sentent des risques<\/strong><\/h2>\n<p style=\"text-align: justify\">Dans sa note, l\u2019OMS r\u00e9affirme un principe fondamental : aucun produit du tabac, de la nicotine ou d\u00e9riv\u00e9 ne peut \u00eatre consid\u00e9r\u00e9 comme s\u00fbr pour la sant\u00e9. Qu\u2019il s\u2019agisse des cigarettes \u00e9lectroniques, des dispositifs de tabac chauff\u00e9, des sachets de nicotine ou des formes traditionnelles de tabac oral et fum\u00e9, tous exposent leurs utilisateurs \u00e0 des risques, notamment \u00e0 une forte d\u00e9pendance nicotinique, et peuvent entra\u00eener des dommages dont l\u2019ampleur r\u00e9elle n\u00e9cessite des ann\u00e9es pour \u00eatre pleinement mesur\u00e9e.<\/p>\n<p style=\"text-align: justify\">L\u2019organisation insiste sur un point crucial souvent occult\u00e9 dans les discours commerciaux : la diversit\u00e9 extr\u00eame des produits rend impossible toute comparaison globale entre cat\u00e9gories. Non seulement la composition chimique diff\u00e8re d\u2019un produit \u00e0 l\u2019autre, mais chacun peut \u00eatre modifi\u00e9, aromatis\u00e9, reconditionn\u00e9 ou utilis\u00e9 de mani\u00e8re tr\u00e8s diff\u00e9rente selon les comportements individuels. Cette diversit\u00e9 technologique et comportementale \u00ab limite la capacit\u00e9 \u00e0 g\u00e9n\u00e9raliser les niveaux de risque \u00bb, selon l\u2019OMS, qui rappelle que des \u00e9valuations \u00e0 long terme sont indispensables pour comprendre pleinement leurs effets.<\/p>\n<p style=\"text-align: justify\">Au-del\u00e0 des risques intrins\u00e8ques, l\u2019OMS alerte sur les conditions r\u00e9elles d\u2019usage, particuli\u00e8rement pr\u00e9occupantes pour les cigarettes \u00e9lectroniques aromatis\u00e9es et les produits tr\u00e8s concentr\u00e9s en nicotine. Leur design attractif, associ\u00e9 \u00e0 une forte disponibilit\u00e9 en ligne et \u00e0 des strat\u00e9gies marketing cibl\u00e9es, facilite l\u2019exp\u00e9rimentation et l\u2019adoption chez les jeunes, aggravant les risques d\u2019initiation et de d\u00e9pendance pr\u00e9coce. Selon les derniers chiffres de l\u2019organisation, plus de 15 millions d\u2019adolescents \u00e2g\u00e9s de 13 \u00e0 15 ans consomment aujourd\u2019hui des cigarettes \u00e9lectroniques, et ces jeunes sont en moyenne neuf fois plus susceptibles d\u2019en faire usage que les adultes. Ce constat illustre que les produits nicotiniques, \u00a0pr\u00e9sent\u00e9s comme innovants ont un caract\u00e8re particuli\u00e8rement attractif pour les jeunes et \u00a0\u00a0sont loin d\u2019\u00eatre inoffensifs.<\/p>\n<p style=\"text-align: justify\">Pour l\u2019OMS, il n\u2019existe aucune ambigu\u00eft\u00e9 : les risques pour la sant\u00e9 sont syst\u00e9miques, transversaux \u00e0 toutes les cat\u00e9gories de produits, et doivent \u00eatre \u00e9valu\u00e9s \u00e0 l\u2019aune de leurs cons\u00e9quences populationnelles &#8211; exposition, usage dual ou poly-usage, d\u00e9pendance, initiation des non-fumeurs, attractivit\u00e9 pour les jeunes. Dans cette perspective, l\u2019organisation r\u00e9affirme que la priorit\u00e9 des politiques publiques doit rester la r\u00e9duction de la demande et la pr\u00e9vention de l\u2019initiation, plut\u00f4t qu\u2019une segmentation artificielle des niveaux de risques revendiqu\u00e9e par l\u2019industrie.<\/p>\n<h2 style=\"text-align: justify\"><strong>Des strat\u00e9gies de marketing qui menacent les progr\u00e8s de sant\u00e9 publique<\/strong><\/h2>\n<p style=\"text-align: justify\">Les produits sont fa\u00e7onn\u00e9s pour \u00eatre attractifs, avec des ar\u00f4mes fruit\u00e9s ou sucr\u00e9s, des couleurs vives, des formats miniaturis\u00e9s et des packagings assimilables \u00e0 des objets de mode. Cette attractivit\u00e9 visuelle et sensorielle est renforc\u00e9e par un marketing omnipr\u00e9sent, notamment sur les r\u00e9seaux sociaux et via des campagnes men\u00e9es par des influenceurs suivis par des mineurs.<\/p>\n<p style=\"text-align: justify\">L\u2019OMS met \u00e9galement en lumi\u00e8re la mani\u00e8re dont l\u2019industrie normalise ces produits en les pr\u00e9sentant comme des dispositifs technologiques modernes, compatibles avec un mode de vie \u00ab sain \u00bb ou \u00ab responsable \u00bb, brouillant volontairement la distinction entre un produit addictif et un objet de consommation ordinaire. Cette strat\u00e9gie contribue \u00e0 affaiblir les politiques de lutte contre le tabagisme, en donnant l\u2019illusion qu\u2019il serait possible d\u2019assouplir les r\u00e9glementations sans compromettre les objectifs de sant\u00e9 publique. Pour l\u2019OMS, cette tentative de repositionnement de l\u2019industrie comme acteur \u00ab\u00a0partenaire\u00a0\u00bb de solutions est incompatible avec la protection de la sant\u00e9 publique et va \u00e0 l\u2019encontre de l\u2019esprit de la Convention-cadre de l\u2019OMS pour la lutte antitabac.<\/p>\n<p style=\"text-align: justify\">Enfin, l\u2019organisation rappelle que l\u2019industrie continue de manipuler le d\u00e9bat public en insistant sur la notion de produit \u00ab\u00a0moins nocif\u00a0\u00bb, tout en omettant syst\u00e9matiquement les risques li\u00e9s \u00e0 la double consommation, \u00e0 la prolongation de l\u2019addiction et \u00e0 l\u2019exposition cumul\u00e9e aux produits toxiques. Ce discours partiel et biais\u00e9 contribue \u00e0 maintenir les consommateurs dans une d\u00e9pendance prolong\u00e9e et \u00e0 retarder les tentatives d\u2019arr\u00eat.<\/p>\n<h2 style=\"text-align: justify\"><strong>Un lobbying intensifi\u00e9 \u00e0 l\u2019approche de la COP11<\/strong><\/h2>\n<p style=\"text-align: justify\">\u00c0 quelques jours de l\u2019ouverture de la COP11 de la Convention-cadre de l\u2019OMS pour la lutte antitabac, cette position intervient dans un contexte d\u2019intensification des actions de lobbying men\u00e9es par l\u2019industrie du tabac et ses alli\u00e9s, en particulier autour de la notion de \u00ab\u00a0r\u00e9duction des risques\u00a0\u00bb. Comme lors des pr\u00e9c\u00e9dentes conf\u00e9rences, les fabricants de tabac, leurs filiales et une constellation d\u2019organisations tierces financ\u00e9es par eux organisent une offensive de communication et de d\u00e9sinformation<a href=\"#_ftn2\" name=\"_ftnref2\">[2]<\/a> pour promouvoir les nouveaux produits nicotiniques comme des solutions \u00ab\u00a0plus s\u00fbres\u00a0\u00bb ou \u00ab\u00a0novatrices\u00a0\u00bb. Des contre-\u00e9v\u00e9nements parall\u00e8les \u00e0 la COP11, des briefings m\u00e9diatiques hors site et des interventions publiques cibl\u00e9es sont d\u00e9j\u00e0 annonc\u00e9s, dans le but de peser sur les d\u00e9bats officiels et d\u2019influencer les d\u00e9l\u00e9gations.<\/p>\n<p style=\"text-align: justify\">Cette pression s\u2019exerce alors m\u00eame que les nouveaux produits du tabac et de la nicotine &#8211; cigarettes \u00e9lectroniques, tabac chauff\u00e9, sachets de nicotine \u2013 seront \u00e0 l\u2019ordre du jour de la Conf\u00e9rence des Parties. A travers ce sujet l\u2019industrie compte canaliser les d\u00e9bats sur ce seul sujet et ralentir voire bloquer les discussions sur les autres th\u00e9matiques. En outre, elle vise \u00e0 emp\u00eacher toute r\u00e9glementation concernant ces produits susceptibles de porter atteinte \u00e0 ses int\u00e9r\u00eats. En effet, les pays devront aborder comment l\u2019encadrement r\u00e9glementaire de ces produits et la mani\u00e8re d\u2019emp\u00eacher l\u2019industrie des les utiliser pour contourner les cadres existants. Cette dimension controvers\u00e9e se retrouve d\u00e9j\u00e0 dans les n\u00e9gociations intra-europ\u00e9ennes : les \u00c9tats membres de l\u2019Union europ\u00e9enne peinent \u00e0 s\u2019accorder sur une position commune, pr\u00e9cis\u00e9ment en raison des divergences de vues li\u00e9es aux nouveaux produits et aux terminologies associ\u00e9es, certains pays \u00e9tant particuli\u00e8rement r\u00e9ceptifs aux discours des fabricants. Cette absence de consensus fragilise temporairement la capacit\u00e9 de l\u2019UE \u00e0 d\u00e9fendre une position unifi\u00e9e.<\/p>\n<h2 style=\"text-align: justify\"><strong>Une recommandation centrale : r\u00e9glementer rigoureusement tous les produits<\/strong><\/h2>\n<p style=\"text-align: justify\">Face \u00e0 ces d\u00e9rives, l\u2019OMS adopte une position sans \u00e9quivoque : tous les produits du tabac, de la nicotine et associ\u00e9s doivent \u00eatre strictement r\u00e9glement\u00e9s, qu\u2019ils soient \u00ab\u00a0anciens\u00a0\u00bb ou \u00e9mergents. L\u2019organisation appelle les gouvernements \u00e0 appliquer l\u2019ensemble des mesures pr\u00e9vues par la Convention-cadre de l\u2019OMS pour la lutte antitabac (CCLAT) et ses lignes directrices, en soulignant qu\u2019aucun produit ne doit b\u00e9n\u00e9ficier d\u2019un traitement plus favorable sous pr\u00e9texte de \u00ab\u00a0r\u00e9duction de risque\u00a0\u00bb<\/p>\n<p style=\"text-align: justify\">Parmi les mesures prioritaires, l\u2019OMS recommande :<\/p>\n<ul style=\"text-align: justify\">\n<li>La mise en \u0153uvre stricte des interdictions existantes, notamment dans les pays ayant banni certaines cat\u00e9gories de produits ;<\/li>\n<li>L\u2019encadrement renforc\u00e9 des produits autoris\u00e9s, incluant des paquets neutres, avertissements sanitaires, taxes adapt\u00e9es, interdictions compl\u00e8tes de la publicit\u00e9 et du parrainage ;<\/li>\n<li>L\u2019interdiction des ar\u00f4mes et caract\u00e9ristiques attractives qui favorisent l\u2019initiation chez les jeunes ;<\/li>\n<li>La limitation des concentrations de nicotine et l\u2019interdiction des additifs pr\u00e9sentant des propri\u00e9t\u00e9s canc\u00e9rog\u00e8nes, mutag\u00e8nes ou reprotoxiques ;<\/li>\n<li>Un meilleur encadrement de la vente en ligne pour \u00e9viter l\u2019acc\u00e8s des mineurs et le d\u00e9veloppement de march\u00e9s non contr\u00f4l\u00e9s.<\/li>\n<\/ul>\n<p style=\"text-align: justify\">L\u2019OMS rappelle que ces mesures ne doivent pas \u00eatre per\u00e7ues comme des obstacles, mais comme des outils indispensables pour prot\u00e9ger les g\u00e9n\u00e9rations actuelles et futures. Elle insiste \u00e9galement sur la n\u00e9cessit\u00e9 de prot\u00e9ger les politiques publiques des interf\u00e9rences de l\u2019industrie, en appliquant rigoureusement l\u2019ensemble des dispositions de l\u2019article 5.3 de la CCLAT.<\/p>\n<p style=\"text-align: justify\"><strong style=\"text-align: justify\"><a href=\"https:\/\/www.generationsanstabac.org\/\">\u00a9G\u00e9n\u00e9ration Sans Tabac<\/a><\/strong><\/p>\n<p style=\"text-align: right\"><em><strong>AE<\/strong><\/em><\/p>\n<hr \/>\n<p style=\"text-align: justify\"><a href=\"#_ftnref1\" name=\"_ftn1\">[1]<\/a> <a href=\"https:\/\/www.who.int\/publications\/m\/item\/who-position-on-tobacco-control-and-harm-reduction\">WHO position on Tobacco Control and Harm Reduction<\/a>, OMS, publi\u00e9 le 12 novembre 2025, consult\u00e9 le jour-m\u00eame<\/p>\n<p style=\"text-align: justify\"><a href=\"#_ftnref2\" name=\"_ftn2\">[2]<\/a> G\u00e9n\u00e9ration sans tabac, <a href=\"https:\/\/www.generationsanstabac.org\/fr\/actualites\/une-offensive-mondiale-de-desinformation-a-lapproche-de-la-cop11\/\">Une offensive mondiale de d\u00e9sinformation \u00e0 l\u2019approche de la COP11<\/a>, publi\u00e9 le 8 octobre 2025, consult\u00e9 le 13 novembre 2025<\/p>\n<p><strong style=\"color: #999999\"><a style=\"color: #999999\" href=\"http:\/\/www.cnct.fr\/\" target=\"_blank\" rel=\"noopener noreferrer\">Comit\u00e9 national contre le tabagisme |<\/a><\/strong><\/p>\n","protected":false},"excerpt":{"rendered":"<p>Ahead of the Conference of the Parties to the Framework Convention on Tobacco Control (COP11 of the FCTC), the World Health Organization has published a detailed position paper reiterating that all tobacco and nicotine products pose health risks and that the concept of &quot;harm reduction&quot; should not be used as a pretext for weakening regulations. Released a few days before the start of international negotiations, the paper warns against manufacturers&#039; strategies to promote a falsely &quot;less harmful&quot; image of their new products, at the expense of public health objectives.<\/p>","protected":false},"featured_media":25560,"template":"","tags":[],"thematique":[499,516],"class_list":["post-25451","actualites","type-actualites","status-publish","has-post-thumbnail","hentry","thematique-lobby","thematique-nouveaux-produits"],"acf":[],"_links":{"self":[{"href":"https:\/\/www.generationsanstabac.org\/en\/wp-json\/wp\/v2\/actualites\/25451","targetHints":{"allow":["GET"]}}],"collection":[{"href":"https:\/\/www.generationsanstabac.org\/en\/wp-json\/wp\/v2\/actualites"}],"about":[{"href":"https:\/\/www.generationsanstabac.org\/en\/wp-json\/wp\/v2\/types\/actualites"}],"version-history":[{"count":2,"href":"https:\/\/www.generationsanstabac.org\/en\/wp-json\/wp\/v2\/actualites\/25451\/revisions"}],"predecessor-version":[{"id":25561,"href":"https:\/\/www.generationsanstabac.org\/en\/wp-json\/wp\/v2\/actualites\/25451\/revisions\/25561"}],"wp:featuredmedia":[{"embeddable":true,"href":"https:\/\/www.generationsanstabac.org\/en\/wp-json\/wp\/v2\/media\/25560"}],"wp:attachment":[{"href":"https:\/\/www.generationsanstabac.org\/en\/wp-json\/wp\/v2\/media?parent=25451"}],"wp:term":[{"taxonomy":"post_tag","embeddable":true,"href":"https:\/\/www.generationsanstabac.org\/en\/wp-json\/wp\/v2\/tags?post=25451"},{"taxonomy":"thematique","embeddable":true,"href":"https:\/\/www.generationsanstabac.org\/en\/wp-json\/wp\/v2\/thematique?post=25451"}],"curies":[{"name":"wp","href":"https:\/\/api.w.org\/{rel}","templated":true}]}}