{"id":25382,"date":"2025-11-06T07:00:36","date_gmt":"2025-11-06T06:00:36","guid":{"rendered":"https:\/\/www.generationsanstabac.org\/?post_type=actualites&#038;p=25382"},"modified":"2025-11-06T10:52:43","modified_gmt":"2025-11-06T09:52:43","slug":"en-france-un-depute-depose-une-proposition-de-loi-transpartisane-de-generation-sans-tabac","status":"publish","type":"actualites","link":"https:\/\/www.generationsanstabac.org\/en\/actualites\/en-france-un-depute-depose-une-proposition-de-loi-transpartisane-de-generation-sans-tabac\/","title":{"rendered":"In France, a member of parliament introduces a cross-party bill for a tobacco-free generation."},"content":{"rendered":"<p style=\"text-align: justify\"><em>Le d\u00e9put\u00e9 \u00e9cologiste Nicolas Thierry (Gironde) a pr\u00e9sent\u00e9, le 4 novembre 2025, une proposition de loi transpartisane visant \u00e0 interdire la vente de tabac aux personnes n\u00e9es \u00e0 partir du 1<sup>er<\/sup> janvier 2014. Cette mesure, port\u00e9e par l\u2019Alliance contre le tabac (ACT) et soutenue par ses membres, notamment le Comit\u00e9 national contre le tabagisme (CNCT) et la Ligue contre le cancer, s\u2019inscrit dans la perspective d\u2019une interdiction effective et progressive du tabac pour toutes les personnes devenues majeures \u00e0 partir de 2032<\/em><a href=\"#_ftn1\" name=\"_ftnref1\"><em><strong>[1]<\/strong><\/em><\/a><em>.<\/em><\/p>\n<h2 style=\"text-align: justify\">Un objectif sanitaire, \u00e9conomique et environnemental ambitieux et une mesure populaire<\/h2>\n<p style=\"text-align: justify\">L\u2019initiative, qui vise toutes les formes de tabac, dont le tabac chauff\u00e9, s\u2019appuie sur un sondage r\u00e9alis\u00e9 en novembre 2024 par l\u2019institut de sondage BVA, aupr\u00e8s d\u2019un \u00e9chantillon national repr\u00e9sentatif de 1000 personnes \u00e2g\u00e9es de 15 ans et plus, r\u00e9sidant en France m\u00e9tropolitaine<a href=\"#_ftn2\" name=\"_ftnref2\">[2]<\/a>. Selon ce sondage, 70 % des Fran\u00e7ais se d\u00e9clarent favorables \u00e0 une interdiction progressive de vente, un soutien encore plus fort chez les plus jeunes (79 % des 15-24 ans). Le sondage rapporte aussi que de mani\u00e8re g\u00e9n\u00e9rale, 78 % des Fran\u00e7ais ont une opinion n\u00e9gative de la consommation de tabac, un chiffre atteignant 91 % chez les non-fumeurs. Une vingtaine de d\u00e9put\u00e9s de sept groupes diff\u00e9rents allant de LFI \u00e0 Horizons soutient la proposition de loi.<\/p>\n<p style=\"text-align: justify\">En plus d\u2019un soutien public et politique, le d\u00e9put\u00e9 justifie sa d\u00e9marche par la persistance d\u2019un fort impact sanitaire du tabac. Si la mise en place de mesures comme le paquet de cigarettes neutre,\u00a0l\u2019augmentation du prix du tabac ou\u00a0les espaces sans\u00a0tabac ont permis de faire reculer la pr\u00e9valence tabagique quotidienne, pass\u00e9e de 23,1 % des adultes de 18-75 ans en 2023 \u00e0 18,2 % en 2024, le tabagisme est selon le d\u00e9put\u00e9 une \u00ab\u00a0<em>\u00e9pid\u00e9mie<\/em>\u00a0\u00bb et un \u00ab\u00a0<em>fl\u00e9au<\/em>\u00a0\u00bb qui provoque 75 000 d\u00e9c\u00e8s annuels, pr\u00e9matur\u00e9s et \u00e9vitables, en France. En outre, l\u2019industrie du tabac se montre particuli\u00e8rement virulente et ne cesse de se diversifier avec de nouveaux produits, comme les\u00a0sachets\u00a0de\u00a0nicotine,\u00a0pour\u00a0rendre les adolescents d\u00e9pendants \u00e0 la nicotine et les fid\u00e9liser sur le long terme <a href=\"https:\/\/www.generationsanstabac.org\/fr\/actualites\/la-france-publie-son-decret-interdisant-les-sachets-et-autres-produits-oraux-de-la-nicotine-non-pharmaceutiques\/\">alors m\u00eame que ces produits sont normalement interdits \u00e0 la vente<\/a>.<\/p>\n<p style=\"text-align: justify\">Ce co\u00fbt est aussi environnemental, 23 milliards de m\u00e9gots sont jet\u00e9s chaque ann\u00e9e, contribuant \u00e0 hauteur d\u2019environ 5 % de la d\u00e9forestation mondiale. Le tabagisme induit par ailleurs un co\u00fbt financier pour les pays au niveau des budgets publics et plus globalement un co\u00fbt social estim\u00e9 en France \u00e0 156 milliards par an par l\u2019OFDT<a href=\"#_ftn3\" name=\"_ftnref3\">[3]<\/a>.<\/p>\n<p style=\"text-align: justify\">L\u2019interdiction g\u00e9n\u00e9rationnelle viserait, selon lui, \u00e0 faire grandir les jeunes dans un environnement o\u00f9 le tabac ne serait plus per\u00e7u comme un produit ordinaire et pr\u00e9sent dans l\u2019imaginaire collectif. Cette interdiction s\u2019inscrit donc pleinement dans une perspective d\u2019agir sur les normes sociales et culturelles autour de sa consommation.<\/p>\n<h2 style=\"text-align: justify\">Sa mise en \u0153uvre est possible \u00e0 condition de lutter contre le lobbyisme du secteur tabac<\/h2>\n<p style=\"text-align: justify\">Face aux critiques diss\u00e9min\u00e9es par le lobby du tabac comme le risque de march\u00e9 noir ou transfrontalier, la discrimination par l\u2019\u00e2ge ou une atteinte \u00e0 la libert\u00e9 d\u2019entreprendre, Nicolas Thierry souligne que le projet s\u2019appuie sur le principe constitutionnel de protection de la sant\u00e9\u00a0: le juge constitutionnel\u00a0a\u00a0d\u00e9j\u00e0 reconnu\u00a0la\u00a0possibilit\u00e9\u00a0de\u00a0faire primer le droit\u00a0\u00e0\u00a0la\u00a0protection\u00a0de\u00a0la\u00a0sant\u00e9 sur\u00a0la\u00a0libert\u00e9 d\u2019entreprendre, c\u2019est-\u00e0-dire\u00a0la\u00a0commercialisation d\u2019un produit, en\u00a0l\u2019occurrence le\u00a0tabac.<\/p>\n<p style=\"text-align: justify\">Selon le d\u00e9put\u00e9, l\u2019application de la loi n\u00e9cessitera toutefois un renforcement des contr\u00f4les et des amendes \u00e0 l\u2019\u00e9gard des buralistes, qui en tant que relais de l\u2019industrie du tabac constituent le premier obstacle \u00e0 l\u2019adoption des politiques publiques. Ceux-ci sont r\u00e9guli\u00e8rement point\u00e9s du doigt en raison du manque d\u2019application de l\u2019interdiction de vente des produits du tabac aux mineurs. La mise en place progressive d\u2019ici 2032 d\u2019une telle mesure permettra une adaptation sans bouleversement majeur, en accompagnant la transition \u00e9conomique des buralistes tout en les obligeant \u00e0 se conformer \u00e0 un changement l\u00e9gal et social structurel qu\u2019ils ne pourront ignorer.<\/p>\n<p style=\"text-align: justify\">Malgr\u00e9 un contexte politique incertain, le d\u00e9put\u00e9 esp\u00e8re inscrire cette proposition dans le d\u00e9bat public et en faire un levier pour ouvrir la voie \u00e0 une g\u00e9n\u00e9ration sans tabac.<\/p>\n<p style=\"text-align: justify\">Cette interdiction g\u00e9n\u00e9rationnelle du tabac vise \u00e0 prolonger les politiques de sant\u00e9 publique men\u00e9es depuis plusieurs ann\u00e9es en France, dans le cadre du \u00ab\u00a0Programme national de lutte contre le tabac 2023-2027\u00a0\u00bb,\u00a0et dans la continuit\u00e9 de l&rsquo;objectif fix\u00e9 par l&rsquo;Union europ\u00e9enne d&rsquo;atteindre moins de 5 % de pr\u00e9valence tabagique adulte au sein de l\u2019Union europ\u00e9enne d&rsquo;ici 2040.<\/p>\n<p style=\"text-align: justify\">Cette mesure n\u2019est pas en discussion uniquement en France. Elle a \u00e9t\u00e9 initialement propos\u00e9e par la Nouvelle-Z\u00e9lande qui avait fortement r\u00e9duit la pr\u00e9valence tabagique dans le pays et \u00e9galement le Royaume-Uni o\u00f9 le texte est en cours d\u2019adoption. Aux Maldives, une loi similaire a \u00e9t\u00e9 adopt\u00e9e et vient d\u2019entrer en vigueur. L\u2019opposition de l\u2019industrie \u00e0 cette mesure est f\u00e9roce et le cas de la Nouvelle-Z\u00e9lande en constitue une illustration\u00a0: la ministre de la Sant\u00e9 issue d\u2019une coalition conservatrice arriv\u00e9e au pouvoir en 2023 <a href=\"https:\/\/www.generationsanstabac.org\/fr\/actualites\/nouvelle-zelande-le-parti-travailliste-demande-la-demission-de-la-ministre-costello-liee-a-lindustrie-du-tabac\/\">est accus\u00e9e de collusion avec l\u2019industrie du tabac et a fait abolir la mesure<\/a>.<\/p>\n<p style=\"text-align: justify\"><strong style=\"text-align: justify\"><a href=\"https:\/\/www.generationsanstabac.org\/\">\u00a9G\u00e9n\u00e9ration Sans Tabac<\/a><\/strong><\/p>\n<p style=\"text-align: right\"><em><strong>AD<\/strong><\/em><\/p>\n<hr \/>\n<p style=\"text-align: justify\"><a href=\"#_ftnref1\" name=\"_ftn1\">[1]<\/a>Apolline Le Romanser, <a href=\"https:\/\/www.liberation.fr\/societe\/sante\/lutter-contre-la-spirale-de-laddiction-une-proposition-de-loi-pour-interdire-la-vente-de-tabac-a-partir-de-la-generation-2014-20251104_BMREIZMVRJANPL6QF4BOKBYX2U\/\">\u00ab Lutter contre la spirale de l\u2019addiction \u00bb\u00a0: une proposition de loi pour interdire la vente de tabac \u00e0 partir de la g\u00e9n\u00e9ration 2014<\/a>, Lib\u00e9ration, publi\u00e9 le 4 novembre 2025, consult\u00e9 le m\u00eame jour<\/p>\n<p style=\"text-align: justify\"><a href=\"#_ftnref2\" name=\"_ftn2\">[2]<\/a>G\u00e9n\u00e9ration sans tabac, <a href=\"https:\/\/www.generationsanstabac.org\/fr\/actualites\/70-des-francais-favorables-a-larret-progressif-de-la-vente-de-tabac-aux-nouvelles-generations\/\">70 % des Fran\u00e7ais favorables \u00e0 l\u2019arr\u00eat progressif de la vente de tabac aux nouvelles g\u00e9n\u00e9rations<\/a>, publi\u00e9 le 10 f\u00e9vrier 2025, consult\u00e9 le 4 novembre 2025<\/p>\n<p style=\"text-align: justify\"><a href=\"#_ftnref3\" name=\"_ftn3\">[3]<\/a>AFP, <a href=\"https:\/\/www.france24.com\/fr\/info-en-continu\/20251104-une-proposition-de-loi-veut-cr%C3%A9er-la-premi%C3%A8re-g%C3%A9n%C3%A9ration-sans-tabac\">Une proposition de loi veut cr\u00e9er la premi\u00e8re g\u00e9n\u00e9ration sans tabac<\/a>, France 24, publi\u00e9 le 4 novembre 2025, consult\u00e9 le m\u00eame jour<\/p>\n<p style=\"text-align: justify\"><strong style=\"color: #999999\"><a style=\"color: #999999\" href=\"http:\/\/www.cnct.fr\/\" target=\"_blank\" rel=\"noopener noreferrer\">Comit\u00e9 national contre le tabagisme |<\/a><\/strong><\/p>\n","protected":false},"excerpt":{"rendered":"<p>On November 4, 2025, Green Party MP Nicolas Thierry (Gironde) presented a cross-party bill aimed at banning the sale of tobacco to people born on or after January 1, 2014. This measure, championed by the Alliance Against Tobacco (ACT) and supported by its members, including the National Committee Against Smoking (CNCT) and the League Against Cancer, is part of a plan for an effective and progressive ban on tobacco for all people who reach the age of majority from 2032 onwards.<\/p>","protected":false},"featured_media":25385,"template":"","tags":[],"thematique":[491],"class_list":["post-25382","actualites","type-actualites","status-publish","has-post-thumbnail","hentry","thematique-politiques-publiques"],"acf":[],"_links":{"self":[{"href":"https:\/\/www.generationsanstabac.org\/en\/wp-json\/wp\/v2\/actualites\/25382","targetHints":{"allow":["GET"]}}],"collection":[{"href":"https:\/\/www.generationsanstabac.org\/en\/wp-json\/wp\/v2\/actualites"}],"about":[{"href":"https:\/\/www.generationsanstabac.org\/en\/wp-json\/wp\/v2\/types\/actualites"}],"version-history":[{"count":1,"href":"https:\/\/www.generationsanstabac.org\/en\/wp-json\/wp\/v2\/actualites\/25382\/revisions"}],"predecessor-version":[{"id":25386,"href":"https:\/\/www.generationsanstabac.org\/en\/wp-json\/wp\/v2\/actualites\/25382\/revisions\/25386"}],"wp:featuredmedia":[{"embeddable":true,"href":"https:\/\/www.generationsanstabac.org\/en\/wp-json\/wp\/v2\/media\/25385"}],"wp:attachment":[{"href":"https:\/\/www.generationsanstabac.org\/en\/wp-json\/wp\/v2\/media?parent=25382"}],"wp:term":[{"taxonomy":"post_tag","embeddable":true,"href":"https:\/\/www.generationsanstabac.org\/en\/wp-json\/wp\/v2\/tags?post=25382"},{"taxonomy":"thematique","embeddable":true,"href":"https:\/\/www.generationsanstabac.org\/en\/wp-json\/wp\/v2\/thematique?post=25382"}],"curies":[{"name":"wp","href":"https:\/\/api.w.org\/{rel}","templated":true}]}}