{"id":25337,"date":"2025-11-01T07:00:43","date_gmt":"2025-11-01T06:00:43","guid":{"rendered":"https:\/\/www.generationsanstabac.org\/?post_type=actualites&#038;p=25337"},"modified":"2025-10-30T18:57:53","modified_gmt":"2025-10-30T17:57:53","slug":"des-acteurs-de-la-sante-britanniques-reclament-des-mesures-pour-interdire-le-tabagisme-et-le-vapotage-aux-jeunes-generations","status":"publish","type":"actualites","link":"https:\/\/www.generationsanstabac.org\/en\/actualites\/des-acteurs-de-la-sante-britanniques-reclament-des-mesures-pour-interdire-le-tabagisme-et-le-vapotage-aux-jeunes-generations\/","title":{"rendered":"British health officials are calling for measures to ban smoking and vaping among younger generations."},"content":{"rendered":"<p style=\"text-align: justify\"><em>Plus de 1 200 professionnels de sant\u00e9 britanniques \u2013 m\u00e9decins, sage-femmes, directeurs de la sant\u00e9 publique, conseillers en sevrage tabagique, universitaires, cliniciens, infirmi\u00e8res, agents des normes commerciales, professionnels de la sant\u00e9 environnementale et conseillers \u2013 ont appel\u00e9 dans une lettre les partis politiques \u00e0 adopter sans d\u00e9lai le Tobacco and Vapes Bill<a href=\"#_ftn1\" name=\"_ftnref1\"><strong>[1]<\/strong><\/a>, d\u00e9pos\u00e9 le 5 novembre 2024 et dont l\u2019examen a repris \u00e0 la Chambre des Lords le 27 octobre 2025. La lettre souligne qu&rsquo;il s&rsquo;est \u00e9coul\u00e9 six mois entre la deuxi\u00e8me lecture du projet de loi et le d\u00e9bat de lundi, et que selon leurs estimations, environ 124 600 jeunes de 18 \u00e0 25 ans auraient commenc\u00e9 \u00e0 fumer depuis la pr\u00e9sentation du texte en novembre 2024<a href=\"#_ftn2\" name=\"_ftnref2\"><strong>[2]<\/strong><\/a>.<\/em><\/p>\n<h2 style=\"text-align: justify\">Ce que contient le Tobacco and Vapes Bill<\/h2>\n<p style=\"text-align: justify\">Le projet de loi, consid\u00e9r\u00e9 comme l\u2019une des mesures de sant\u00e9 publique les plus ambitieuses de ces derni\u00e8res d\u00e9cennies, vise \u00e0 interdire la vente de tabac \u00e0 toute personne n\u00e9e apr\u00e8s le 1<sup>er<\/sup> janvier 2009, afin de cr\u00e9er une g\u00e9n\u00e9ration sans tabac. \u00c0 cela s\u2019ajoute un volet destin\u00e9 \u00e0 encadrer strictement la commercialisation des produits de vapotage dans une perspective de pr\u00e9vention \u00e0 l\u2019\u00e9gard des jeunes.<\/p>\n<p style=\"text-align: justify\">Concernant l\u2019interdiction g\u00e9n\u00e9rationnelle de tabac, le texte pr\u00e9voit une hausse progressive de l\u2019\u00e2ge du client auquel un vendeur a le droit de vendre du tabac. Cette progression sera d\u2019un an chaque ann\u00e9e \u00e0 partir de 2027. Actuellement, l\u2019\u00e2ge l\u00e9gal d\u2019une personne \u00e0 qui l\u2019on peut vendre un produit du tabac est de 18 ans.<\/p>\n<p style=\"text-align: justify\">Concernant les produits du vapotage, des restrictions sont pr\u00e9vues sur la vente, la promotion, les emballages et les ar\u00f4mes, notamment ceux ciblant les mineurs, comme les emballages color\u00e9s et les saveurs sucr\u00e9es. Des restrictions sur la teneur en nicotine sont aussi envisag\u00e9es.<\/p>\n<p style=\"text-align: justify\">De plus, les sanctions sont renforc\u00e9es contre les d\u00e9taillants contrevenant \u00e0 la loi, les autorit\u00e9s locales disposant de pouvoirs accrus pour les faire appliquer et les agences gouvernementales \u00e9tant dot\u00e9es de nouveaux pouvoirs pour saisir le tabac et les cigarettes \u00e9lectroniques ill\u00e9gaux.<\/p>\n<p style=\"text-align: justify\">Tout cela participe d\u2019une strat\u00e9gie du gouvernement pour cr\u00e9er un pays sans fum\u00e9e, alors que le tabagisme est responsable de plus de 70 000 d\u00e9c\u00e8s annuels \u00e9vitables au Royaume-Uni et co\u00fbte des milliards de livres sterling au syst\u00e8me de sant\u00e9.<\/p>\n<h2 style=\"text-align: justify\">Mobilisation du secteur de la sant\u00e9 et soutien de l\u2019opinion publique<\/h2>\n<p style=\"text-align: justify\">Les organisations de sant\u00e9 publique soulignent le retard politique pris dans l\u2019adoption du texte, qualifi\u00e9 d\u2019\u00ab <em>opportunit\u00e9 historique de prot\u00e9ger les g\u00e9n\u00e9rations futures<\/em>\u00a0\u00bb.<\/p>\n<p style=\"text-align: justify\">Action on Smoking and Health (ASH) rappelle que 350 jeunes commencent \u00e0 fumer chaque jour au Royaume-Uni.<\/p>\n<p style=\"text-align: justify\">Cancer Research UK, Asthma + Lung UK et la British Heart Foundation insistent sur l\u2019impact sanitaire majeur du tabac, cause principale de cancer et de maladies respiratoires. Selon le Dr. Charmaine Griffiths, directrice g\u00e9n\u00e9rale de la British Heart Foundation, pr\u00e8s de 18\u00a0000 d\u00e9c\u00e8s annuels li\u00e9s \u00e0 des maladies cardiovasculaires sont attribuables au tabagisme.<\/p>\n<p style=\"text-align: justify\">Plusieurs associations plaident pour un financement accru des services de sevrage tabagique, notamment via une taxe sur l\u2019industrie du tabac.<\/p>\n<p style=\"text-align: justify\">Par ailleurs, selon un sondage paru en avril 2025, <a href=\"https:\/\/www.generationsanstabac.org\/fr\/actualites\/royaume-uni-une-enquete-revele-que-la-population-soutient-des-politiques-de-sante-audacieuses\/\">la majorit\u00e9 de la population britannique soutient des politiques ambitieuses pour am\u00e9liorer la sant\u00e9<\/a>. Parmi les r\u00e9pondants, 73 % soutiennent l\u2019interdiction de fumer dans des espaces comme les aires de jeux, devant les \u00e9coles et les abords des h\u00f4pitaux. De plus, 61 % des personnes soutiennent la r\u00e9duction du nombre de d\u00e9taillants autoris\u00e9s \u00e0 vendre du tabac afin d\u2019en limiter la disponibilit\u00e9, et 49 % seraient favorables \u00e0 l\u2019interdiction du tabagisme dans des lieux publics ext\u00e9rieurs (terrasses des pubs, restaurants, bars, clubs, caf\u00e9s\u2026).<\/p>\n<h2 style=\"text-align: justify\">Appel \u00e0 une action rapide, face \u00e0 une ing\u00e9rence prononc\u00e9e de l\u2019industrie<\/h2>\n<p style=\"text-align: justify\">Les signataires du courrier adress\u00e9 aux porte-parole de la sant\u00e9 jugent qu\u2019un nouveau retard constituerait un \u00e9chec national, dans un pays o\u00f9 11,9 % des adultes fument, soit l&rsquo;\u00e9quivalent d&rsquo;environ 6 millions de personnes<a href=\"#_ftn3\" name=\"_ftnref3\">[3]<\/a>.<\/p>\n<p style=\"text-align: justify\">Ils demandent une adoption rapide du projet de loi, estimant qu\u2019il repr\u00e9sente une avanc\u00e9e historique vers un Royaume-Uni sans tabac. Il s\u2019agit selon eux d\u2019une \u00e9tape essentielle pour r\u00e9duire les in\u00e9galit\u00e9s de sant\u00e9, les d\u00e9c\u00e8s pr\u00e9matur\u00e9s et le co\u00fbt \u00e9conomique du tabagisme pour le syst\u00e8me de sant\u00e9 et les services sociaux.<\/p>\n<p style=\"text-align: justify\">Peter Roderick, porte-parole de l&rsquo;Association des directeurs de la sant\u00e9 publique pour la lutte contre la toxicomanie, estime qu\u2019\u00ab <em>il est donc d\u2019une importance vitale que ce projet de loi, qui est l\u2019occasion de sauver encore plus de vies, de prot\u00e9ger les g\u00e9n\u00e9rations futures de la d\u00e9pendance \u00e0 ce produit mortel et de donner la libert\u00e9 de vivre une vie plus saine aux 88 % de personnes \u2013 y compris des milliers de personnes m\u00e9dicalement vuln\u00e9rables \u2013 qui ne fument pas, soit adopt\u00e9 sans plus tarder.<\/em> \u00bb.<\/p>\n<p style=\"text-align: justify\">\u00c0 l\u2019oppos\u00e9, des groupes de producteurs de tabac ont\u00a0menac\u00e9 le gouvernement\u00a0de poursuites judiciaires concernant le projet d&rsquo;interdiction g\u00e9n\u00e9rationnelle et ont tent\u00e9 de rassembler des soutiens parmi les d\u00e9put\u00e9s conservateurs pour \u00e9dulcorer les propositions.<\/p>\n<p style=\"text-align: justify\">The Guardian et Examination, un support m\u00e9diatique \u00e0 but non lucratif qui enqu\u00eate sur les menaces sanitaires mondiales, ont ainsi rapport\u00e9 en juin 2025 des liens entre des parlementaires britanniques et les lobbies industriels. Ainsi, le pair conservateur Ed Vaizey a propos\u00e9 de reporter une autre proposition cl\u00e9 du projet de loi concernant l&rsquo;interdiction du tabac chauff\u00e9, quelques semaines apr\u00e8s que Philip Morris International (PMI) a financ\u00e9 sa visite dans son centre de recherche en Suisse. En octobre 2025, les m\u00eames enqu\u00eateurs ont r\u00e9v\u00e9l\u00e9 que Lord Strathcarron aurait propos\u00e9 un amendement visant \u00e0 r\u00e9duire la port\u00e9e de la future interdiction de vente g\u00e9n\u00e9rationnelle du tabac, <a href=\"https:\/\/www.generationsanstabac.org\/fr\/actualites\/royaume-uni-un-cas-de-conflit-dinterets-ravive-le-debat-sur-lingerence-de-lindustrie-du-tabac\/\">ce parlementaire ayant des liens avec un haut responsable de British American Tobacco (BAT)<\/a>.<\/p>\n<p style=\"text-align: justify\">Ces tentatives d\u2019interf\u00e9rences de la part du lobby du tabac pour mettre \u00e0 mal un texte l\u00e9gislatif massivement soutenu par l\u2019opinion et les acteurs de sant\u00e9 publique souligne l\u2019enjeu de la protection des politiques publiques \u00e0 l\u2019\u00e9gard de ce lobby direct et indirect de l\u2019industrie du tabac. C\u2019est, rappellent les professionnels de sant\u00e9, l\u2019une des obligations \u00e0 laquelle le Royaume-Uni s\u2019est engag\u00e9 en ratifiant le trait\u00e9 de la Convention-cadre de l\u2019OMS pour la lutte antitabac (CCLAT) le 16 d\u00e9cembre 2004.<\/p>\n<p style=\"text-align: justify\"><strong style=\"text-align: justify\"><a href=\"https:\/\/www.generationsanstabac.org\/\">\u00a9G\u00e9n\u00e9ration Sans Tabac<\/a><\/strong><\/p>\n<p style=\"text-align: right\"><em><strong>AD<\/strong><\/em><\/p>\n<hr \/>\n<p style=\"text-align: justify\"><a href=\"#_ftnref1\" name=\"_ftn1\">[1]<\/a>Smokefree Action, <a href=\"https:\/\/ash.org.uk\/uploads\/cross-party-letter-to-all-health-spokespeople.pdf?v=1761235193\">Saving lives and protecting the NHS<\/a>, publi\u00e9 le 27 octobre 2025, consult\u00e9 le 29 octobre 2025<\/p>\n<p style=\"text-align: justify\"><a href=\"#_ftnref2\" name=\"_ftn2\">[2]<\/a>ASH, <a href=\"https:\/\/ash.org.uk\/media-centre\/news\/press-releases\/health-leaders-demand-action-on-generational-smoking-ban\">Health Leaders Demand Action on Generational Smoking Ban<\/a>, publi\u00e9 le 27 octobre 2025, consult\u00e9 le 29 octobre 2025<\/p>\n<p style=\"text-align: justify\"><a href=\"#_ftnref3\" name=\"_ftn3\">[3]<\/a>Morgan Ofori, <a href=\"https:\/\/www.theguardian.com\/society\/2025\/oct\/27\/uk-tobacco-and-vapes-bill-experts-letter\">Over 1,200 health leaders call for swift passage of UK tobacco and vapes bill<\/a>, The Guardian, publi\u00e9 le 27 octobre 2025, consult\u00e9 le 29 octobre 2025<\/p>\n<p style=\"text-align: justify\"><strong style=\"color: #999999\"><a style=\"color: #999999\" href=\"http:\/\/www.cnct.fr\/\" target=\"_blank\" rel=\"noopener noreferrer\">Comit\u00e9 national contre le tabagisme |<\/a><\/strong><\/p>\n","protected":false},"excerpt":{"rendered":"<p>More than 1,200 British healthcare professionals \u2013 including doctors, midwives, public health directors, smoking cessation counselors, academics, clinicians, nurses, trade standards officers, environmental health professionals, and advisors \u2013 have called on political parties in a letter to adopt the Tobacco and Vapes Bill without delay. The bill was introduced on November 5, 2024, and its consideration resumed in the House of Lords on October 27, 2025. The letter points out that six months have passed between the second reading of the bill and Monday&#039;s debate, and that, according to their estimates, approximately 124,600 young people aged 18 to 25 have started smoking since the bill was introduced in November 2024.<\/p>","protected":false},"featured_media":25340,"template":"","tags":[],"thematique":[491],"class_list":["post-25337","actualites","type-actualites","status-publish","has-post-thumbnail","hentry","thematique-politiques-publiques"],"acf":[],"_links":{"self":[{"href":"https:\/\/www.generationsanstabac.org\/en\/wp-json\/wp\/v2\/actualites\/25337","targetHints":{"allow":["GET"]}}],"collection":[{"href":"https:\/\/www.generationsanstabac.org\/en\/wp-json\/wp\/v2\/actualites"}],"about":[{"href":"https:\/\/www.generationsanstabac.org\/en\/wp-json\/wp\/v2\/types\/actualites"}],"version-history":[{"count":3,"href":"https:\/\/www.generationsanstabac.org\/en\/wp-json\/wp\/v2\/actualites\/25337\/revisions"}],"predecessor-version":[{"id":25342,"href":"https:\/\/www.generationsanstabac.org\/en\/wp-json\/wp\/v2\/actualites\/25337\/revisions\/25342"}],"wp:featuredmedia":[{"embeddable":true,"href":"https:\/\/www.generationsanstabac.org\/en\/wp-json\/wp\/v2\/media\/25340"}],"wp:attachment":[{"href":"https:\/\/www.generationsanstabac.org\/en\/wp-json\/wp\/v2\/media?parent=25337"}],"wp:term":[{"taxonomy":"post_tag","embeddable":true,"href":"https:\/\/www.generationsanstabac.org\/en\/wp-json\/wp\/v2\/tags?post=25337"},{"taxonomy":"thematique","embeddable":true,"href":"https:\/\/www.generationsanstabac.org\/en\/wp-json\/wp\/v2\/thematique?post=25337"}],"curies":[{"name":"wp","href":"https:\/\/api.w.org\/{rel}","templated":true}]}}