{"id":25181,"date":"2025-10-18T07:00:50","date_gmt":"2025-10-18T05:00:50","guid":{"rendered":"https:\/\/www.generationsanstabac.org\/?post_type=actualites&#038;p=25181"},"modified":"2025-10-10T18:16:35","modified_gmt":"2025-10-10T16:16:35","slug":"au-quebec-lutilisation-de-sachets-de-nicotine-par-les-jeunes-inquiete-des-experts-de-sante","status":"publish","type":"actualites","link":"https:\/\/www.generationsanstabac.org\/en\/actualites\/au-quebec-lutilisation-de-sachets-de-nicotine-par-les-jeunes-inquiete-des-experts-de-sante\/","title":{"rendered":"In Quebec, the use of nicotine pouches by young people worries health experts"},"content":{"rendered":"<p style=\"text-align: justify\"><em>Une \u00e9tude canadienne r\u00e9cente r\u00e9v\u00e8le que les sachets de nicotine gagnent rapidement en popularit\u00e9 chez les jeunes, au point d\u2019\u00eatre presque aussi r\u00e9pandus que la cigarette traditionnelle<a href=\"#_ftn1\" name=\"_ftnref1\"><strong>[1]<\/strong><\/a>. Selon le Dr Richard E. B\u00e9langer, p\u00e9diatre et professeur \u00e0 l\u2019Universit\u00e9 Laval, ces produits pr\u00e9sentent plusieurs caract\u00e9ristiques favorisant leur adoption : des saveurs attractives, des taux \u00e9lev\u00e9s de nicotine et l\u2019absence de combustion, ce qui les rend socialement plus acceptables. Il alerte sur le fait que les gains en sant\u00e9 chez les jeunes obtenus gr\u00e2ce \u00e0 la r\u00e9duction du tabagisme dans les ann\u00e9es 1990-2000 sont en train de s\u2019effacer.<\/em><\/p>\n<h2 style=\"text-align: justify\">Un usage r\u00e9pandu et en hausse chez les jeunes<\/h2>\n<p style=\"text-align: justify\">L\u2019\u00e9tude, men\u00e9e aupr\u00e8s de pr\u00e8s de 14 000 \u00e9l\u00e8ves de 11 \u00e0 17 ans dans 33 \u00e9coles du Qu\u00e9bec dans le cadre du projet COMPASS, indique que 13 % des jeunes ont utilis\u00e9 une cigarette \u00e9lectronique au cours du dernier mois, contre 3 % pour la cigarette traditionnelle de tabac et 2,6 % pour les sachets de nicotine. L\u2019usage des sachets de nicotine augmente significativement avec l\u2019\u00e2ge : les \u00e9l\u00e8ves du secondaire sont trois fois plus susceptibles d\u2019en consommer que ceux des niveaux inf\u00e9rieurs.<\/p>\n<p style=\"text-align: justify\">Parmi les utilisateurs de sachets, 28 % fument \u00e9galement et 72 % vapotent. Les jeunes d\u00e9clarent pouvoir en faire usage sans contraintes, ces produits \u00e9tant faciles \u00e0 transporter, cacher, consommer et partager, et ne produisant ni fum\u00e9e ni a\u00e9rosol. Le Dr B\u00e9langer souligne que, malgr\u00e9 les r\u00e9glementations en vigueur, ces derni\u00e8res n\u2019emp\u00eachent pas l\u2019acc\u00e8s des jeunes \u00e0 ces produits : \u00ab <em>M\u00eame si des r\u00e8gles existent, elles ne semblent pas freiner leur approvisionnement<\/em> \u00bb, constate-t-il.<\/p>\n<p style=\"text-align: justify\">Au Qu\u00e9bec, seuls les pharmaciens peuvent vendre des sachets de nicotine depuis 2024, mais plusieurs interrog\u00e9s par\u00a0Le Journal\u00a0dans la r\u00e9gion de Qu\u00e9bec affirment ne plus en proposer \u00e0 la vente, en raison de leur usage par les jeunes<a href=\"#_ftn2\" name=\"_ftnref2\">[2]<\/a>.<\/p>\n<p style=\"text-align: justify\">\u00ab <em>Nous on s\u2019est dit : on les retire tout simplement de nos pr\u00e9sentoirs et on ne rentre pas dans la distribution de ce produit-l\u00e0<\/em> \u00bb, raconte Christian Pag\u00e9, pharmacien affili\u00e9 \u00e0 Familiprix, qui ajoute que ces sachets sont parfois accessibles en vente libre, \u00ab <em>sans prescription<\/em> \u00bb. \u00ab <em>Comment veux-tu faire ton bon gardien de la population alors que le produit est disponible sans prescription ?<\/em> \u00bb, interroge-t-il.<\/p>\n<p style=\"text-align: justify\">M\u00eame position pour un autre pharmacien, rest\u00e9 anonyme et cette fois-ci affili\u00e9 \u00e0 Jean Coutu\u00a0: \u00ab <em>C\u2019est s\u00fbr qu\u2019il y a une forte demande<\/em>\u00a0[\u2026]<em>\u00a0Depuis un an, on a au moins une dizaine de demandes par semaine.<\/em> \u00bb. Ce pharmacien fait part d\u2019un \u00ab <em>profond malaise<\/em> \u00bb puisque l\u2019une des marques de sachets de nicotine est commercialis\u00e9e par le cigarettier Imperial Tobacco. \u00ab <em>\u00c7a donne l\u2019impression qu\u2019ils ont trouv\u00e9 un moyen de contourner, via les pharmaciens, la perte de vitesse de la cigarette aupr\u00e8s des jeunes<\/em> \u00bb, d\u00e9nonce-t-il.<\/p>\n<p style=\"text-align: justify\">Alors qu\u2019une cigarette classique contient environ 1 mg de nicotine, les sachets homologu\u00e9s vendus en pharmacie en contiennent de 2 \u00e0 4 mg. Sur le march\u00e9 noir, leur concentration peut atteindre jusqu\u2019\u00e0 50 mg, selon l\u2019\u00e9tude. Initialement pr\u00e9sent\u00e9s pour aider les adultes \u00e0 arr\u00eater de fumer, ces produits pourraient, selon le Dr B\u00e9langer, devenir une porte d\u2019entr\u00e9e vers d\u2019autres formes de consommation de nicotine plus nocives.<\/p>\n<h2 style=\"text-align: justify\">Une m\u00e9connaissance persistante des risques, aliment\u00e9e par la d\u00e9sinformation de l\u2019industrie<\/h2>\n<p style=\"text-align: justify\">L\u2019\u00e9tude met aussi en \u00e9vidence un manque d\u2019information sur les risques li\u00e9s \u00e0 la nicotine. Pr\u00e8s d\u2019un quart des jeunes interrog\u00e9s (23 %) ignorent que les sachets pr\u00e9sentent des risques pour leur sant\u00e9, et 16 % ne savent pas qu\u2019ils sont addictifs. Pour le chercheur, l\u2019\u00e9ducation et la pr\u00e9vention demeurent donc essentielles pour limiter leur usage.<\/p>\n<p style=\"text-align: justify\">Le Dr B\u00e9langer rappelle que ces produits, apparus sur le march\u00e9 \u00e0 partir de 2019, font encore l\u2019objet de peu d\u2019\u00e9tudes scientifiques, et il appelle \u00e0 renforcer la r\u00e9glementation. Certaines recherches r\u00e9centes commencent toutefois \u00e0 montrer les effets de ces produits, par exemple leurs effets bucco-dentaires en lien avec la quantit\u00e9 de nicotine absorb\u00e9e par les gencives, sugg\u00e9rant des impacts potentiels sur la sant\u00e9 \u00e0 long terme.<\/p>\n<p style=\"text-align: justify\">La porte-parole de la Coalition qu\u00e9b\u00e9coise sur le contr\u00f4le du tabac, Flory Doucas, explique qu\u2019\u00ab <em>On a compl\u00e8tement banalis\u00e9 la nicotine, notamment sur les r\u00e9seaux sociaux. On a des influenceurs, par exemple, qui disent que \u00e7a leur permet d\u2019\u00eatre mieux concentr\u00e9s.<\/em> \u00bb<a href=\"#_ftn3\" name=\"_ftnref3\">[3]<\/a>.<\/p>\n<h2 style=\"text-align: justify\">Vers un renforcement de la r\u00e9glementation\u00a0?<\/h2>\n<p style=\"text-align: justify\">\u00ab <em>Les r\u00e8gles ne sont pas assez robustes<\/em>\u00a0\u00bb, d\u00e9nonce M<sup>me<\/sup>\u00a0Doucas, qui juge que le processus d\u2019homologation de ces produits par Sant\u00e9 Canada est trop rapide. \u00ab\u00a0<em>C\u2019est consid\u00e9r\u00e9 comme \u00e9tant de sant\u00e9 naturelle. Le processus est moins exhaustif que pour d\u2019autres m\u00e9dicaments.<\/em> \u00bb.<\/p>\n<p style=\"text-align: justify\">La r\u00e9glementation f\u00e9d\u00e9rale, modifi\u00e9e en ao\u00fbt 2024, n\u2019impose pas d\u2019\u00e2ge l\u00e9gal ou de m\u00e9canisme de v\u00e9rification de l\u2019\u00e2ge des personnes voulant se procurer de tels sachets en pharmacie.<\/p>\n<p style=\"text-align: justify\">Ottawa a r\u00e9agi en expliquant que selon le gouvernement, imposer un \u00e2ge l\u00e9gal ne serait pas une mesure jug\u00e9e assez efficace pour emp\u00eacher des mineurs de se procurer de tels produits. Le cigarettier Imperial Tobacco estime que 500 millions de sachets de nicotine sont pr\u00e9sents sur le march\u00e9 noir.<\/p>\n<p style=\"text-align: justify\">Le cabinet du ministre de la Sant\u00e9 du Qu\u00e9bec se dit pr\u00e9occup\u00e9 par l\u2019attirance des adolescents pour les sachets de nicotine et, dans une d\u00e9claration, assure examiner \u00ab <em>rapidement la situation li\u00e9e \u00e0 la vente de produits de cessation \u00e0 des enfants dans certaines pharmacies.<\/em>\u00a0\u00bb.<\/p>\n<p style=\"text-align: justify\">D\u2019autres pays, <a href=\"https:\/\/www.generationsanstabac.org\/fr\/actualites\/la-france-publie-son-decret-interdisant-les-sachets-et-autres-produits-oraux-de-la-nicotine-non-pharmaceutiques\/\">comme la France<\/a>, ont d\u00e9j\u00e0 fait le choix d\u2019interdire ces produits, consid\u00e9r\u00e9s comme une prolongation de l\u2019\u00e9pid\u00e9mie de d\u00e9pendance nicotinique qui frappe notamment la jeunesse.<\/p>\n<p style=\"text-align: justify\"><strong style=\"text-align: justify\"><a href=\"https:\/\/www.generationsanstabac.org\/\">\u00a9G\u00e9n\u00e9ration Sans Tabac<\/a><\/strong><\/p>\n<p style=\"text-align: right\"><em><strong>AD<\/strong><\/em><\/p>\n<hr \/>\n<p style=\"text-align: justify\"><a href=\"#_ftnref1\" name=\"_ftn1\">[1]<\/a>Alexis Drapeau-Bordage, <a href=\"https:\/\/www.ledevoir.com\/actualites\/sante\/922632\/utilisation-sachets-nicotine-jeunes-inquiete-chercheurs\">L\u2019utilisation de sachets de nicotine par les jeunes inqui\u00e8te des chercheurs<\/a>, Le Devoir, publi\u00e9 le 4 octobre 2025, consult\u00e9 le 6 octobre 2025<\/p>\n<p style=\"text-align: justify\"><a href=\"#_ftnref2\" name=\"_ftn2\">[2]<\/a>Jean-Philippe Guilbault, <a href=\"https:\/\/www.qub.ca\/article\/ca-rattrape-toute-la-lutte-au-tabac-les-sachets-de-nicotine-gagnent-en-popularite-chez-les-jeunes-quebecois-selon-une-recente-etude-1428255034?silent_auth=true\">\u00ab\u00c7\u2019a rattrap\u00e9 toute la lutte au tabac!\u00bb: les sachets de nicotine gagnent en popularit\u00e9 chez les jeunes Qu\u00e9b\u00e9cois<\/a>, QUB, publi\u00e9 le 30 septembre 2025, consult\u00e9 le 6 octobre 2025<\/p>\n<p style=\"text-align: justify\"><a href=\"#_ftnref3\" name=\"_ftn3\">[3]<\/a>Jean-Philippe Guilbault, <a href=\"https:\/\/www.journaldequebec.com\/2025\/10\/01\/les-regles-ne-sont-pas-assez-robustes-appels-a-resserrer-la-reglementation-autour-des-produits-contenant-de-la-nicotine\">\u00abLes r\u00e8gles ne sont pas assez robustes\u00bb: appels \u00e0 resserrer la r\u00e9glementation autour des produits contenant de la nicotine<\/a>, Le Journal de Qu\u00e9bec, publi\u00e9 le 1 octobre 2025, consult\u00e9 le 6 octobre 2025<\/p>\n<p style=\"text-align: justify\"><strong style=\"color: #999999\"><a style=\"color: #999999\" href=\"http:\/\/www.cnct.fr\/\" target=\"_blank\" rel=\"noopener noreferrer\">Comit\u00e9 national contre le tabagisme |<\/a><\/strong><\/p>\n","protected":false},"excerpt":{"rendered":"<p>A recent Canadian study reveals that nicotine pouches are rapidly gaining popularity among young people, to the point where they are almost as widespread as traditional cigarettes. According to Dr. Richard E. B\u00e9langer, a pediatrician and professor at Laval University, these products have several characteristics that encourage their adoption: attractive flavors, high nicotine levels, and the absence of combustion, which makes them more socially acceptable. He warns that the health gains among young people achieved through the reduction in smoking in the 1990s and 2000s are being reversed.<\/p>","protected":false},"featured_media":25185,"template":"","tags":[],"thematique":[491,474],"class_list":["post-25181","actualites","type-actualites","status-publish","has-post-thumbnail","hentry","thematique-politiques-publiques","thematique-sante"],"acf":[],"_links":{"self":[{"href":"https:\/\/www.generationsanstabac.org\/en\/wp-json\/wp\/v2\/actualites\/25181","targetHints":{"allow":["GET"]}}],"collection":[{"href":"https:\/\/www.generationsanstabac.org\/en\/wp-json\/wp\/v2\/actualites"}],"about":[{"href":"https:\/\/www.generationsanstabac.org\/en\/wp-json\/wp\/v2\/types\/actualites"}],"version-history":[{"count":3,"href":"https:\/\/www.generationsanstabac.org\/en\/wp-json\/wp\/v2\/actualites\/25181\/revisions"}],"predecessor-version":[{"id":25188,"href":"https:\/\/www.generationsanstabac.org\/en\/wp-json\/wp\/v2\/actualites\/25181\/revisions\/25188"}],"wp:featuredmedia":[{"embeddable":true,"href":"https:\/\/www.generationsanstabac.org\/en\/wp-json\/wp\/v2\/media\/25185"}],"wp:attachment":[{"href":"https:\/\/www.generationsanstabac.org\/en\/wp-json\/wp\/v2\/media?parent=25181"}],"wp:term":[{"taxonomy":"post_tag","embeddable":true,"href":"https:\/\/www.generationsanstabac.org\/en\/wp-json\/wp\/v2\/tags?post=25181"},{"taxonomy":"thematique","embeddable":true,"href":"https:\/\/www.generationsanstabac.org\/en\/wp-json\/wp\/v2\/thematique?post=25181"}],"curies":[{"name":"wp","href":"https:\/\/api.w.org\/{rel}","templated":true}]}}