{"id":25126,"date":"2025-10-07T07:00:15","date_gmt":"2025-10-07T05:00:15","guid":{"rendered":"https:\/\/www.generationsanstabac.org\/?post_type=actualites&#038;p=25126"},"modified":"2025-10-01T09:47:08","modified_gmt":"2025-10-01T07:47:08","slug":"des-experts-previennent-que-les-coupes-budgetaires-federales-americaines-pourraient-freiner-la-lutte-antitabac","status":"publish","type":"actualites","link":"https:\/\/www.generationsanstabac.org\/en\/actualites\/des-experts-previennent-que-les-coupes-budgetaires-federales-americaines-pourraient-freiner-la-lutte-antitabac\/","title":{"rendered":"Experts warn US federal budget cuts could hamper tobacco control"},"content":{"rendered":"<p style=\"text-align: justify\"><em>Un commentaire publi\u00e9 dans la revue Nicotine and Tobacco Research alerte sur les cons\u00e9quences de coupes importantes dans le budget des National Institutes of Health (NIH) aux \u00c9tats-Unis<a href=\"#_ftn1\" name=\"_ftnref1\"><strong>[1]<\/strong><\/a>, qui affecterait notamment la lutte contre le tabac et la nicotine.<\/em><\/p>\n<h2 style=\"text-align: justify\">Impact sur les programmes de sant\u00e9 publique<\/h2>\n<p style=\"text-align: justify\">Environ 2 milliards de dollars (1,7 milliard d\u2019euros) de subventions \u00e0 la recherche et 783 millions de dollars (667 millions d\u2019euros) consacr\u00e9s aux projets li\u00e9s \u00e0 la diversit\u00e9 et \u00e0 l\u2019inclusion ont \u00e9t\u00e9 supprim\u00e9s. Selon les auteurs, ces r\u00e9ductions compromettent les efforts de lutte contre le tabac et la r\u00e9duction des in\u00e9galit\u00e9s de sant\u00e9, alors que le tabagisme cause pr\u00e8s de 480 000 d\u00e9c\u00e8s pr\u00e9matur\u00e9s par an dans le pays et p\u00e8se plus de 600 milliards de dollars (511 milliards d\u2019euros) par an sur l\u2019\u00e9conomie am\u00e9ricaine.<\/p>\n<p style=\"text-align: justify\">Les chercheurs soulignent en particulier que l\u2019Institut des minorit\u00e9s et des disparit\u00e9s en sant\u00e9 a subi la plus forte proportion de suppressions de financements, impactant les travaux sur les minorit\u00e9s ethniques et sexuelles. Un rapport publi\u00e9 en 2024 par le ministre am\u00e9ricain de la Sant\u00e9 affirmait que \u00ab <em>les disparit\u00e9s dans la consommation [de tabac] persistent selon la race et l&rsquo;origine ethnique, le niveau de revenu, le niveau d&rsquo;\u00e9ducation, l&rsquo;orientation sexuelle, l&rsquo;identit\u00e9 de genre, le type d&#8217;emploi, la situation g\u00e9ographique et l&rsquo;\u00e9tat de sant\u00e9 comportementale<\/em>. \u00bb<a href=\"#_ftn2\" name=\"_ftnref2\">[2]<\/a>.<\/p>\n<p style=\"text-align: justify\">Les auteurs s\u2019inqui\u00e8tent \u00e9galement de la suppression compl\u00e8te de l\u2019Office of Smoking and Health des Centers for Disease Control and Prevention (CDC), \u00e0 l\u2019origine de la campagne Tips From Former Smokers. Celle-ci aurait permis de pr\u00e9venir pr\u00e8s de 130 000 d\u00e9c\u00e8s pr\u00e9matur\u00e9s et d\u2019\u00e9conomiser 7,3 milliards de dollars (6,2 milliards d\u2019euros) en frais de sant\u00e9, tout en augmentant consid\u00e9rablement le recours aux lignes t\u00e9l\u00e9phoniques d\u2019aide \u00e0 l\u2019arr\u00eat du tabac.<\/p>\n<p style=\"text-align: justify\">Plusieurs \u00c9tats ont d\u00e9j\u00e0 constat\u00e9 une r\u00e9duction, voire une disparition, du financement de ces dispositifs, mena\u00e7ant les progr\u00e8s r\u00e9alis\u00e9s dans la baisse du tabagisme.<\/p>\n<p style=\"text-align: justify\">Par ailleurs, des <a href=\"https:\/\/www.generationsanstabac.org\/fr\/actualites\/le-responsable-de-la-reglementation-du-tabac-de-la-fda-est-demis-de-ses-fonctions\/\">licenciements r\u00e9cents au sein du Center for Tobacco Products<\/a> de la Food and Drug Administration (FDA) et un <a href=\"https:\/\/www.generationsanstabac.org\/fr\/actualites\/le-projet-pilote-de-la-fda-sur-les-sachets-de-nicotine-allegerait-fortement-les-exigences-scientifiques-imposees-aux-fabricants\/\">assouplissement des exigences impos\u00e9es aux fabricants de sachets de nicotine<\/a> fragilisent la dimension protectrice des r\u00e9glementations, alors que des campagnes comme The Real Cost auraient contribu\u00e9 \u00e0 dissuader environ 450 000 jeunes d\u2019entrer dans la consommation de produits du vapotage entre 2023 et 2024.<\/p>\n<h2 style=\"text-align: justify\">Un appel \u00e0 pr\u00e9server la recherche et l\u2019\u00e9quit\u00e9 en sant\u00e9<\/h2>\n<p style=\"text-align: justify\">Face \u00e0 ces \u00e9volutions, les chercheurs appellent \u00e0 une mobilisation urgente pour restaurer les financements des programmes du NIH et des agences f\u00e9d\u00e9rales impliqu\u00e9es dans la lutte antitabac.<\/p>\n<p style=\"text-align: justify\">Ils insistent sur la n\u00e9cessit\u00e9 de maintenir une recherche diversifi\u00e9e et \u00e9quitable, capable de produire des interventions adapt\u00e9es aux populations les plus expos\u00e9es.<\/p>\n<p style=\"text-align: justify\">Le commentaire, intitul\u00e9 \u00ab\u00a0Act Now to Save Science: The Importance of Tobacco Health Equity Research\u00a0\u00bb et publi\u00e9 le 30 septembre 2025, plaide pour que science et politiques publiques travaillent de concert afin de r\u00e9duire durablement le fardeau du tabac et les in\u00e9galit\u00e9s de sant\u00e9 qui y sont associ\u00e9es.<\/p>\n<p style=\"text-align: justify\"><strong style=\"text-align: justify\"><a href=\"https:\/\/www.generationsanstabac.org\/\">\u00a9G\u00e9n\u00e9ration Sans Tabac<\/a><\/strong><\/p>\n<p style=\"text-align: right\"><em><strong>AD<\/strong><\/em><\/p>\n<hr \/>\n<p style=\"text-align: justify\"><a href=\"#_ftnref1\" name=\"_ftn1\">[1]<\/a>Bioengineer.org, <a href=\"https:\/\/bioengineer.org\/experts-caution-federal-budget-reductions-could-stall-progress-in-tobacco-control-efforts\/\">Experts Caution Federal Budget Reductions Could Stall Progress in Tobacco Control Efforts<\/a>, publi\u00e9 le 30 septembre 2025, consult\u00e9 le m\u00eame jour<\/p>\n<p style=\"text-align: justify\"><a href=\"#_ftnref2\" name=\"_ftn2\">[2]<\/a>Sadie Harley, Robert Egan, <a href=\"https:\/\/medicalxpress.com\/news\/2025-09-experts-federal-extinguish-momentum-tobacco.html\">Experts warn federal cuts may extinguish momentum in tobacco control<\/a>, Medical Xpress, publi\u00e9 le 30 septembre 2025, consult\u00e9 le 30 septembre 2025<\/p>\n<p style=\"text-align: justify\"><strong style=\"color: #999999\"><a style=\"color: #999999\" href=\"http:\/\/www.cnct.fr\/\" target=\"_blank\" rel=\"noopener noreferrer\">Comit\u00e9 national contre le tabagisme |<\/a><\/strong><\/p>\n","protected":false},"excerpt":{"rendered":"<p>A commentary published in the journal Nicotine and Tobacco Research warns of the consequences of significant cuts to the budget of the National Institutes of Health (NIH) in the United States, which would particularly affect the fight against tobacco and nicotine.<\/p>","protected":false},"featured_media":25131,"template":"","tags":[],"thematique":[491],"class_list":["post-25126","actualites","type-actualites","status-publish","has-post-thumbnail","hentry","thematique-politiques-publiques"],"acf":[],"_links":{"self":[{"href":"https:\/\/www.generationsanstabac.org\/en\/wp-json\/wp\/v2\/actualites\/25126","targetHints":{"allow":["GET"]}}],"collection":[{"href":"https:\/\/www.generationsanstabac.org\/en\/wp-json\/wp\/v2\/actualites"}],"about":[{"href":"https:\/\/www.generationsanstabac.org\/en\/wp-json\/wp\/v2\/types\/actualites"}],"version-history":[{"count":1,"href":"https:\/\/www.generationsanstabac.org\/en\/wp-json\/wp\/v2\/actualites\/25126\/revisions"}],"predecessor-version":[{"id":25132,"href":"https:\/\/www.generationsanstabac.org\/en\/wp-json\/wp\/v2\/actualites\/25126\/revisions\/25132"}],"wp:featuredmedia":[{"embeddable":true,"href":"https:\/\/www.generationsanstabac.org\/en\/wp-json\/wp\/v2\/media\/25131"}],"wp:attachment":[{"href":"https:\/\/www.generationsanstabac.org\/en\/wp-json\/wp\/v2\/media?parent=25126"}],"wp:term":[{"taxonomy":"post_tag","embeddable":true,"href":"https:\/\/www.generationsanstabac.org\/en\/wp-json\/wp\/v2\/tags?post=25126"},{"taxonomy":"thematique","embeddable":true,"href":"https:\/\/www.generationsanstabac.org\/en\/wp-json\/wp\/v2\/thematique?post=25126"}],"curies":[{"name":"wp","href":"https:\/\/api.w.org\/{rel}","templated":true}]}}