{"id":25115,"date":"2025-10-06T07:00:18","date_gmt":"2025-10-06T05:00:18","guid":{"rendered":"https:\/\/www.generationsanstabac.org\/?post_type=actualites&#038;p=25115"},"modified":"2025-10-06T17:19:40","modified_gmt":"2025-10-06T15:19:40","slug":"les-enfants-dont-le-pere-a-fume-a-ladolescence-pourraient-vieillir-plus-vite","status":"publish","type":"actualites","link":"https:\/\/www.generationsanstabac.org\/en\/actualites\/les-enfants-dont-le-pere-a-fume-a-ladolescence-pourraient-vieillir-plus-vite\/","title":{"rendered":"Children whose fathers smoked as teenagers may age faster"},"content":{"rendered":"<p style=\"text-align: justify\"><em>Selon une \u00e9tude pr\u00e9sent\u00e9e lors du congr\u00e8s de la Soci\u00e9t\u00e9 europ\u00e9enne de pneumologie (ERS) \u00e0 Amsterdam, les personnes dont le p\u00e8re a commenc\u00e9 \u00e0 fumer durant la pubert\u00e9 pr\u00e9sentent des signes de vieillissement biologique acc\u00e9l\u00e9r\u00e9 par rapport \u00e0 leur \u00e2ge r\u00e9el<a href=\"#_ftn1\" name=\"_ftnref1\"><strong>[1]<\/strong><\/a>. L\u2019analyse a port\u00e9 sur 892 participants \u00e2g\u00e9s de 7 \u00e0 50 ans originaires de pays europ\u00e9ens ou d\u2019Australie, qui ont fourni des \u00e9chantillons sanguins, dans le cadre de l\u2019\u00e9tude RHINESSA. Les chercheurs ont utilis\u00e9 des \u00ab horloges \u00e9pig\u00e9n\u00e9tiques \u00bb, un outil permettant d\u2019\u00e9valuer le vieillissement biologique \u00e0 partir de modifications mol\u00e9culaires sur l\u2019ADN.<\/em><\/p>\n<h2 style=\"text-align: justify\">Un lien entre tabagisme pr\u00e9coce des p\u00e8res et vieillissement biologique des enfants<\/h2>\n<p style=\"text-align: justify\">Les \u00e9chantillons de sang ont \u00e9t\u00e9 analys\u00e9s par les scientifiques, \u00e0 la recherche de changements \u00e9pig\u00e9n\u00e9tiques, qui ont ensuite appliqu\u00e9 trois scores diff\u00e9rents en fonction de l\u2019\u00e2ge g\u00e9n\u00e9tique. Les personnes interrog\u00e9es se sont aussi vu poser une s\u00e9rie de questions concernant leurs pratiques tabagiques et p\u00e9riodes de tabagisme et celles de leurs parents.<\/p>\n<p style=\"text-align: justify\">Les r\u00e9sultats montrent que les enfants de p\u00e8res ayant commenc\u00e9 \u00e0 fumer \u00e0 15 ans ou plus jeunes pr\u00e9sentent en moyenne 9 \u00e0 12 mois de vieillissement biologique suppl\u00e9mentaire. Cette diff\u00e9rence atteignait 14 \u00e0 15 mois lorsque les participants fumaient eux-m\u00eames.<\/p>\n<p style=\"text-align: justify\">En revanche, l\u2019effet \u00e9tait bien moindre lorsque les p\u00e8res avaient commenc\u00e9 \u00e0 fumer plus tard, et aucun lien clair n\u2019a \u00e9t\u00e9 observ\u00e9 pour le tabagisme maternel avant la grossesse.<\/p>\n<h2 style=\"text-align: justify\">Des implications pour la sant\u00e9 publique et les g\u00e9n\u00e9rations futures<\/h2>\n<p style=\"text-align: justify\">Le Dr. Juan Pablo L\u00f3pez-Cervantes, de l\u2019Universit\u00e9 de Bergen, en Norv\u00e8ge, souligne que ce vieillissement acc\u00e9l\u00e9r\u00e9 est associ\u00e9 \u00e0 un risque accru de maladies li\u00e9es \u00e0 l\u2019\u00e2ge, telles que cancers, arthrite et d\u00e9mence.<\/p>\n<p style=\"text-align: justify\">Les chercheurs estiment que fumer pendant la pubert\u00e9 pourrait modifier le mat\u00e9riel \u00e9pig\u00e9n\u00e9tique des cellules reproductrices masculines, transmettant ainsi ces effets aux enfants.<\/p>\n<p style=\"text-align: justify\">Pour les experts, ces r\u00e9sultats renforcent la n\u00e9cessit\u00e9 de pr\u00e9venir ou aider \u00e0 arr\u00eater la consommation de cigarettes chez les adolescents, d\u2019\u00e9tendre les recherches aux autres produits du tabac et de la nicotine et de faire de la pr\u00e9vention \u00e9ducative aupr\u00e8s des jeunes hommes en pleine pubert\u00e9.<\/p>\n<p style=\"text-align: justify\">Pour Sarah Sleet, directrice g\u00e9n\u00e9rale d&rsquo;Asthma and Lung UK, \u00ab\u00a0<em>Il est essentiel de financer de mani\u00e8re ad\u00e9quate les services d&rsquo;aide au sevrage tabagique. Vous avez trois fois plus de chances de r\u00e9ussir \u00e0 arr\u00eater de fumer si vous b\u00e9n\u00e9ficiez \u00e0 la fois d&rsquo;un accompagnement psychologique et d&rsquo;un traitement pour vous aider \u00e0 soulager vos envies et \u00e0 rompre votre d\u00e9pendance au tabac. <\/em>[\u2026] <em>Les services d&rsquo;aide au sevrage tabagique permettent en r\u00e9alit\u00e9 au Service national de sant\u00e9 britannique (NHS) de r\u00e9aliser des \u00e9conomies, mais ils devraient \u00eatre financ\u00e9s par une taxe \u00ab pollueur-payeur \u00bb impos\u00e9e \u00e0 l&rsquo;industrie du tabac, qui continue de r\u00e9aliser d&rsquo;\u00e9normes profits en nuisant \u00e0 la sant\u00e9 des gens, sans aucune sanction.<\/em> \u00bb<a href=\"#_ftn2\" name=\"_ftnref2\">[2]<\/a>.<\/p>\n<p style=\"text-align: justify\">Le Dr. Stamatoula Tsikrika, pr\u00e9sidente du groupe d\u2019experts de l\u2019ERS sur le tabac, rappelle que le tabac peut causer de l\u2019asthme, une bronchopneumopathie chronique obstructive (BPCO) ou un cancer, et que les fumeurs de 15 ans ou moins peuvent transmettre les effets nocifs du tabac aux g\u00e9n\u00e9rations suivantes. Elle souligne \u00e9galement que, malgr\u00e9 une baisse du tabagisme chez les jeunes, le recours au vapotage est en hausse, sans que ses effets \u00e0 long terme soient encore connus.<\/p>\n<p style=\"text-align: justify\">D\u2019apr\u00e8s l\u2019OMS, <a href=\"https:\/\/www.generationsanstabac.org\/fr\/actualites\/dapres-loms-les-enfants-dont-les-parents-fument-courent-un-risque-plus-eleve-de-retard-de-croissance\/\">les enfants dont les parents fument courent \u00e9galement un risque plus \u00e9lev\u00e9 de retard de croissance<\/a>. En 2024, plus de 150 millions d&rsquo;enfants de moins de 5 ans \u00e9taient trop petits pour leur \u00e2ge, ou souffraient d&rsquo;un retard de croissance.<\/p>\n<p style=\"text-align: justify\"><strong style=\"text-align: justify\"><a href=\"https:\/\/www.generationsanstabac.org\/\">\u00a9G\u00e9n\u00e9ration Sans Tabac<\/a><\/strong><\/p>\n<p style=\"text-align: right\"><em><strong>AD<\/strong><\/em><\/p>\n<hr \/>\n<p style=\"text-align: justify\"><a href=\"#_ftnref1\" name=\"_ftn1\">[1]<\/a>ERS, <a href=\"https:\/\/www.ersnet.org\/news-and-features\/news\/people-may-age-faster-if-their-dad-smoked-during-puberty\/\">People may age faster if their dad smoked during puberty<\/a>, publi\u00e9 le 29 septembre 2025, consult\u00e9 le m\u00eame jour<\/p>\n<p style=\"text-align: justify\"><a href=\"#_ftnref2\" name=\"_ftn2\">[2]<\/a>Ella Pickover, <a href=\"https:\/\/www.independent.co.uk\/news\/health\/stop-smoking-ageing-children-puberty-study-b2835305.html\">New study finds person may age faster if father smoked as a teen<\/a>, Independent, publi\u00e9 le 28 septembre 2025, consult\u00e9 le 29 septembre 2025<\/p>\n<p style=\"text-align: justify\"><strong style=\"color: #999999\"><a style=\"color: #999999\" href=\"http:\/\/www.cnct.fr\/\" target=\"_blank\" rel=\"noopener noreferrer\">Comit\u00e9 national contre le tabagisme |<\/a><\/strong><\/p>\n","protected":false},"excerpt":{"rendered":"<p>According to a study presented at the European Respiratory Society (ERS) congress in Amsterdam, people whose fathers started smoking during puberty show signs of accelerated biological aging compared to their actual age. The analysis involved 892 participants aged 7 to 50 from European countries or Australia, who provided blood samples, as part of the RHINESSA study. The researchers used &quot;epigenetic clocks,&quot; a tool for assessing biological aging based on molecular changes in DNA.<\/p>","protected":false},"featured_media":25119,"template":"","tags":[],"thematique":[474],"class_list":["post-25115","actualites","type-actualites","status-publish","has-post-thumbnail","hentry","thematique-sante"],"acf":[],"_links":{"self":[{"href":"https:\/\/www.generationsanstabac.org\/en\/wp-json\/wp\/v2\/actualites\/25115","targetHints":{"allow":["GET"]}}],"collection":[{"href":"https:\/\/www.generationsanstabac.org\/en\/wp-json\/wp\/v2\/actualites"}],"about":[{"href":"https:\/\/www.generationsanstabac.org\/en\/wp-json\/wp\/v2\/types\/actualites"}],"version-history":[{"count":1,"href":"https:\/\/www.generationsanstabac.org\/en\/wp-json\/wp\/v2\/actualites\/25115\/revisions"}],"predecessor-version":[{"id":25120,"href":"https:\/\/www.generationsanstabac.org\/en\/wp-json\/wp\/v2\/actualites\/25115\/revisions\/25120"}],"wp:featuredmedia":[{"embeddable":true,"href":"https:\/\/www.generationsanstabac.org\/en\/wp-json\/wp\/v2\/media\/25119"}],"wp:attachment":[{"href":"https:\/\/www.generationsanstabac.org\/en\/wp-json\/wp\/v2\/media?parent=25115"}],"wp:term":[{"taxonomy":"post_tag","embeddable":true,"href":"https:\/\/www.generationsanstabac.org\/en\/wp-json\/wp\/v2\/tags?post=25115"},{"taxonomy":"thematique","embeddable":true,"href":"https:\/\/www.generationsanstabac.org\/en\/wp-json\/wp\/v2\/thematique?post=25115"}],"curies":[{"name":"wp","href":"https:\/\/api.w.org\/{rel}","templated":true}]}}