{"id":25021,"date":"2025-09-29T07:00:14","date_gmt":"2025-09-29T05:00:14","guid":{"rendered":"https:\/\/www.generationsanstabac.org\/?post_type=actualites&#038;p=25021"},"modified":"2025-09-22T16:03:34","modified_gmt":"2025-09-22T14:03:34","slug":"dapres-loms-les-enfants-dont-les-parents-fument-courent-un-risque-plus-eleve-de-retard-de-croissance","status":"publish","type":"actualites","link":"https:\/\/www.generationsanstabac.org\/en\/actualites\/dapres-loms-les-enfants-dont-les-parents-fument-courent-un-risque-plus-eleve-de-retard-de-croissance\/","title":{"rendered":"Children whose parents smoke are at higher risk of stunted growth, according to the WHO."},"content":{"rendered":"<p style=\"text-align: justify\"><em>Selon l\u2019Organisation mondiale de la Sant\u00e9 (OMS), les enfants dont les parents fument courent un risque nettement accru de souffrir de retard de croissance<a href=\"#_ftn1\" name=\"_ftnref1\"><strong>[1]<\/strong><\/a>. L\u2019exposition au tabac avant et apr\u00e8s la naissance peut entraver le d\u00e9veloppement et la sant\u00e9, en particulier dans les pays \u00e0 revenu faible et interm\u00e9diaire. En 2022, environ 148 millions d\u2019enfants dans le monde \u00e9taient concern\u00e9s, dont 52 % en Asie et 43 % en Afrique.<\/em><\/p>\n<h2 style=\"text-align: justify\">Comment le tabac influence la croissance humaine<\/h2>\n<p style=\"text-align: justify\">Le retard de croissance se d\u00e9finit par une taille nettement inf\u00e9rieure \u00e0 la norme pour un \u00e2ge donn\u00e9. Ce retard est souvent la cons\u00e9quence d\u2019une malnutrition chronique. Le tabagisme pendant la grossesse est \u00e9galement associ\u00e9 aux naissances pr\u00e9matur\u00e9es, au faible poids de naissance et \u00e0 une croissance f\u0153tale limit\u00e9e, qui sont des facteurs pr\u00e9dictifs d\u2019un retard de croissance.<\/p>\n<p style=\"text-align: justify\">La fum\u00e9e de tabac contient plus de 7 000 substances chimiques (dont au moins 69 sont connues pour provoquer des cancers chez les adultes) qui nuisent au d\u00e9veloppement du f\u0153tus et de l&rsquo;enfant. L&rsquo;exposition pendant la grossesse contribue \u00e0 un retard de croissance, \u00e0 des anomalies cong\u00e9nitales et \u00e0 des maladies chroniques ult\u00e9rieures. L&rsquo;exposition au tabagisme passif apr\u00e8s la naissance aggrave les infections respiratoires et les probl\u00e8mes de d\u00e9veloppement, et nuit \u00e0 l\u2019absorption des nutriments essentiels, augmentant encore le risque de retard de croissance. Les nourrissons et les jeunes enfants sont particuli\u00e8rement vuln\u00e9rables \u00e0 ces effets.<\/p>\n<p style=\"text-align: justify\">Selon l&rsquo;OMS, en 2024, plus de 150 millions d&rsquo;enfants de moins de 5 ans \u00e9taient trop petits pour leur \u00e2ge, ou souffraient d&rsquo;un retard de croissance<a href=\"#_ftn2\" name=\"_ftnref2\">[2]<\/a>. Cela repr\u00e9sente environ 23 % de tous les enfants de cette tranche d&rsquo;\u00e2ge. \u00c0 l&rsquo;\u00e9chelle mondiale, des pays africains tels que le Burundi et l&rsquo;\u00c9rythr\u00e9e ont signal\u00e9 certains des taux les plus \u00e9lev\u00e9s de retard de croissance, environ la moiti\u00e9 des enfants \u00e2g\u00e9s de 5 ans ou moins \u00e9tant consid\u00e9r\u00e9s comme trop petits pour leur \u00e2ge.<\/p>\n<p style=\"text-align: justify\">En Inde, bien que les taux de retard de croissance aient diminu\u00e9 selon l&rsquo;enqu\u00eate nationale sur la famille et la sant\u00e9 (2019-2021) par rapport \u00e0 la p\u00e9riode pr\u00e9c\u00e9dente, ils s&rsquo;\u00e9l\u00e8vent toujours \u00e0 35,5 %.<\/p>\n<p style=\"text-align: justify\">\u00ab <em>Le retard de croissance prive les enfants de leur droit de grandir, d&rsquo;apprendre et de s&rsquo;\u00e9panouir<\/em> \u00bb, a d\u00e9clar\u00e9 le Dr Etienne Krug, directeur du D\u00e9partement des d\u00e9terminants de la sant\u00e9, de la promotion et de la pr\u00e9vention \u00e0 l&rsquo;OMS. \u00ab <em>Les enfants dont les parents fument courent un risque plus \u00e9lev\u00e9 de souffrir d&rsquo;un retard de croissance.<\/em> \u00bb.<\/p>\n<p style=\"text-align: justify\">En ce qui concerne les effets du tabagisme pr\u00e9-conceptuel, \u00ab <em>des \u00e9tudes sugg\u00e8rent que le tabagisme avant la grossesse peut avoir des r\u00e9percussions sur la sant\u00e9 maternelle, la fertilit\u00e9 et le d\u00e9veloppement embryonnaire pr\u00e9coce. Cependant, il n&rsquo;existe actuellement aucune preuve d\u00e9finitive que le fait de fumer uniquement avant la conception, sans continuer pendant la grossesse, augmente directement le risque de retard de croissance. Des recherches suppl\u00e9mentaires sont n\u00e9cessaires pour \u00e9tablir un lien clair et parvenir \u00e0 des conclusions d\u00e9finitives<\/em> \u00bb, a d\u00e9clar\u00e9 le Dr Tarjnee Tiwari, m\u00e9decin r\u00e9sident en m\u00e9decine communautaire \u00e0 l&rsquo;h\u00f4pital Sion de Mumbai<a href=\"#_ftn3\" name=\"_ftnref3\">[3]<\/a>.<\/p>\n<h2 style=\"text-align: justify\">L\u2019appel de l\u2019OMS \u00e0 faire appliquer rigoureusement les mesures antitabac<\/h2>\n<p style=\"text-align: justify\">L\u2019OMS appelle les gouvernements \u00e0 renforcer la lutte contre le tabac en appliquant pleinement la Convention-cadre pour la lutte antitabac (CCLAT). Plus de 6,1 milliards de personnes sont <a href=\"https:\/\/www.generationsanstabac.org\/fr\/actualites\/loms-livre-son-rapport-2025-sur-lepidemie-mondiale-de-tabagisme\/\">prot\u00e9g\u00e9es par au moins une mesure MPOWER visant \u00e0 r\u00e9duire le tabagisme<\/a>, cependant l\u2019organisation appelle \u00e0 appliquer toutes ces dispositions MPOWER (surveillance, protection, aide \u00e0 l\u2019arr\u00eat, avertissements, interdiction de la publicit\u00e9 et augmentation des taxes) et \u00e9galement \u00e0 appliquer l\u2019ensemble des dispositions du trait\u00e9 de la CCLAT.<\/p>\n<p style=\"text-align: justify\">Les priorit\u00e9s incluent la protection des femmes enceintes et les enfants contre le tabagisme passif, un acc\u00e8s \u00e9largi aux services d&rsquo;aide au sevrage tabagique, en accordant une attention particuli\u00e8re aux femmes enceintes, une assurance que tous les lieux publics ferm\u00e9s soient enti\u00e8rement non-fumeurs, un renforcement de la r\u00e9glementation sur le tabac, une sensibilisation du public, l\u2019utilisation d\u2019avertissements sanitaires illustr\u00e9s, une augmentation des taxes sur le tabac et enfin une interdiction stricte de la publicit\u00e9, la promotion et le parrainage.<\/p>\n<p style=\"text-align: justify\">Agir contre le tabac permet non seulement de soutenir les droits des enfants \u00e0 la sant\u00e9, \u00e0 la croissance et \u00e0 l&rsquo;\u00e9ducation, de contribuer \u00e0 r\u00e9duire les probl\u00e8mes de sant\u00e9 (infections, baisse de l&rsquo;immunit\u00e9) et \u00e0 am\u00e9liorer les taux de survie, mais aussi de diminuer le nombre de nombreuses autres maladies li\u00e9es au tabac, responsables de plus de sept millions de d\u00e9c\u00e8s mondiaux chaque ann\u00e9e.<\/p>\n<p style=\"text-align: justify\"><strong style=\"text-align: justify\"><a href=\"https:\/\/www.generationsanstabac.org\/\">\u00a9G\u00e9n\u00e9ration Sans Tabac<\/a><\/strong><\/p>\n<p style=\"text-align: right\"><em><strong>AD<\/strong><\/em><\/p>\n<hr \/>\n<p style=\"text-align: justify\"><a href=\"#_ftnref1\" name=\"_ftn1\">[1]<\/a>World Health Organization, <a href=\"https:\/\/www.who.int\/news\/item\/09-09-2025-who-warns-that-tobacco-use-is-linked-to-child-stunting\">WHO warns that tobacco use is linked to child stunting<\/a>, publi\u00e9 le 9 septembre 2025, consult\u00e9 le 17 septembre 2025<\/p>\n<p style=\"text-align: justify\"><a href=\"#_ftnref2\" name=\"_ftn2\">[2]<\/a>Sakshi Srivastava, <a href=\"https:\/\/www.theweek.in\/news\/health\/2025\/09\/16\/who-report-tobacco-use-identified-as-major-driver-of-child-stunting-globally.html\">WHO report: Tobacco use identified as major driver of child stunting globally<\/a>, The Week, publi\u00e9 le 16 septembre 2025, consult\u00e9 le 17 septembre 2025<\/p>\n<p style=\"text-align: justify\"><a href=\"#_ftnref3\" name=\"_ftn3\">[3]<\/a>Sarjna Rai, <a href=\"https:\/\/www.business-standard.com\/health\/children-stunting-risk-parental-smoking-who-report-125091600964_1.html\">Children with parents who smoke face higher risk of stunting: WHO<\/a>, Business Standard, publi\u00e9 le 16 septembre 2025, consult\u00e9 le 17 septembre 2025<\/p>\n<p style=\"text-align: justify\"><strong style=\"color: #999999\"><a style=\"color: #999999\" href=\"http:\/\/www.cnct.fr\/\" target=\"_blank\" rel=\"noopener noreferrer\">Comit\u00e9 national contre le tabagisme |<\/a><\/strong><\/p>\n","protected":false},"excerpt":{"rendered":"<p>According to the World Health Organization (WHO), children whose parents smoke are at significantly increased risk of stunting. Exposure to tobacco before and after birth can hamper development and health, particularly in low- and middle-income countries. In 2022, approximately 148 million children worldwide were affected, including 52 million in Asia and 43 million in Africa.<\/p>","protected":false},"featured_media":25024,"template":"","tags":[],"thematique":[474],"class_list":["post-25021","actualites","type-actualites","status-publish","has-post-thumbnail","hentry","thematique-sante"],"acf":[],"_links":{"self":[{"href":"https:\/\/www.generationsanstabac.org\/en\/wp-json\/wp\/v2\/actualites\/25021","targetHints":{"allow":["GET"]}}],"collection":[{"href":"https:\/\/www.generationsanstabac.org\/en\/wp-json\/wp\/v2\/actualites"}],"about":[{"href":"https:\/\/www.generationsanstabac.org\/en\/wp-json\/wp\/v2\/types\/actualites"}],"version-history":[{"count":1,"href":"https:\/\/www.generationsanstabac.org\/en\/wp-json\/wp\/v2\/actualites\/25021\/revisions"}],"predecessor-version":[{"id":25025,"href":"https:\/\/www.generationsanstabac.org\/en\/wp-json\/wp\/v2\/actualites\/25021\/revisions\/25025"}],"wp:featuredmedia":[{"embeddable":true,"href":"https:\/\/www.generationsanstabac.org\/en\/wp-json\/wp\/v2\/media\/25024"}],"wp:attachment":[{"href":"https:\/\/www.generationsanstabac.org\/en\/wp-json\/wp\/v2\/media?parent=25021"}],"wp:term":[{"taxonomy":"post_tag","embeddable":true,"href":"https:\/\/www.generationsanstabac.org\/en\/wp-json\/wp\/v2\/tags?post=25021"},{"taxonomy":"thematique","embeddable":true,"href":"https:\/\/www.generationsanstabac.org\/en\/wp-json\/wp\/v2\/thematique?post=25021"}],"curies":[{"name":"wp","href":"https:\/\/api.w.org\/{rel}","templated":true}]}}