{"id":24924,"date":"2025-09-09T07:00:04","date_gmt":"2025-09-09T05:00:04","guid":{"rendered":"https:\/\/www.generationsanstabac.org\/?post_type=actualites&#038;p=24924"},"modified":"2025-09-04T13:36:38","modified_gmt":"2025-09-04T11:36:38","slug":"la-polynesie-francaise-souhaite-interdire-la-cigarette-electronique-a-partir-de-2026","status":"publish","type":"actualites","link":"https:\/\/www.generationsanstabac.org\/en\/actualites\/la-polynesie-francaise-souhaite-interdire-la-cigarette-electronique-a-partir-de-2026\/","title":{"rendered":"French Polynesia wants to ban e-cigarettes from 2026"},"content":{"rendered":"<p style=\"text-align: justify\"><em>L\u2019Assembl\u00e9e de la Polyn\u00e9sie fran\u00e7aise a vot\u00e9, \u00e0 une large majorit\u00e9, l\u2019interdiction totale de l\u2019importation et de l\u2019usage des cigarettes \u00e9lectroniques et produits de vapotage \u00e0 compter du 1er juillet 2026. Une mesure in\u00e9dite en France et dans ses territoires, qui illustre la tendance mondiale \u00e0 renforcer la r\u00e9glementation pour prot\u00e9ger la jeunesse face \u00e0 la progression du vapotage<a href=\"#_ftn1\" name=\"_ftnref1\"><strong>[1]<\/strong><\/a>.<\/em><\/p>\n<h2 style=\"text-align: justify\"><strong>Une d\u00e9cision forte pour prot\u00e9ger la jeunesse<\/strong><\/h2>\n<p style=\"text-align: justify\">La lutte antitabac franchit un nouveau cap en Polyn\u00e9sie fran\u00e7aise. Les \u00e9lus territoriaux ont adopt\u00e9 un amendement pr\u00e9voyant le bannissement complet des cigarettes \u00e9lectroniques et accessoires comme les e-liquides, une mesure in\u00e9dite sur le territoire fran\u00e7ais. Propos\u00e9 par l\u2019opposition autonomiste et soutenu par la majorit\u00e9 ind\u00e9pendantiste, ce vote massif (51 voix pour, 5 contre, 1 abstention) traduit une volont\u00e9 politique claire : r\u00e9duire l\u2019attractivit\u00e9 des produits de vapotage et limiter leur disponibilit\u00e9, en particulier pour les jeunes g\u00e9n\u00e9rations.<\/p>\n<p style=\"text-align: justify\">Les autorit\u00e9s sanitaires polyn\u00e9siennes alertent depuis plusieurs ann\u00e9es sur la banalisation rapide de ces produits aupr\u00e8s des adolescents, notamment les puffs, aux saveurs sucr\u00e9es et fruit\u00e9es, qui ont suscit\u00e9 un engouement similaire \u00e0 celui observ\u00e9 dans l\u2019Hexagone. \u00c0 cela s\u2019ajoute une inqui\u00e9tude locale sp\u00e9cifique : certains dispositifs sont d\u00e9tourn\u00e9s pour la consommation d\u2019autres drogues, comme la m\u00e9thamph\u00e9tamine (\u00ab ice \u00bb). Cette d\u00e9rive a renforc\u00e9 l\u2019argumentaire en faveur d\u2019une interdiction stricte, consid\u00e9r\u00e9e comme un moyen de freiner l\u2019initiation et de pr\u00e9venir de nouvelles formes de d\u00e9pendances.<\/p>\n<p style=\"text-align: justify\">Pour les \u00e9lus polyn\u00e9siens, le choix d\u2019une interdiction totale plut\u00f4t que d\u2019une r\u00e9glementation progressive r\u00e9pond \u00e0 une logique de pr\u00e9vention. Alors que les effets sanitaires du vapotage \u00e0 long terme restent encore partiellement document\u00e9s, l\u2019enjeu est de limiter l\u2019\u00e9mergence d\u2019une nouvelle g\u00e9n\u00e9ration d\u00e9pendante \u00e0 la nicotine et expos\u00e9e \u00e0 des risques durables pour la sant\u00e9. En mettant en avant la protection de la jeunesse comme priorit\u00e9 absolue, l\u2019Assembl\u00e9e territoriale envoie un signal fort : dans le d\u00e9bat entre sant\u00e9 publique et int\u00e9r\u00eats \u00e9conomiques, la premi\u00e8re doit primer a indiqu\u00e9 Ernest Teagai, repr\u00e9sentant du Tavini (Front de lib\u00e9ration de la Polyn\u00e9sie)<a href=\"#_ftn2\" name=\"_ftnref2\">[2]<\/a>.<\/p>\n<h2 style=\"text-align: justify\"><strong>Un cadre juridique incertain<\/strong><\/h2>\n<p style=\"text-align: justify\">Si le vote de l\u2019Assembl\u00e9e de la Polyn\u00e9sie fran\u00e7aise marque un tournant politique, son application demeure fragile sur le plan juridique. Le pr\u00e9sident du territoire, Moetai Brotherson, a lui-m\u00eame averti que l\u2019interdiction g\u00e9n\u00e9rale de la cigarette \u00e9lectronique et de ses d\u00e9riv\u00e9s fera tr\u00e8s certainement l\u2019objet d\u2019un recours car elle met en cause la libert\u00e9 du commerce et de l\u2019industrie. Cette atteinte \u00e0 ces libert\u00e9s et le caract\u00e8re proportionn\u00e9 de la mesure seront \u00e9tudi\u00e9s au regard des enjeux de sant\u00e9 publique poursuivis.<\/p>\n<p style=\"text-align: justify\">En pratique cependant, toute interdiction absolue d\u2019un produit l\u00e9galement disponible dans l\u2019Hexagone peut \u00eatre attaqu\u00e9e devant la justice administrative, au motif qu\u2019elle exc\u00e8de ce qui est strictement n\u00e9cessaire pour atteindre l\u2019objectif de sant\u00e9 publique poursuivi. Les acteurs \u00e9conomiques concern\u00e9s \u2013 importateurs, distributeurs ou associations de commer\u00e7ants \u2013 disposent donc de la possibilit\u00e9 de saisir le juge pour faire suspendre ou annuler l\u2019amendement.<\/p>\n<p style=\"text-align: justify\">Le statut institutionnel particulier de la Polyn\u00e9sie fran\u00e7aise ajoute une complexit\u00e9 suppl\u00e9mentaire. Bien que le territoire b\u00e9n\u00e9ficie d\u2019une autonomie renforc\u00e9e en mati\u00e8re de sant\u00e9 publique et de r\u00e9glementation locale, les d\u00e9cisions doivent rester compatibles avec les principes de droit commun applicables sur l\u2019ensemble du territoire national. Ce jeu d\u2019\u00e9quilibre entre autonomie locale et cadre constitutionnel fran\u00e7ais pourrait faire de cette interdiction un cas d\u2019\u00e9cole, suivi de pr\u00e8s par les juristes comme par les acteurs de la sant\u00e9.<\/p>\n<p style=\"text-align: justify\">En d\u00e9pit de ces incertitudes, la port\u00e9e du vote demeure forte. M\u00eame si la mesure devait \u00eatre invalid\u00e9e, elle met en lumi\u00e8re une volont\u00e9 politique de tester les limites du droit actuel afin de mieux encadrer, voire \u00e9liminer, la disponibilit\u00e9 des produits de vapotage. Elle ouvre \u00e9galement le d\u00e9bat sur la possibilit\u00e9 pour les territoires et collectivit\u00e9s ultra-marines d\u2019aller plus loin que la r\u00e9glementation de l\u2019Hexagone lorsqu\u2019ils estiment que l\u2019enjeu de sant\u00e9 publique l\u2019exige.<\/p>\n<h2 style=\"text-align: justify\"><strong>Une dynamique internationale de contr\u00f4le du vapotage<\/strong><\/h2>\n<p style=\"text-align: justify\">La d\u00e9cision de la Polyn\u00e9sie fran\u00e7aise s\u2019inscrit dans une tendance mondiale o\u00f9 de plus en plus d\u2019\u00c9tats et de territoires adoptent des mesures restrictives face \u00e0 l\u2019essor du vapotage. Si les approches diff\u00e8rent, le point commun demeure la volont\u00e9 de prot\u00e9ger les jeunes g\u00e9n\u00e9rations, particuli\u00e8rement expos\u00e9es \u00e0 des produits fortement aromatis\u00e9s et nicotin\u00e9es. Ces d\u00e9cisions, bien que souvent contest\u00e9es par les industriels du secteur, refl\u00e8tent la mont\u00e9e en puissance d\u2019une logique de pr\u00e9caution face \u00e0 des produits dont les effets sanitaires \u00e0 long terme restent incertains mais dont l\u2019attractivit\u00e9 pour les jeunes est av\u00e9r\u00e9e.<\/p>\n<p style=\"text-align: justify\">Cette dynamique se retrouve \u00e9galement au niveau r\u00e9gional et international. L\u2019Union europ\u00e9enne discute actuellement d\u2019un renforcement de la directive sur les produits du tabac (TPD), qui pourrait inclure de nouvelles mesures sur les cigarettes \u00e9lectroniques, notamment concernant les ar\u00f4mes et le conditionnement. De son c\u00f4t\u00e9, l\u2019Organisation mondiale de la Sant\u00e9 (OMS), \u00e0 travers la Convention-cadre pour la lutte antitabac (CCLAT), encourage les \u00c9tats \u00e0 appliquer aux produits de vapotage des r\u00e9glementations similaires \u00e0 celles impos\u00e9es aux produits du tabac, avec une priorit\u00e9 donn\u00e9e \u00e0 la protection des enfants et des jeunes.<\/p>\n<p style=\"text-align: justify\">Dans ce contexte, la Polyn\u00e9sie fran\u00e7aise appara\u00eet comme un territoire pionnier au sein de l\u2019espace fran\u00e7ais et europ\u00e9en, en choisissant la voie la plus restrictive. M\u00eame si la mesure adopt\u00e9e reste juridiquement fragile, elle illustre une tendance mondiale : de plus en plus de gouvernements privil\u00e9gient l\u2019anticipation et la pr\u00e9vention, plut\u00f4t que l\u2019attente de preuves d\u00e9finitives, pour limiter l\u2019impact du vapotage sur la sant\u00e9 publique.<\/p>\n<p style=\"text-align: justify\"><strong style=\"text-align: justify\"><a href=\"https:\/\/www.generationsanstabac.org\/\">\u00a9G\u00e9n\u00e9ration Sans Tabac<\/a><\/strong><\/p>\n<p style=\"text-align: right\"><em><strong>AE<\/strong><\/em><\/p>\n<hr \/>\n<p style=\"text-align: justify\"><a href=\"#_ftnref1\" name=\"_ftn1\">[1]<\/a> Caroline Perdrix, <a href=\"https:\/\/www.tahiti-infos.com\/L-assemblee-vote-l-interdiction-des-vapotes-et-produits-de-vapotage_a232503.html\">L\u2019assembl\u00e9e va plus loin que le gouvernement et bannit la \u00ab vape<\/a> \u00bb, Radio 1, publi\u00e9 le 29 ao\u00fbt 2025, consult\u00e9 le 4 septembre 2025<\/p>\n<p style=\"text-align: justify\"><a href=\"#_ftnref2\" name=\"_ftn2\">[2]<\/a> <a href=\"https:\/\/www.radio1.pf\/lassemblee-va-plus-loin-que-le-gouvernement-et-bannit-la-vape\/\">L\u2019assembl\u00e9e vote l\u2019interdiction des \u201cvapotes\u201d et produits de vapotage<\/a>, Tahiti Infos, publi\u00e9 le 29 ao\u00fbt 2025, consult\u00e9 le 4 septembre 2025<\/p>\n<p><strong style=\"color: #999999\"><a style=\"color: #999999\" href=\"http:\/\/www.cnct.fr\/\" target=\"_blank\" rel=\"noopener noreferrer\">Comit\u00e9 national contre le tabagisme |<\/a><\/strong><\/p>\n","protected":false},"excerpt":{"rendered":"<p>The Assembly of French Polynesia has voted, by a large majority, to completely ban the importation and use of electronic cigarettes and vaping products as of July 1, 2026. This unprecedented measure in France and its territories illustrates the global trend towards strengthening regulations to protect young people in the face of the rise of vaping.<\/p>","protected":false},"featured_media":24927,"template":"","tags":[],"thematique":[516,491],"class_list":["post-24924","actualites","type-actualites","status-publish","has-post-thumbnail","hentry","thematique-nouveaux-produits","thematique-politiques-publiques"],"acf":[],"_links":{"self":[{"href":"https:\/\/www.generationsanstabac.org\/en\/wp-json\/wp\/v2\/actualites\/24924","targetHints":{"allow":["GET"]}}],"collection":[{"href":"https:\/\/www.generationsanstabac.org\/en\/wp-json\/wp\/v2\/actualites"}],"about":[{"href":"https:\/\/www.generationsanstabac.org\/en\/wp-json\/wp\/v2\/types\/actualites"}],"version-history":[{"count":1,"href":"https:\/\/www.generationsanstabac.org\/en\/wp-json\/wp\/v2\/actualites\/24924\/revisions"}],"predecessor-version":[{"id":24928,"href":"https:\/\/www.generationsanstabac.org\/en\/wp-json\/wp\/v2\/actualites\/24924\/revisions\/24928"}],"wp:featuredmedia":[{"embeddable":true,"href":"https:\/\/www.generationsanstabac.org\/en\/wp-json\/wp\/v2\/media\/24927"}],"wp:attachment":[{"href":"https:\/\/www.generationsanstabac.org\/en\/wp-json\/wp\/v2\/media?parent=24924"}],"wp:term":[{"taxonomy":"post_tag","embeddable":true,"href":"https:\/\/www.generationsanstabac.org\/en\/wp-json\/wp\/v2\/tags?post=24924"},{"taxonomy":"thematique","embeddable":true,"href":"https:\/\/www.generationsanstabac.org\/en\/wp-json\/wp\/v2\/thematique?post=24924"}],"curies":[{"name":"wp","href":"https:\/\/api.w.org\/{rel}","templated":true}]}}