{"id":24809,"date":"2025-08-24T07:00:34","date_gmt":"2025-08-24T05:00:34","guid":{"rendered":"https:\/\/www.generationsanstabac.org\/?post_type=actualites&#038;p=24809"},"modified":"2025-08-20T09:50:15","modified_gmt":"2025-08-20T07:50:15","slug":"lonu-affaiblit-son-projet-de-declaration-contre-les-maladies-non-transmissibles","status":"publish","type":"actualites","link":"https:\/\/www.generationsanstabac.org\/en\/actualites\/lonu-affaiblit-son-projet-de-declaration-contre-les-maladies-non-transmissibles\/","title":{"rendered":"UN weakens draft declaration on non-communicable diseases"},"content":{"rendered":"<p style=\"text-align: justify\"><em>\u00c0 quelques semaines de l\u2019Assembl\u00e9e g\u00e9n\u00e9rale des Nations unies, pr\u00e9vue en septembre, un nouveau projet de d\u00e9claration politique suscite une vive inqui\u00e9tude parmi les acteurs de la sant\u00e9 publique. Ce texte, cens\u00e9 renforcer la lutte contre les maladies non transmissibles (MNT), a \u00e9t\u00e9 consid\u00e9rablement affaibli par rapport aux versions pr\u00e9c\u00e9dentes. Des mesures phares, fond\u00e9es sur des donn\u00e9es scientifiques solides, comme la taxation des boissons sucr\u00e9es ou l\u2019obligation d\u2019apposer des avertissements graphiques sur les paquets de cigarettes, ont disparu du projet final. <\/em><\/p>\n<p style=\"text-align: justify\">Ce recul, intervenu sous la pression des industries concern\u00e9es selon les experts en sant\u00e9 publique, risque de compromettre des avanc\u00e9es essentielles dans la pr\u00e9vention des cancers, du diab\u00e8te, des maladies cardiovasculaires, respiratoires et de l\u2019ob\u00e9sit\u00e9.<\/p>\n<h2 style=\"text-align: justify\"><strong>Un texte mondial vid\u00e9 de sa substance fiscale<\/strong><\/h2>\n<p style=\"text-align: justify\">La d\u00e9claration politique que doit adopter l\u2019Assembl\u00e9e g\u00e9n\u00e9rale des Nations Unies en septembre se veut un texte de r\u00e9f\u00e9rence pour orienter les politiques de pr\u00e9vention des maladies non transmissibles, responsables chaque ann\u00e9e de plus de 43 millions de d\u00e9c\u00e8s, dont 18 millions avant l\u2019\u00e2ge de 70 ans. Les cancers, les maladies cardiovasculaires, le diab\u00e8te ou encore les affections respiratoires repr\u00e9sentent aujourd\u2019hui la principale cause de mortalit\u00e9 \u00e9vitable dans le monde, en particulier dans les pays \u00e0 revenu faible ou interm\u00e9diaire. Ces maladies p\u00e8sent sur les syst\u00e8mes de sant\u00e9 les mettant en p\u00e9ril dans de nombreux pays. D\u00e8s lors, un engagement collectif fort est jug\u00e9 indispensable pour infl\u00e9chir cette trajectoire.<\/p>\n<p style=\"text-align: justify\">Le projet initial, publi\u00e9 en mai 2025, semblait r\u00e9pondre \u00e0 cette exigence en proposant des mesures pr\u00e9cises et \u00e9prouv\u00e9es. Il recommandait notamment d\u2019augmenter les taxes sur le tabac, l\u2019alcool et les boissons sucr\u00e9es, conform\u00e9ment aux recommandations de l\u2019Organisation mondiale de la sant\u00e9. L\u2019efficacit\u00e9 de ces politiques fiscales est largement document\u00e9e : elles permettent \u00e0 la fois de r\u00e9duire la consommation de produits nocifs et de d\u00e9gager des ressources suppl\u00e9mentaires pour financer la sant\u00e9 publique. \u00c0 titre d\u2019exemple, l\u2019OMS estime qu\u2019une hausse de 50 % des prix des produits du tabac, des boissons sucr\u00e9es et de l\u2019alcool d\u2019ici 2035, int\u00e9gr\u00e9e dans son initiative \u00ab <a href=\"https:\/\/www.who.int\/fr\/news\/item\/02-07-2025-who-launches-bold-push-to-raise-health-taxes-and-save-millions-of-lives\">3 d\u2019ici \u00e0 2035<\/a> \u00bb, pourrait g\u00e9n\u00e9rer jusqu\u2019\u00e0 1 000 milliards de dollars de recettes pour renforcer les syst\u00e8mes de sant\u00e9 dans le monde entier.<\/p>\n<p style=\"text-align: justify\">Or, la version r\u00e9vis\u00e9e du projet, d\u00e9voil\u00e9e d\u00e9but ao\u00fbt, marque un net recul. Toute mention des boissons sucr\u00e9es a disparu du texte, malgr\u00e9 leur r\u00f4le av\u00e9r\u00e9 dans l\u2019\u00e9pid\u00e9mie mondiale d\u2019ob\u00e9sit\u00e9 et de diab\u00e8te. Quant aux recommandations fiscales sur le tabac et l\u2019alcool, elles ne figurent plus qu\u2019\u00e0 travers une invitation beaucoup plus vague, invitant certains \u00c9tats \u00e0 \u00ab envisager \u00bb l\u2019augmentation de leurs taxes. Ce glissement s\u00e9mantique, qui transforme une orientation ferme en simple suggestion, affaiblit profond\u00e9ment la port\u00e9e de l\u2019engagement collectif. Pour de nombreux experts, il illustre la difficult\u00e9 \u00e0 faire primer la sant\u00e9 publique sur les int\u00e9r\u00eats \u00e9conomiques et commerciaux li\u00e9s \u00e0 ces industries.<\/p>\n<h2 style=\"text-align: justify\"><strong>Inqui\u00e9tude des experts, de la soci\u00e9t\u00e9 civile et poids des industries<\/strong><\/h2>\n<p style=\"text-align: justify\">Face \u00e0 ces reculs, de nombreuses voix s\u2019\u00e9l\u00e8vent. L\u2018Alliance contre les maladies non transmissible, qui regroupe plusieurs organisations internationales engag\u00e9es dans la lutte contre les MNT, a d\u00e9nonc\u00e9 un texte trop faible pour r\u00e9pondre \u00e0 l\u2019ampleur de la crise sanitaire mondiale. Safura Abdool Karim, juriste sud-africaine sp\u00e9cialis\u00e9e en sant\u00e9 publique, regrette qu\u2019un projet cens\u00e9 incarner une vision collective ambitieuse se transforme en un \u00ab jeu minimaliste d\u2019engagements \u00bb. Pour les ONG, un tel document risque de s\u2019av\u00e9rer inefficace alors qu\u2019il devrait au contraire renforcer les politiques nationales de pr\u00e9vention.<\/p>\n<p style=\"text-align: justify\">Cette faiblesse refl\u00e8te \u00e9galement, selon plusieurs acteurs de sant\u00e9 publique, la pression exerc\u00e9e par les industries du sucre, de l\u2019alcool et du tabac. Si les organisations interrog\u00e9es par <em>The Examination<a href=\"#_ftn1\" name=\"_ftnref1\"><strong>[1]<\/strong><\/a><\/em> n\u2019ont pas apport\u00e9 de preuves directes d\u2019une influence dans ce processus pr\u00e9cis, le m\u00e9dia rappelle que ces secteurs ont d\u00e9j\u00e0 men\u00e9 par le pass\u00e9 des campagnes actives pour freiner des mesures de sant\u00e9 publique.<\/p>\n<p style=\"text-align: justify\">Dans le cadre de cette enqu\u00eate, <em>The Examination<\/em> a sollicit\u00e9 des commentaires aupr\u00e8s des principaux fabricants de tabac (British American Tobacco, Japan Tobacco International, Imperial Brands et Philip Morris International), ainsi que d\u2019organisations repr\u00e9sentatives de ces industries : l\u2019International Tobacco Growers Association, l\u2019International Food and Beverage Alliance pour l\u2019agroalimentaire, et l\u2019International Alliance for Responsible Drinking pour le secteur de l\u2019alcool. Aucun de ces acteurs n\u2019a r\u00e9pondu aux demandes d\u2019explication. Pour la soci\u00e9t\u00e9 civile, ce silence illustre une strat\u00e9gie r\u00e9currente : minimiser leur r\u00f4le tout en exer\u00e7ant en coulisses une influence d\u00e9cisive sur l\u2019orientation des politiques internationales de sant\u00e9 publique.<\/p>\n<p style=\"text-align: justify\">Alors que l\u2019Assembl\u00e9e g\u00e9n\u00e9rale doit se prononcer en septembre, la soci\u00e9t\u00e9 civile et les acteurs de sant\u00e9 publique appellent les \u00c9tats \u00e0 redonner de l\u2019ambition au texte, afin de mettre en coh\u00e9rence la d\u00e9claration politique au regard des enjeux et des objectifs de sant\u00e9 mondiale. Ils rappellent que les mesures efficaces sont connues et qu\u2019il leur revient de d\u00e9fendre l\u2019int\u00e9r\u00eat g\u00e9n\u00e9ral.<\/p>\n<p style=\"text-align: justify\"><strong style=\"text-align: justify\"><a href=\"https:\/\/www.generationsanstabac.org\/\">\u00a9G\u00e9n\u00e9ration Sans Tabac<\/a><\/strong><\/p>\n<p style=\"text-align: right\"><em><strong>AE<\/strong><\/em><\/p>\n<hr \/>\n<p style=\"text-align: justify\"><a href=\"#_ftnref1\" name=\"_ftn1\">[1]<\/a> Ashley Okwuosa, <a href=\"https:\/\/www.theexamination.org\/articles\/new-draft-un-declaration-rolls-back-proposed-restrictions-on-sugary-drinks-alcohol-and-tobacco\">Draft UN declaration rolls back proposed restrictions on sugary drinks<\/a>, tobacco, The Examination, publi\u00e9 le 14 ao\u00fbt 2025, consult\u00e9 le 19 ao\u00fbt 2025<\/p>\n<p><strong style=\"color: #999999\"><a style=\"color: #999999\" href=\"http:\/\/www.cnct.fr\/\" target=\"_blank\" rel=\"noopener noreferrer\">Comit\u00e9 national contre le tabagisme |<\/a><\/strong><\/p>\n","protected":false},"excerpt":{"rendered":"<p>With the United Nations General Assembly scheduled for September just weeks away, a new draft political declaration is causing serious concern among public health stakeholders. This text, intended to strengthen the fight against noncommunicable diseases (NCDs), has been significantly weakened compared to previous versions. Key measures based on sound scientific data, such as taxing sugary drinks and requiring graphic warnings on cigarette packages, have been removed from the final draft.<\/p>","protected":false},"featured_media":24812,"template":"","tags":[],"thematique":[474],"class_list":["post-24809","actualites","type-actualites","status-publish","has-post-thumbnail","hentry","thematique-sante"],"acf":[],"_links":{"self":[{"href":"https:\/\/www.generationsanstabac.org\/en\/wp-json\/wp\/v2\/actualites\/24809","targetHints":{"allow":["GET"]}}],"collection":[{"href":"https:\/\/www.generationsanstabac.org\/en\/wp-json\/wp\/v2\/actualites"}],"about":[{"href":"https:\/\/www.generationsanstabac.org\/en\/wp-json\/wp\/v2\/types\/actualites"}],"version-history":[{"count":1,"href":"https:\/\/www.generationsanstabac.org\/en\/wp-json\/wp\/v2\/actualites\/24809\/revisions"}],"predecessor-version":[{"id":24813,"href":"https:\/\/www.generationsanstabac.org\/en\/wp-json\/wp\/v2\/actualites\/24809\/revisions\/24813"}],"wp:featuredmedia":[{"embeddable":true,"href":"https:\/\/www.generationsanstabac.org\/en\/wp-json\/wp\/v2\/media\/24812"}],"wp:attachment":[{"href":"https:\/\/www.generationsanstabac.org\/en\/wp-json\/wp\/v2\/media?parent=24809"}],"wp:term":[{"taxonomy":"post_tag","embeddable":true,"href":"https:\/\/www.generationsanstabac.org\/en\/wp-json\/wp\/v2\/tags?post=24809"},{"taxonomy":"thematique","embeddable":true,"href":"https:\/\/www.generationsanstabac.org\/en\/wp-json\/wp\/v2\/thematique?post=24809"}],"curies":[{"name":"wp","href":"https:\/\/api.w.org\/{rel}","templated":true}]}}