{"id":24748,"date":"2025-08-16T07:00:19","date_gmt":"2025-08-16T05:00:19","guid":{"rendered":"https:\/\/www.generationsanstabac.org\/?post_type=actualites&#038;p=24748"},"modified":"2025-08-19T11:11:57","modified_gmt":"2025-08-19T09:11:57","slug":"la-promotion-des-produits-sans-fumee-en-suede-est-poussee-par-lindustrie-du-tabac-et-de-la-nicotine","status":"publish","type":"actualites","link":"https:\/\/www.generationsanstabac.org\/en\/actualites\/la-promotion-des-produits-sans-fumee-en-suede-est-poussee-par-lindustrie-du-tabac-et-de-la-nicotine\/","title":{"rendered":"The promotion of smoke-free products in Sweden is driven by the tobacco and nicotine industry"},"content":{"rendered":"<p style=\"text-align: justify\"><em>Depuis plusieurs ann\u00e9es, la Su\u00e8de s\u2019est fix\u00e9e pour objectif de devenir une soci\u00e9t\u00e9 \u00ab\u00a0sans fum\u00e9e\u00a0\u00bb, soit une pr\u00e9valence tabagique quotidienne des adultes de moins de 5 %. Pour atteindre cette ambition, le pays a largement adopt\u00e9 des mesures antitabac fortes qui ont \u00e9t\u00e9 rigoureusement appliqu\u00e9es, ainsi qu&rsquo;encourag\u00e9 l\u2019usage de produits nicotiniques sans combustion, comme le snus ou les sachets de nicotine, pr\u00e9sent\u00e9s comme des alternatives moins <\/em><em>nocives \u00e0 la cigarette. La chercheuse Louise Adermark, professeure en pharmacologie \u00e0 l\u2019universit\u00e9 de G\u00f6teborg, estime que cette orientation politique a \u00e9t\u00e9 trop fortement influenc\u00e9e par des int\u00e9r\u00eats industriels. Elle souligne que bien que l\u2019usage du snus soit courant en Su\u00e8de, les effets r\u00e9els de ces produits \u00e0 long terme restent insuffisamment connus<a href=\"#_ftn1\" name=\"_ftnref1\"><strong>[1]<\/strong><\/a>.<\/em><\/p>\n<h2 style=\"text-align: justify\">La Su\u00e8de face au tabagisme, une strat\u00e9gie singuli\u00e8re<\/h2>\n<p style=\"text-align: justify\">En 2024, la Su\u00e8de atteignait une pr\u00e9valence tabagique quotidienne ou occasionnelle des adultes de 10,9 % et une pr\u00e9valence tabagique quotidienne adulte de 5,4 %. Ce chiffre descend m\u00eame \u00e0 4,5 % si l\u2019on exclut les personnes issues de l\u2019immigration, ce que certains d\u00e9fenseurs de la r\u00e9duction des risques utilisent pour affirmer que la Su\u00e8de a d\u00e9j\u00e0 atteint son objectif. Mais cette mani\u00e8re de pr\u00e9senter les donn\u00e9es est critiqu\u00e9e par plusieurs experts en sant\u00e9 publique, qui la jugent trompeuse.<\/p>\n<p style=\"text-align: justify\">Niclas Malmberg, membre du think tank Tobaksfakta, souligne que le tabagisme est aujourd\u2019hui beaucoup plus r\u00e9pandu chez les personnes immigr\u00e9es. Des actions cibl\u00e9es sont men\u00e9es dans les quartiers concern\u00e9s et dans certains lieux de culte pour y renforcer la pr\u00e9vention. Le d\u00e9put\u00e9 Tobias Andersson, du parti des D\u00e9mocrates de Su\u00e8de, affirme que les comportements \u00e0 risque sont difficiles \u00e0 modifier dans ces groupes, souvent en raison d\u2019un manque de confiance envers les autorit\u00e9s.<\/p>\n<h2 style=\"text-align: justify\">Consommation globale en hausse et perception erron\u00e9e du risque<\/h2>\n<p style=\"text-align: justify\">Si le tabagisme recule, l\u2019usage global de nicotine et de tabac progresse en Su\u00e8de. En effet, les produits comme les cigarettes \u00e9lectroniques et les sachets de nicotine, bien que sans combustion, contiennent de la nicotine et ne sont pas sans risque.<\/p>\n<p style=\"text-align: justify\">D\u2019apr\u00e8s Lisa L. Ermann, sp\u00e9cialiste de la pr\u00e9vention au sein de la Swedish Cancer Society, la part de la population consommant des produits \u00e0 base de tabac ou de nicotine est pass\u00e9e de 25 % \u00e0 28 % en deux ans. Elle pr\u00e9cise que les enqu\u00eates peuvent sous-estimer la consommation r\u00e9elle, notamment selon la formulation des questions (\u00ab parfois \u00bb vs \u00ab occasionnellement \u00bb, \u00ab actuellement \u00bb vs \u00ab quotidiennement \u00bb).<\/p>\n<p style=\"text-align: justify\">Chez les plus de 45 ans, le taux de fumeurs quotidiens est le plus \u00e9lev\u00e9. Toutefois, chez les 16-29 ans, ce sont les fumeurs occasionnels qui pr\u00e9dominent, \u00e0 9,6 %. Le snus reste tr\u00e8s populaire chez les hommes, ce qui contribue \u00e0 un taux de tabagisme relativement faible compar\u00e9 au reste de l\u2019Europe. \u00c0 l\u2019inverse, les femmes, notamment les plus jeunes, sont davantage utilisatrices de sachets de nicotine.<\/p>\n<p style=\"text-align: justify\">Ermann insiste sur le fait que le snus n\u2019est pas un produit de sevrage. Certaines \u00e9tudes sugg\u00e8rent m\u00eame que l\u2019usage de snus ou de cigarettes \u00e9lectroniques pourrait augmenter le risque de commencer \u00e0 fumer \u00e0 long terme. L\u2019arriv\u00e9e sur le march\u00e9 des sachets de nicotine a modifi\u00e9 les tendances d\u2019usage, avec un marketing ciblant plus fortement les jeunes femmes.<\/p>\n<p style=\"text-align: justify\">En 2024, 21,5 % des hommes \u00e2g\u00e9s de 16 \u00e0 84 ans utilisent le snus quotidiennement, contre 5,9 % des femmes du m\u00eame \u00e2ge qui consomment des sachets de nicotine.<\/p>\n<h2 style=\"text-align: justify\">D\u00e9fis de la communication en sant\u00e9 publique et acc\u00e8s aux traitements<\/h2>\n<p style=\"text-align: justify\">La communication en sant\u00e9 publique reste un enjeu complexe, souvent entrav\u00e9 par un manque de moyens. Plusieurs experts su\u00e9dois reconnaissent que, malgr\u00e9 leur implication, leurs propres enfants utilisent des sachets de nicotine, preuve que l&rsquo;information ne suffit pas toujours.<\/p>\n<p style=\"text-align: justify\">Des campagnes per\u00e7ues comme trop moralisatrices ou r\u00e9pressives peuvent avoir un effet inverse, en suscitant une forme de r\u00e9bellion, en particulier chez les jeunes.<\/p>\n<p style=\"text-align: justify\">En Su\u00e8de, les m\u00e9decins g\u00e9n\u00e9ralistes recommandent g\u00e9n\u00e9ralement d\u2019arr\u00eater de fumer, mais abordent beaucoup plus rarement la question de l\u2019usage de snus ou de sachets de nicotine, comme le note le cardiologue Magnus Lundback, \u00e9galement chercheur \u00e0 l\u2019Institut Karolinska. Il constate que l\u2019usage prolong\u00e9 de snus peut entra\u00eener une rigidit\u00e9 des vaisseaux sanguins et alt\u00e9rer la r\u00e9ponse \u00e0 certains traitements, comme la nitroglyc\u00e9rine.<\/p>\n<p style=\"text-align: justify\">Lundback critique l\u2019id\u00e9e largement partag\u00e9e selon laquelle le snus serait \u00ab bon pour la sant\u00e9 \u00bb. Il estime que le discours de l\u2019industrie influence fortement les d\u00e9cisions politiques en Su\u00e8de.<\/p>\n<p style=\"text-align: justify\">Il distingue les traitements m\u00e9dicaux de sevrage, utilis\u00e9s sur quelques semaines, des produits nicotiniques commerciaux, con\u00e7us pour remplacer la cigarette sans viser l\u2019arr\u00eat total. \u00ab <em>L\u2019objectif n\u2019est pas de se lib\u00e9rer de la nicotine, mais simplement de l\u2019utiliser autrement<\/em> \u00bb, r\u00e9sume-t-il.<\/p>\n<p style=\"text-align: justify\">Il reconna\u00eet que les traitements actuels sont imparfaits, mais que les alternatives propos\u00e9es par l\u2019industrie ne sont pas une meilleure solution. Si elles l\u2019\u00e9taient, selon lui, la question ne se poserait plus.<\/p>\n<p style=\"text-align: justify\">Dans son discours, l\u2019industrie promeut une approche dite de \u00ab r\u00e9duction des risques \u00bb : il ne s\u2019agit plus d\u2019\u00e9liminer l\u2019usage de nicotine, mais d\u2019en proposer des formes jug\u00e9es \u00ab moins nocives \u00bb que la cigarette. En Su\u00e8de, cette strat\u00e9gie a \u00e9t\u00e9 soutenue politiquement, notamment par l\u2019inscription officielle en 2024 du principe de r\u00e9duction des risques dans la politique nationale de sant\u00e9 publique.<\/p>\n<p style=\"text-align: justify\">Ce positionnement est <a href=\"https:\/\/www.generationsanstabac.org\/fr\/actualites\/derriere-le-modele-suedois-les-vrais-enjeux-de-lindustrie-concernant-les-sachets-de-nicotine\/\">exploit\u00e9 par l\u2019industrie du tabac pour renforcer ses efforts de lobbying dans les autres \u00c9tats membres<\/a>. En valorisant l\u2019exp\u00e9rience su\u00e9doise, elle cherche \u00e0 convaincre les d\u00e9cideurs politiques que ces produits peuvent contribuer aux objectifs europ\u00e9ens de r\u00e9duction du tabagisme \u00e0 l\u2019horizon 2040. Cette strat\u00e9gie repose sur un r\u00e9cit simplificateur et orient\u00e9, qui occulte une partie importante de la r\u00e9alit\u00e9.<\/p>\n<p style=\"text-align: justify\">R\u00e9cemment, la Su\u00e8de a m\u00eame \u00e9t\u00e9 r\u00e9compens\u00e9e par la World Vapers\u2019 Alliance, soutenue par l\u2019industrie, pour ses \u00ab <em>performances remarquables<\/em> \u00bb dans la r\u00e9duction du tabagisme. L\u2019association a insist\u00e9 sur une corr\u00e9lation positive, selon elle, entre la baisse du taux de tabagisme du pays et l\u2019usage global de la nicotine (sachets, snus, e-cigarettes) tr\u00e8s \u00e9lev\u00e9, notamment chez les jeunes<a href=\"#_ftn2\" name=\"_ftnref2\">[2]<\/a>.<\/p>\n<p style=\"text-align: justify\"><strong style=\"text-align: justify\"><a href=\"https:\/\/www.generationsanstabac.org\/\">\u00a9G\u00e9n\u00e9ration Sans Tabac<\/a><\/strong><\/p>\n<p style=\"text-align: right\"><em><strong>AD<\/strong><\/em><\/p>\n<hr \/>\n<p style=\"text-align: justify\"><a href=\"#_ftnref1\" name=\"_ftn1\">[1]<\/a>Raman Sandhya, <a href=\"https:\/\/rollcall.com\/2025\/08\/06\/swedens-push-for-smokeless-products-leads-some-to-wonder-about-risks\/\">Sweden\u2019s push for smokeless products leads some to wonder about risks<\/a>, Roll Call, publi\u00e9 le 6 ao\u00fbt 2025, consult\u00e9 le 7 ao\u00fbt 2025<\/p>\n<p style=\"text-align: justify\"><a href=\"#_ftnref2\" name=\"_ftn2\">[2]<\/a>G\u00e9n\u00e9ration sans tabac, <a href=\"https:\/\/www.generationsanstabac.org\/fr\/actualites\/reduction-du-tabagisme-la-world-vapers-alliance-soutenue-par-lindustrie-met-en-avant-certains-etats-membres\/\">R\u00e9duction du tabagisme : la World Vapers\u2019 Alliance, soutenue par l\u2019industrie, met en avant certains \u00c9tats membres<\/a>, publi\u00e9 le 11 juillet 2025, consult\u00e9 le 7 ao\u00fbt 2025<\/p>\n<p style=\"text-align: justify\"><strong style=\"color: #999999\"><a style=\"color: #999999\" href=\"http:\/\/www.cnct.fr\/\" target=\"_blank\" rel=\"noopener noreferrer\">Comit\u00e9 national contre le tabagisme |<\/a><\/strong><\/p>\n","protected":false},"excerpt":{"rendered":"<p>For several years, Sweden has set itself the goal of becoming a &quot;smoke-free&quot; society, meaning a daily smoking prevalence of less than 5% among adults. To achieve this ambition, the country has widely encouraged the use of smoke-free nicotine products, such as snus and nicotine pouches, presented as less harmful alternatives to cigarettes. Researcher Louise Adermark, professor of pharmacology at the University of Gothenburg, believes that this policy direction has been too heavily influenced by industrial interests. She points out that although snus use is common in Sweden, the true long-term effects of these products remain insufficiently understood.<\/p>","protected":false},"featured_media":24751,"template":"","tags":[],"thematique":[499,474],"class_list":["post-24748","actualites","type-actualites","status-publish","has-post-thumbnail","hentry","thematique-lobby","thematique-sante"],"acf":[],"_links":{"self":[{"href":"https:\/\/www.generationsanstabac.org\/en\/wp-json\/wp\/v2\/actualites\/24748","targetHints":{"allow":["GET"]}}],"collection":[{"href":"https:\/\/www.generationsanstabac.org\/en\/wp-json\/wp\/v2\/actualites"}],"about":[{"href":"https:\/\/www.generationsanstabac.org\/en\/wp-json\/wp\/v2\/types\/actualites"}],"version-history":[{"count":5,"href":"https:\/\/www.generationsanstabac.org\/en\/wp-json\/wp\/v2\/actualites\/24748\/revisions"}],"predecessor-version":[{"id":24789,"href":"https:\/\/www.generationsanstabac.org\/en\/wp-json\/wp\/v2\/actualites\/24748\/revisions\/24789"}],"wp:featuredmedia":[{"embeddable":true,"href":"https:\/\/www.generationsanstabac.org\/en\/wp-json\/wp\/v2\/media\/24751"}],"wp:attachment":[{"href":"https:\/\/www.generationsanstabac.org\/en\/wp-json\/wp\/v2\/media?parent=24748"}],"wp:term":[{"taxonomy":"post_tag","embeddable":true,"href":"https:\/\/www.generationsanstabac.org\/en\/wp-json\/wp\/v2\/tags?post=24748"},{"taxonomy":"thematique","embeddable":true,"href":"https:\/\/www.generationsanstabac.org\/en\/wp-json\/wp\/v2\/thematique?post=24748"}],"curies":[{"name":"wp","href":"https:\/\/api.w.org\/{rel}","templated":true}]}}