{"id":24633,"date":"2025-07-30T07:00:04","date_gmt":"2025-07-30T05:00:04","guid":{"rendered":"https:\/\/www.generationsanstabac.org\/?post_type=actualites&#038;p=24633"},"modified":"2025-07-30T14:42:54","modified_gmt":"2025-07-30T12:42:54","slug":"la-turquie-lance-une-campagne-sans-tabac-pour-reduire-le-tabagisme","status":"publish","type":"actualites","link":"https:\/\/www.generationsanstabac.org\/en\/actualites\/la-turquie-lance-une-campagne-sans-tabac-pour-reduire-le-tabagisme\/","title":{"rendered":"Turkey launches &#039;no-tobacco&#039; campaign to reduce smoking"},"content":{"rendered":"<p style=\"text-align: justify\"><em>Le minist\u00e8re turc de la Sant\u00e9 a lanc\u00e9 une nouvelle campagne nationale intitul\u00e9e \u00ab Turquie [ou T\u00fcrkiye] sans tabac \u00bb, dans le cadre de ses efforts continus pour lutter contre la d\u00e9pendance au tabac, l&rsquo;une des principales causes de d\u00e9c\u00e8s \u00e9vitables dans le monde, y compris en Turquie<a href=\"#_ftn1\" name=\"_ftnref1\"><strong>[1]<\/strong><\/a>. Celle-ci s\u2019inscrit dans un plan r\u00e9glementaire de r\u00e9duction du tabagisme plus large, pour lequel le pr\u00e9sident Recep Tayyip Erdo\u011fan a mobilis\u00e9 la jeunesse, principale cible de l\u2019industrie du tabac et la nicotine.<\/em><\/p>\n<h2 style=\"text-align: justify\">\u00ab\u00a0Turquie sans tabac\u00a0\u00bb, une campagne gouvernementale d\u2019incitation \u00e0 l\u2019arr\u00eat du tabac<\/h2>\n<p style=\"text-align: justify\">Le pr\u00e9sident Erdo\u011fan a rappel\u00e9 que pr\u00e8s de 8 millions de personnes dans le monde meurent chaque ann\u00e9e des suites de maladies li\u00e9es au tabac, dont 1,3 million de non-fumeurs expos\u00e9s au tabagisme passif. En Turquie, environ 100 000 d\u00e9c\u00e8s pr\u00e9matur\u00e9s \u00e9vitables sont attribu\u00e9s chaque ann\u00e9e \u00e0 la consommation de tabac.<\/p>\n<p style=\"text-align: justify\">Il a insist\u00e9 sur l\u2019engagement du gouvernement en faveur de la cr\u00e9ation d\u2019une g\u00e9n\u00e9ration sans tabac, en mettant en avant plusieurs dispositifs \u00e0 la disposition des fumeurs pour les aider \u00e0 l\u2019arr\u00eat\u00a0: \u00a0671 centres de consultation de sevrage tabagique op\u00e9rationnels \u00e0 l\u2019\u00e9chelle nationale, plus de 3,8 millions de consultations d\u00e9j\u00e0 r\u00e9alis\u00e9es et plus de 1,5 million de personnes qui ont b\u00e9n\u00e9fici\u00e9 d\u2019un accompagnement m\u00e9dical gratuit, incluant des m\u00e9dicaments et substituts nicotiniques.<\/p>\n<p style=\"text-align: justify\">La ligne t\u00e9l\u00e9phonique ALO 171, d\u00e9di\u00e9e au sevrage, propose un suivi personnalis\u00e9. Des campagnes de sensibilisation sont \u00e9galement men\u00e9es sur divers supports (annonces de service public, r\u00e9seaux sociaux, activit\u00e9s \u00e9ducatives) afin d\u2019encourager l\u2019arr\u00eat du tabac.<\/p>\n<h2 style=\"text-align: justify\">Des r\u00e9sultats prometteurs, encore appel\u00e9s \u00e0 s\u2019intensifier<\/h2>\n<p style=\"text-align: justify\">Selon les donn\u00e9es du minist\u00e8re, une augmentation significative des demandes d\u2019aide au sevrage a \u00e9t\u00e9 observ\u00e9e. Lors d\u2019une pr\u00e9c\u00e9dente phase de campagne intitul\u00e9e \u00ab Arr\u00eatez de fumer, changez de vie \u00bb, organis\u00e9e entre le 20 mai et le 10 juillet 2025, pr\u00e8s de 189 000 consommateurs de tabac ont \u00e9t\u00e9 contact\u00e9s, dont plus de 168 000 ont \u00e9t\u00e9 orient\u00e9s vers des cliniques sp\u00e9cialis\u00e9es<a href=\"#_ftn2\" name=\"_ftnref2\">[2]<\/a>.<\/p>\n<p style=\"text-align: justify\">Par rapport \u00e0 la m\u00eame p\u00e9riode l\u2019ann\u00e9e pr\u00e9c\u00e9dente, les demandes ont augment\u00e9 de 85 %. Pour renforcer l\u2019accessibilit\u00e9, des services de conseil ont \u00e9t\u00e9 mis en place dans plusieurs institutions publiques, avec des options d\u2019accompagnement \u00e0 distance pour ceux ne pouvant se rendre \u00e0 des consultations dans des \u00e9tablissements de sant\u00e9.<\/p>\n<h2 style=\"text-align: justify\">La campagne fait partie int\u00e9grante d\u2019un plan d\u2019action r\u00e9glementaire plus large<\/h2>\n<p style=\"text-align: justify\">Cette initiative s&rsquo;inscrit dans le cadre d\u2019une strat\u00e9gie d\u2019ensemble de la r\u00e9duction de la consommation de tabac qui a \u00e9t\u00e9 mise \u00e0 jour. Elle renvoie ainsi \u00e0 la politique nationale de lutte antitabac mise en place depuis 16 ans et qui repose aujourd\u2019hui sur un plan d\u2019action 2024\u20132028. Cette strat\u00e9gie globale vise \u00e0 faire baisser les taux de tabagisme, \u00e0 sensibiliser la population aux risques pour la sant\u00e9, et \u00e0 offrir un accompagnement, notamment pour les jeunes, afin de les prot\u00e9ger des effets nocifs du tabac.<\/p>\n<p style=\"text-align: justify\">Le pr\u00e9sident Erdo\u011fan a d\u2019ailleurs rappel\u00e9 les dangers du tabac lors d\u2019une rencontre avec des jeunes et des athl\u00e8tes, organis\u00e9e au bureau de travail de Dolmabah\u00e7e \u00e0 Istanbul. L\u2019\u00e9v\u00e9nement marquait l\u2019anniversaire de la Loi sur la pr\u00e9vention et la lutte contre les m\u00e9faits des produits du tabac (loi n\u00b04207) adopt\u00e9e le 19 juillet 2009, interdisant de fumer dans les espaces clos de tous les b\u00e2timents, qu&rsquo;ils soient publics, priv\u00e9s ou \u00e0 usage r\u00e9cr\u00e9atif<a href=\"#_ftn3\" name=\"_ftnref3\">[3]<\/a>, afin de prot\u00e9ger les non-fumeurs comme fumeurs de l\u2019exposition au tabagisme passif et d\u00e9normaliser la consommation de ces produits.<\/p>\n<p style=\"text-align: justify\">Adopt\u00e9e en 1996 et renforc\u00e9e en 2008, cette loi limite \u00e9galement la publicit\u00e9 pour le tabac, impose des avertissements sanitaires sur les emballages et soutient le sevrage tabagique.<\/p>\n<p style=\"text-align: justify\">Le pr\u00e9sident a soulign\u00e9 les efforts du gouvernement pour maintenir une application stricte de la r\u00e9glementation d\u2019interdiction de fumer. Plus de 42 millions d&rsquo;inspections ont \u00e9t\u00e9 men\u00e9es par les directions provinciales de la sant\u00e9, et 3 718 infractions ont \u00e9t\u00e9 relev\u00e9es lors d&rsquo;inspections crois\u00e9es au cours de l\u2019ann\u00e9e 2025. Les citoyens peuvent signaler les infractions via la ligne t\u00e9l\u00e9phonique SABIM 184 et les applications mobiles, ce qui permet \u00e0 la communaut\u00e9 de participer \u00e0 l&rsquo;application des mesures.<\/p>\n<p style=\"text-align: justify\">Lors de cet \u00e9v\u00e9nement, des jeunes issus de divers domaines (sport, sant\u00e9, environnement) ont pris la parole pour exprimer leurs pr\u00e9occupations et formuler des propositions, telles que l\u2019interdiction de fumer sur les plages et dans les stades, le rel\u00e8vement de l\u2019\u00e2ge l\u00e9gal d\u2019achat \u00e0 21 ans, la lutte contre la promotion du tabac sur les r\u00e9seaux sociaux, et la responsabilisation de l\u2019industrie face \u00e0 ses impacts environnementaux.<\/p>\n<p style=\"text-align: justify\">Certains ont \u00e9galement alert\u00e9 sur la banalisation de la cigarette \u00e9lectronique chez les adolescents. D\u2019autres, comme la nageuse Beliz \u00c7akar, ont appel\u00e9 \u00e0 faire de l\u2019air pur une norme sociale.<\/p>\n<p style=\"text-align: justify\">Le pr\u00e9sident Erdo\u011fan a conclu en affirmant que le gouvernement poursuivra cette lutte avec le soutien actif de la jeunesse : \u00ab <em>Le si\u00e8cle de la Turquie sera fond\u00e9 sur la sant\u00e9, l\u2019air pur et des esprits forts.<\/em> \u00bb.<\/p>\n<p style=\"text-align: justify\">La Turquie, d\u2019apr\u00e8s le rapport de l\u2019OMS sur l\u2019\u00e9pid\u00e9mie mondiale de tabagisme 2025, compte parmi <a href=\"https:\/\/www.generationsanstabac.org\/fr\/actualites\/loms-livre-son-rapport-2025-sur-lepidemie-mondiale-de-tabagisme\/\">les pays r\u00e9cemment distingu\u00e9s avec le Br\u00e9sil, Maurice et les Pays-Bas pour avoir appliqu\u00e9 l\u2019ensemble du programme MPOWER<\/a> (Monitoring, Protecting, Offering, Warning, Enforcing, Raising), qui vise en plusieurs mesures-cl\u00e9 \u00e0 r\u00e9duire la consommation mondiale de tabac. Toutefois, cela ne signifie pas que le pays soit enti\u00e8rement prot\u00e9g\u00e9 contre l\u2019industrie du tabac et de la nicotine, puisque l\u2019OMS a encore r\u00e9cemment appel\u00e9 \u00e0 faire interdire les filtres de cigarette, qui <a href=\"https:\/\/www.generationsanstabac.org\/fr\/actualites\/istanbul-niveaux-preoccupants-de-pollution-par-les-microplastiques-a-cause-des-megots-de-cigarettes\/\">\u00e0 Istanbul sont responsables d\u2019une importante pollution de microplastiques<\/a>.<\/p>\n<p style=\"text-align: justify\"><strong style=\"text-align: justify\"><a href=\"https:\/\/www.generationsanstabac.org\/\">\u00a9G\u00e9n\u00e9ration Sans Tabac<\/a><\/strong><\/p>\n<p style=\"text-align: right\"><em><strong>AD<\/strong><\/em><\/p>\n<hr \/>\n<p style=\"text-align: justify\"><a href=\"#_ftnref1\" name=\"_ftn1\">[1]<\/a>Hurriyet Daily News, <a href=\"https:\/\/www.hurriyetdailynews.com\/turkiye-launches-smoke-free-campaign-to-curb-tobacco-use-211677\">T\u00fcrkiye launches \u2018smoke-free\u2019 campaign to curb tobacco use<\/a>, publi\u00e9 le 21 juillet 2025, consult\u00e9 le 22 juillet 2025<\/p>\n<p style=\"text-align: justify\"><a href=\"#_ftnref2\" name=\"_ftn2\">[2]<\/a>En.haberler.com, <a href=\"https:\/\/en.haberler.com\/president-erdogan-met-with-young-people-the-agenda-2115342\/\">President Erdo\u011fan met with young people! The agenda includes the fight against tobacco.<\/a>, publi\u00e9 le 19 juillet 2025, consult\u00e9 le 22 juillet 2025<\/p>\n<p style=\"text-align: justify\"><a href=\"#_ftnref3\" name=\"_ftn3\">[3]<\/a>Daily Sabah, <a href=\"https:\/\/www.dailysabah.com\/turkiye\/president-erdogan-renews-tobacco-fight-alongside-young-leaders\/news\">President Erdo\u011fan renews tobacco fight alongside young leaders<\/a>, publi\u00e9 le 20 juillet 2025, consult\u00e9 le 22 juillet 2025<\/p>\n<p style=\"text-align: justify\"><strong style=\"color: #999999\"><a style=\"color: #999999\" href=\"http:\/\/www.cnct.fr\/\" target=\"_blank\" rel=\"noopener noreferrer\">Comit\u00e9 national contre le tabagisme |<\/a><\/strong><\/p>\n","protected":false},"excerpt":{"rendered":"<p>Le minist\u00e8re turc de la Sant\u00e9 a lanc\u00e9 une nouvelle campagne nationale intitul\u00e9e \u00ab Turquie [ou T\u00fcrkiye] sans tabac \u00bb, dans le cadre de ses efforts continus pour lutter contre la d\u00e9pendance au tabac, l&rsquo;une des principales causes de d\u00e9c\u00e8s \u00e9vitables dans le monde, y compris en Turquie. Celle-ci s\u2019inscrit dans un plan r\u00e9glementaire de r\u00e9duction du tabagisme plus large, pour lequel le pr\u00e9sident Recep Tayyip Erdo\u011fan a mobilis\u00e9 la jeunesse, principale cible de l\u2019industrie du tabac et la nicotine.<\/p>\n","protected":false},"featured_media":24636,"template":"","tags":[],"thematique":[491,565],"class_list":["post-24633","actualites","type-actualites","status-publish","has-post-thumbnail","hentry","thematique-politiques-publiques","thematique-sensibilisation"],"acf":[],"_links":{"self":[{"href":"https:\/\/www.generationsanstabac.org\/en\/wp-json\/wp\/v2\/actualites\/24633","targetHints":{"allow":["GET"]}}],"collection":[{"href":"https:\/\/www.generationsanstabac.org\/en\/wp-json\/wp\/v2\/actualites"}],"about":[{"href":"https:\/\/www.generationsanstabac.org\/en\/wp-json\/wp\/v2\/types\/actualites"}],"version-history":[{"count":2,"href":"https:\/\/www.generationsanstabac.org\/en\/wp-json\/wp\/v2\/actualites\/24633\/revisions"}],"predecessor-version":[{"id":24638,"href":"https:\/\/www.generationsanstabac.org\/en\/wp-json\/wp\/v2\/actualites\/24633\/revisions\/24638"}],"wp:featuredmedia":[{"embeddable":true,"href":"https:\/\/www.generationsanstabac.org\/en\/wp-json\/wp\/v2\/media\/24636"}],"wp:attachment":[{"href":"https:\/\/www.generationsanstabac.org\/en\/wp-json\/wp\/v2\/media?parent=24633"}],"wp:term":[{"taxonomy":"post_tag","embeddable":true,"href":"https:\/\/www.generationsanstabac.org\/en\/wp-json\/wp\/v2\/tags?post=24633"},{"taxonomy":"thematique","embeddable":true,"href":"https:\/\/www.generationsanstabac.org\/en\/wp-json\/wp\/v2\/thematique?post=24633"}],"curies":[{"name":"wp","href":"https:\/\/api.w.org\/{rel}","templated":true}]}}