{"id":24553,"date":"2025-07-19T07:00:34","date_gmt":"2025-07-19T05:00:34","guid":{"rendered":"https:\/\/www.generationsanstabac.org\/?post_type=actualites&#038;p=24553"},"modified":"2025-07-17T17:18:40","modified_gmt":"2025-07-17T15:18:40","slug":"pour-financer-son-prochain-budget-lunion-europeenne-taxerait-le-tabac-et-les-dechets-electroniques","status":"publish","type":"actualites","link":"https:\/\/www.generationsanstabac.org\/en\/actualites\/pour-financer-son-prochain-budget-lunion-europeenne-taxerait-le-tabac-et-les-dechets-electroniques\/","title":{"rendered":"To finance its next budget, the European Union would tax tobacco and electronic waste"},"content":{"rendered":"<p style=\"text-align: justify\"><em>La Commission europ\u00e9enne souhaite que tous les \u00c9tats membres s\u2019accordent sur de nouvelles sources de financement pour le budget de l\u2019Union. Parmi les propositions figurent des taxes sur le tabac, les grandes entreprises, les d\u00e9chets \u00e9lectroniques et les \u00e9missions carbone, selon un projet consult\u00e9 par Euractiv<a href=\"#_ftn1\" name=\"_ftnref1\"><strong>[1]<\/strong><\/a>.<\/em><\/p>\n<h2 style=\"text-align: justify\">Vers de nouvelles ressources pour financer le budget de l\u2019UE<\/h2>\n<p style=\"text-align: justify\">Le prochain cadre financier pluriannuel (CFP), couvrant la p\u00e9riode 2028\u20132034, vise \u00e0 soutenir la comp\u00e9titivit\u00e9 et la d\u00e9fense. Or, les contributions nationales fond\u00e9es sur le revenu national brut (RNB), qui finan\u00e7aient 56\u202f% du budget pr\u00e9c\u00e9dent, \u00ab\u00a0<em>atteindront leurs limites<\/em>\u00a0\u00bb, estime la Commission dans son projet.<\/p>\n<p style=\"text-align: justify\">Le document propose cinq nouvelles ressources propres au niveau europ\u00e9en. Parmi elles, une taxe sur le tabac (TEDOR) qui permettrait de g\u00e9n\u00e9rer des recettes importantes tout en soutenant les objectifs de sant\u00e9 publique de l\u2019UE. Bien que le texte ne d\u00e9taille pas les taux envisag\u00e9s, Euractiv avait pr\u00e9c\u00e9demment mentionn\u00e9 <a href=\"https:\/\/www.generationsanstabac.org\/fr\/actualites\/la-commission-europeenne-envisage-daugmenter-les-taxes-sur-le-tabac-et-la-nicotine\/\">une hausse possible de 139\u202f% des droits d\u2019accise sur les cigarettes<\/a>.<\/p>\n<p style=\"text-align: justify\">Une \u00ab\u00a0ressource propre sur les entreprises\u00a0\u00bb (CORE) viserait les soci\u00e9t\u00e9s \u00e9tablies dans l\u2019UE r\u00e9alisant un chiffre d\u2019affaires net annuel sup\u00e9rieur \u00e0 50\u202fmillions d\u2019euros. D\u2019autres sources seraient li\u00e9es \u00e0 la transition \u00e9cologique, notamment par des contributions sur les d\u00e9chets \u00e9lectroniques, ainsi que deux m\u00e9canismes carbone que sont l\u2019\u00e9change de quotas d\u2019\u00e9mission (ETS1) et le m\u00e9canisme d\u2019ajustement carbone aux fronti\u00e8res (CBAM), d\u00e9j\u00e0 en discussion, et visant les \u00e9missions internes et import\u00e9es.<\/p>\n<p style=\"text-align: justify\">Jusqu\u2019\u00e0 14 milliards d\u2019euros pourraient ainsi \u00eatre g\u00e9n\u00e9r\u00e9s afin de financer le programme de d\u00e9fense \u00ab\u00a0ReArm Europe\u00a0\u00bb et le Fonds europ\u00e9en de la d\u00e9fense. Soutenu par 15 \u00c9tats membres, dont la France et les Pays-Bas, le projet vise \u00e0 harmoniser les prix du tabac dans l\u2019UE. Cela entra\u00eenerait une forte hausse des prix dans les pays du sud et de l\u2019est, comme la Gr\u00e8ce, l\u2019Italie ou la Roumanie, o\u00f9 les cigarettes sont actuellement moins ch\u00e8res<a href=\"#_ftn2\" name=\"_ftnref2\">[2]<\/a>.<\/p>\n<p style=\"text-align: justify\">Mais l\u2019initiative d\u00e9passe la seule logique de sant\u00e9 publique : Bruxelles souhaite que les recettes fiscales, aujourd\u2019hui per\u00e7ues par les \u00c9tats, soient directement vers\u00e9es au budget europ\u00e9en, marquant un changement majeur dans la structure des ressources de l\u2019UE.<\/p>\n<p style=\"text-align: justify\">Un vote crucial est pr\u00e9vu le 16 juillet 2025, lors d\u2019une r\u00e9union du Coll\u00e8ge des commissaires consacr\u00e9e au futur cadre budg\u00e9taire pluriannuel.<\/p>\n<p style=\"text-align: justify\">Selon un document interne, les hausses pourraient atteindre de +94\u202f% \u00e0 +139 % sur les cigarettes, +24\u202f% \u00e0 +258 % sur le tabac \u00e0 rouler, +300\u202f% \u00e0 +1 090 % sur les cigares et cigarillos et +41\u202f% en moyenne sur tous les produits du tabac et de la nicotine, concernant aussi les e-liquides et sachets de nicotine<a href=\"#_ftn3\" name=\"_ftnref3\">[3]<\/a>.<\/p>\n<h2 style=\"text-align: justify\">Un budget ambitieux face \u00e0 des contraintes politiques et financi\u00e8res<\/h2>\n<p style=\"text-align: justify\">La Commission plaide pour un budget europ\u00e9en plus flexible et adapt\u00e9 aux d\u00e9fis actuels, mais les d\u00e9cisions budg\u00e9taires n\u00e9cessitent l\u2019unanimit\u00e9 des \u00c9tats membres. Pour faciliter l\u2019accord, la majorit\u00e9 des recettes li\u00e9es au syst\u00e8me ETS serait revers\u00e9e aux budgets nationaux, et un m\u00e9canisme temporaire d\u2019ajustement de solidarit\u00e9 permettrait de compenser les d\u00e9s\u00e9quilibres entre les pays gagnants et perdants du nouveau syst\u00e8me.<\/p>\n<p style=\"text-align: justify\">Malgr\u00e9 l\u2019existence de propositions similaires formul\u00e9es en 2020 et 2023, peu de progr\u00e8s ont \u00e9t\u00e9 r\u00e9alis\u00e9s au sein du Conseil. Cependant, la n\u00e9gociation du prochain budget repr\u00e9sente une occasion strat\u00e9gique pour avancer.<\/p>\n<p style=\"text-align: justify\">\u00c0 partir de 2028, les \u00c9tats membres devront \u00e9galement commencer \u00e0 rembourser les pr\u00eats contract\u00e9s dans le cadre du plan de relance post-Covid (Facilit\u00e9 pour la reprise et la r\u00e9silience), qui s\u2019\u00e9l\u00e8ve \u00e0 650\u202fmilliards d\u2019euros. Ces remboursements mobiliseront environ un cinqui\u00e8me du budget annuel actuel de l\u2019Union, soit entre 25 et 30\u202fmilliards d\u2019euros par an.<\/p>\n<p style=\"text-align: justify\">Comme l\u2019a soulign\u00e9 un diplomate europ\u00e9en \u00e0 Euractiv, il est tr\u00e8s difficile d\u2019acter de nouvelles ressources sans aborder simultan\u00e9ment la question des d\u00e9penses. L\u2019enjeu est donc double\u202f: assurer la viabilit\u00e9 financi\u00e8re de l\u2019UE tout en r\u00e9pondant \u00e0 des attentes \u00e9lev\u00e9es en mati\u00e8re d\u2019investissement strat\u00e9gique.<\/p>\n<p style=\"text-align: justify\"><strong style=\"text-align: justify\"><a href=\"https:\/\/www.generationsanstabac.org\/\">\u00a9G\u00e9n\u00e9ration Sans Tabac<\/a><\/strong><\/p>\n<p style=\"text-align: right\"><em><strong>AD<\/strong><\/em><\/p>\n<hr \/>\n<p style=\"text-align: justify\"><a href=\"#_ftnref1\" name=\"_ftn1\">[1]<\/a>Wax Eddy, Wulff Wold Jacob, <a href=\"https:\/\/www.euractiv.com\/section\/economy-jobs\/news\/eu-to-tax-tobacco-large-companies-to-fund-next-budget\/\">EU to tax tobacco, large companies to fund next budget<\/a>, Euractiv, publi\u00e9 le 12 juillet 2025, consult\u00e9 le 15 juillet 2025<\/p>\n<p style=\"text-align: justify\"><a href=\"#_ftnref2\" name=\"_ftn2\">[2]<\/a>Protothema, <a href=\"https:\/\/en.protothema.gr\/2025\/07\/14\/eu-eyes-e14-billion-from-tobacco-tax-hike-to-fund-defence-push\/\">EU eyes \u20ac14 billion from tobacco tax hike to fund defence push<\/a>, publi\u00e9 le 14 juillet 2025, consult\u00e9 le 15 juillet 2025<\/p>\n<p style=\"text-align: justify\"><a href=\"#_ftnref3\" name=\"_ftn3\">[3]<\/a>Garoscio Paolo, <a href=\"https:\/\/www.economiematin.fr\/tabac-prix-taxe-cigarette-bruxelles-impot-ue\">Tabac\u00a0: Bruxelles veut augmenter les taxes et garder l\u2019argent<\/a>, \u00c9conomie Matin, publi\u00e9 le 11 juillet 2025, consult\u00e9 le 15 juillet 2025<\/p>\n<p style=\"text-align: justify\"><strong style=\"color: #999999\"><a style=\"color: #999999\" href=\"http:\/\/www.cnct.fr\/\" target=\"_blank\" rel=\"noopener noreferrer\">Comit\u00e9 national contre le tabagisme |<\/a><\/strong><\/p>\n","protected":false},"excerpt":{"rendered":"<p>The European Commission wants all member states to agree on new sources of funding for the EU budget. Proposals include taxes on tobacco, large corporations, electronic waste, and carbon emissions, according to a draft seen by EURACTIV.<\/p>","protected":false},"featured_media":24556,"template":"","tags":[],"thematique":[491],"class_list":["post-24553","actualites","type-actualites","status-publish","has-post-thumbnail","hentry","thematique-politiques-publiques"],"acf":[],"_links":{"self":[{"href":"https:\/\/www.generationsanstabac.org\/en\/wp-json\/wp\/v2\/actualites\/24553","targetHints":{"allow":["GET"]}}],"collection":[{"href":"https:\/\/www.generationsanstabac.org\/en\/wp-json\/wp\/v2\/actualites"}],"about":[{"href":"https:\/\/www.generationsanstabac.org\/en\/wp-json\/wp\/v2\/types\/actualites"}],"version-history":[{"count":2,"href":"https:\/\/www.generationsanstabac.org\/en\/wp-json\/wp\/v2\/actualites\/24553\/revisions"}],"predecessor-version":[{"id":24560,"href":"https:\/\/www.generationsanstabac.org\/en\/wp-json\/wp\/v2\/actualites\/24553\/revisions\/24560"}],"wp:featuredmedia":[{"embeddable":true,"href":"https:\/\/www.generationsanstabac.org\/en\/wp-json\/wp\/v2\/media\/24556"}],"wp:attachment":[{"href":"https:\/\/www.generationsanstabac.org\/en\/wp-json\/wp\/v2\/media?parent=24553"}],"wp:term":[{"taxonomy":"post_tag","embeddable":true,"href":"https:\/\/www.generationsanstabac.org\/en\/wp-json\/wp\/v2\/tags?post=24553"},{"taxonomy":"thematique","embeddable":true,"href":"https:\/\/www.generationsanstabac.org\/en\/wp-json\/wp\/v2\/thematique?post=24553"}],"curies":[{"name":"wp","href":"https:\/\/api.w.org\/{rel}","templated":true}]}}