{"id":24529,"date":"2025-07-10T07:00:41","date_gmt":"2025-07-10T05:00:41","guid":{"rendered":"https:\/\/www.generationsanstabac.org\/?post_type=actualites&#038;p=24529"},"modified":"2025-07-09T16:28:26","modified_gmt":"2025-07-09T14:28:26","slug":"luxembourg-le-paquet-de-cigarettes-pourrait-augmenter-de-35e","status":"publish","type":"actualites","link":"https:\/\/www.generationsanstabac.org\/en\/actualites\/luxembourg-le-paquet-de-cigarettes-pourrait-augmenter-de-35e\/","title":{"rendered":"Luxembourg: the price of a pack of cigarettes could increase by \u20ac3.50"},"content":{"rendered":"<p style=\"text-align: justify\"><em>Alors que le Luxembourg envisage une augmentation significative du prix du tabac \u2014 jusqu\u2019\u00e0 60 % selon certains sc\u00e9narios \u2014 cette mesure serait une avanc\u00e9e majeure pour la sant\u00e9 publique au niveau europ\u00e9en. En r\u00e9duisant les \u00e9carts de prix avec la France, elle pourrait contribuer \u00e0 freiner le commerce transfrontalier de tabac et am\u00e9liorer la situation sanitaire dans les r\u00e9gions frontali\u00e8res, notamment le Grand Est, particuli\u00e8rement touch\u00e9 par une pr\u00e9valence tabagique plus \u00e9lev\u00e9e. Cette perspective vient \u00e9galement contrecarrer les narratifs de l\u2019industrie du tabac sur les march\u00e9s parall\u00e8les, souvent exag\u00e9r\u00e9s pour bloquer les hausses fiscales.<\/em><\/p>\n<h2 style=\"text-align: justify\"><strong>Une d\u00e9cision attendue au Luxembourg<\/strong><\/h2>\n<p style=\"text-align: justify\">L\u2019augmentation du prix du tabac au Luxembourg, \u00e9voqu\u00e9e ces derniers jours dans plusieurs m\u00e9dias luxembourgeois et fran\u00e7ais, s\u2019inscrit dans le cadre de la r\u00e9vision de la directive sur la fiscalit\u00e9 des produits du tabac au sein de la Commission Europ\u00e9enne. L\u2019objectif : harmoniser davantage les niveaux de taxation entre \u00c9tats membres et r\u00e9duire les distorsions de prix qui favorisent les achats transfrontaliers<a href=\"#_ftn1\" name=\"_ftnref1\">[1]<\/a>.<\/p>\n<p style=\"text-align: justify\">Le Luxembourg, connu pour ses prix tr\u00e8s bas sur les produits du tabac, figure parmi les pays les plus directement concern\u00e9s par cette r\u00e9forme. Selon les premi\u00e8res estimations relay\u00e9es par la presse, le prix du paquet de cigarettes pourrait augmenter de 3,50 \u20ac, soit une hausse d\u2019environ 60 %, ce qui constituerait un tournant majeur dans la politique fiscale du Grand-Duch\u00e9 en mati\u00e8re de tabac. Cette perspective serait conforme aux recommandations de l\u2019Organisation mondiale de la sant\u00e9, qui pr\u00e9conise une taxation forte comme instrument de r\u00e9duction de la consommation tabagique.<\/p>\n<p style=\"text-align: justify\">Pour les associations de sant\u00e9 publique, cette mesure constituerait une avanc\u00e9e majeure vers une fiscalit\u00e9 plus coh\u00e9rente au sein de l\u2019Union europ\u00e9enne, renfor\u00e7ant l\u2019efficacit\u00e9 des politiques de sant\u00e9 nationales. En r\u00e9duisant l\u2019attractivit\u00e9 du tabac luxembourgeois, elle permettrait \u00e0 la fois de diminuer les achats transfrontaliers, de prot\u00e9ger les populations expos\u00e9es et de renforcer les politiques fiscales fran\u00e7aises, en particulier au niveau des r\u00e9gions frontali\u00e8res du Grand Est.<\/p>\n<h2 style=\"text-align: justify\"><strong>Un levier pour la sant\u00e9 publique et les finances<\/strong><\/h2>\n<p style=\"text-align: justify\">Chaque ann\u00e9e, des millions de paquets de cigarettes sont achet\u00e9s hors du territoire national, principalement dans les pays frontaliers o\u00f9 la fiscalit\u00e9 est plus avantageuse. Ce ph\u00e9nom\u00e8ne, qualifi\u00e9 de \u00ab\u00a0tourisme fiscal du tabac\u00a0\u00bb, affaiblit partiellement l\u2019efficacit\u00e9 des politiques de sant\u00e9 publique fond\u00e9es sur l\u2019augmentation des prix, pourtant reconnue comme l\u2019un des moyens les plus efficaces pour faire reculer le tabagisme, en particulier chez les jeunes et les populations vuln\u00e9rables.<\/p>\n<p style=\"text-align: justify\">Les r\u00e9gions frontali\u00e8res comme le Grand Est, o\u00f9 l\u2019acc\u00e8s au tabac bon march\u00e9 est facilit\u00e9 par la proximit\u00e9 avec le Luxembourg, en subissent directement les cons\u00e9quences : elles affichent une pr\u00e9valence tabagique plus \u00e9lev\u00e9e que la moyenne nationale, aggravant les in\u00e9galit\u00e9s de sant\u00e9 territoriales. Sur le plan \u00e9conomique, cette r\u00e9forme fiscale \u00e0 l\u2019\u00e9chelle europ\u00e9enne permettrait \u00e9galement une meilleure s\u00e9curisation des recettes fiscales fran\u00e7aises, en r\u00e9duisant les pertes li\u00e9es \u00e0 ces achats hors territoire.<\/p>\n<h2 style=\"text-align: justify\"><strong>Une r\u00e9ponse \u00e0 la d\u00e9sinformation de l\u2019industrie du tabac<\/strong><\/h2>\n<p style=\"text-align: justify\">L\u2019annonce d\u2019une possible hausse du prix du tabac au Luxembourg constitue aussi une r\u00e9ponse claire aux discours alarmistes de l\u2019industrie du tabac, qui invoque syst\u00e9matiquement le d\u00e9veloppement du commerce parall\u00e8le pour s\u2019opposer aux hausses fiscales. Ces arguments, largement relay\u00e9s par des cabinets financ\u00e9s par les cigarettiers, visent \u00e0 freiner les politiques publiques efficaces de lutte contre le tabagisme.<\/p>\n<p style=\"text-align: justify\">Le Comit\u00e9 national contre le tabagisme (CNCT)<a href=\"#_ftn2\" name=\"_ftnref2\">[2]<\/a> rappelle \u00e9galement que l\u2019ampleur des achats transfrontaliers est directement le r\u00e9sultat du sur-approvisionnement de ces march\u00e9s par les fabricants de tabac. Ces derniers livrent des volumes au Luxembourg bien sup\u00e9rieurs aux besoins du march\u00e9 national, alimentant directement les march\u00e9s parall\u00e8les \u00e0 celui des buralistes en France. Ainsi en 2023, selon les propres donn\u00e9es issues des rapports KPMG r\u00e9alis\u00e9s pour le cigarettier Philip Morris, 4,34 milliards de cigarettes ont \u00e9t\u00e9 vendues au Luxembourg, soit plus de 18 cigarettes par jour et par habitant. Le CNCT d\u00e9plore que le syst\u00e8me de suivi et de tra\u00e7abilit\u00e9 mis en place au niveau europ\u00e9en ne soit pas ind\u00e9pendant des cigarettiers et que les donn\u00e9es concernant ce sur-approvisionnement des march\u00e9s frontaliers ne soient pas rendues publiques alors m\u00eame qu\u2019elles d\u00e9montreraient la responsabilit\u00e9 des cigarettiers dans ce domaine.<\/p>\n<p style=\"text-align: justify\">Le CNCT souligne enfin que cette pratique de sur-approvisionnement va \u00e0 l\u2019encontre du Protocole de l\u2019OMS pour \u00e9liminer le commerce illicite, ratifi\u00e9 par l\u2019Union europ\u00e9enne, lequel pr\u00e9voit des quotas d\u2019approvisionnement bas\u00e9s sur la consommation int\u00e9rieure.<\/p>\n<p style=\"text-align: justify\">Dans ce contexte, il apparait que contrairement au discours r\u00e9current concernant les march\u00e9s parall\u00e8les, les hausses de taxes associ\u00e9es \u00e0 des mesures efficaces de lutte contre les pratiques des fabricants de tabac aillent de pair avec une am\u00e9lioration de la sant\u00e9 publique, l\u2019am\u00e9lioration des recettes fiscales et la r\u00e9duction des march\u00e9s parall\u00e8les.<\/p>\n<p style=\"text-align: justify\"><strong style=\"text-align: justify\"><a href=\"https:\/\/www.generationsanstabac.org\/\">\u00a9G\u00e9n\u00e9ration Sans Tabac<\/a><\/strong><\/p>\n<p style=\"text-align: right\"><em><strong>AE<\/strong><\/em><\/p>\n<hr \/>\n<p style=\"text-align: justify\"><a href=\"#_ftnref1\" name=\"_ftn1\">[1]<\/a> Fabrice Barbian, <a href=\"https:\/\/www.lasemaine.fr\/economie\/luxembourg-le-prix-du-paquet-de-cigarettes-va-t-il-fortement-augmenter\/\">Luxembourg : le prix du paquet de cigarettes va-t-il fortement augmenter<\/a> ?, La Semaine, publi\u00e9 le 4 juillet 2025, consult\u00e9 le 8 juillet 2025<\/p>\n<p style=\"text-align: justify\"><a href=\"#_ftnref2\" name=\"_ftn2\">[2]<\/a> Communiqu\u00e9, <a href=\"https:\/\/cnct.fr\/communiques\/marches-paralleles-du-tabac-lindustrie-du-tabac-persiste-dans-la-desinformation\/\">March\u00e9s parall\u00e8les du tabac\u202f: l\u2019industrie du tabac persiste dans la d\u00e9sinformation<\/a>, CNCT, publi\u00e9 le 11 juin 2025, consult\u00e9 le 8 juillet 2025<\/p>\n<p><strong style=\"color: #999999\"><a style=\"color: #999999\" href=\"http:\/\/www.cnct.fr\/\" target=\"_blank\" rel=\"noopener noreferrer\">Comit\u00e9 national contre le tabagisme |<\/a><\/strong><\/p>\n","protected":false},"excerpt":{"rendered":"<p>As Luxembourg considers a significant increase in tobacco prices\u2014up to 60 % according to some scenarios\u2014this measure would be a major step forward for public health at the European level. By reducing price gaps with France, it could help curb cross-border tobacco trade and improve the health situation in border regions, particularly the Grand Est region, which is particularly affected by higher smoking prevalence. This prospect also counters the tobacco industry&#039;s narratives about parallel markets, which are often exaggerated to block tax increases.<\/p>","protected":false},"featured_media":24532,"template":"","tags":[],"thematique":[538,491],"class_list":["post-24529","actualites","type-actualites","status-publish","has-post-thumbnail","hentry","thematique-marches-paralleles","thematique-politiques-publiques"],"acf":[],"_links":{"self":[{"href":"https:\/\/www.generationsanstabac.org\/en\/wp-json\/wp\/v2\/actualites\/24529","targetHints":{"allow":["GET"]}}],"collection":[{"href":"https:\/\/www.generationsanstabac.org\/en\/wp-json\/wp\/v2\/actualites"}],"about":[{"href":"https:\/\/www.generationsanstabac.org\/en\/wp-json\/wp\/v2\/types\/actualites"}],"version-history":[{"count":1,"href":"https:\/\/www.generationsanstabac.org\/en\/wp-json\/wp\/v2\/actualites\/24529\/revisions"}],"predecessor-version":[{"id":24533,"href":"https:\/\/www.generationsanstabac.org\/en\/wp-json\/wp\/v2\/actualites\/24529\/revisions\/24533"}],"wp:featuredmedia":[{"embeddable":true,"href":"https:\/\/www.generationsanstabac.org\/en\/wp-json\/wp\/v2\/media\/24532"}],"wp:attachment":[{"href":"https:\/\/www.generationsanstabac.org\/en\/wp-json\/wp\/v2\/media?parent=24529"}],"wp:term":[{"taxonomy":"post_tag","embeddable":true,"href":"https:\/\/www.generationsanstabac.org\/en\/wp-json\/wp\/v2\/tags?post=24529"},{"taxonomy":"thematique","embeddable":true,"href":"https:\/\/www.generationsanstabac.org\/en\/wp-json\/wp\/v2\/thematique?post=24529"}],"curies":[{"name":"wp","href":"https:\/\/api.w.org\/{rel}","templated":true}]}}