{"id":24500,"date":"2025-07-11T07:00:04","date_gmt":"2025-07-11T05:00:04","guid":{"rendered":"https:\/\/www.generationsanstabac.org\/?post_type=actualites&#038;p=24500"},"modified":"2025-07-08T09:45:56","modified_gmt":"2025-07-08T07:45:56","slug":"reduction-du-tabagisme-la-world-vapers-alliance-soutenue-par-lindustrie-met-en-avant-certains-etats-membres","status":"publish","type":"actualites","link":"https:\/\/www.generationsanstabac.org\/en\/actualites\/reduction-du-tabagisme-la-world-vapers-alliance-soutenue-par-lindustrie-met-en-avant-certains-etats-membres\/","title":{"rendered":"Tobacco Reduction: Industry-Backed World Vapers&#039; Alliance Highlights Select Member States"},"content":{"rendered":"<p style=\"text-align: justify\"><em>Le 2 juillet 2025, la World Vapers&rsquo; Alliance (WVA), association favorable aux produits de la nicotine, a d\u00e9cern\u00e9 une distinction symbolique \u00e0 trois pays europ\u00e9ens \u2014 la Su\u00e8de, la Gr\u00e8ce et la R\u00e9publique tch\u00e8que \u2014 pour leurs \u00ab performances remarquables \u00bb dans la r\u00e9duction du tabagisme. Selon les organisateurs, ces pays constitueraient une \u00ab Champions League \u00bb europ\u00e9enne de la lutte contre le tabac, en raison de leurs politiques favorisant les alternatives dites \u00ab \u00e0 risque r\u00e9duit \u00bb comme les sachets de nicotine ou les produits de vapotage.<\/em><\/p>\n<p style=\"text-align: justify\">Cependant si les taux de tabagisme ont effectivement diminu\u00e9 dans ces pays, la raison invoqu\u00e9e par cette alliance proche de l\u2019industrie soul\u00e8ve des questions sur les crit\u00e8res employ\u00e9s, les donn\u00e9es mobilis\u00e9es et les intentions r\u00e9elles des acteurs \u00e0 l\u2019origine de cette initiative. Cette interrogation apparait d\u2019autant plus l\u00e9gitime que certains de ces \u00c9tats se sont r\u00e9cemment oppos\u00e9s \u00e0 des mesures de sant\u00e9 publique ambitieuses, notamment en freinant l\u2019interdiction des sachets de nicotine port\u00e9e par la France ou l\u2019Espagne au niveau europ\u00e9en<a href=\"#_ftn1\" name=\"_ftnref1\">[1]<\/a>.<\/p>\n<h2 style=\"text-align: justify\"><strong>Une mise en sc\u00e8ne strat\u00e9gique au service des nouveaux produits nicotin\u00e9s<\/strong><\/h2>\n<p style=\"text-align: justify\">La distinction d\u00e9cern\u00e9e par la World Vapers\u2019 Alliance \u00e0 la Su\u00e8de, \u00e0 la R\u00e9publique tch\u00e8que et \u00e0 la Gr\u00e8ce pour leur pr\u00e9tendue r\u00e9ussite en mati\u00e8re de r\u00e9duction du tabagisme s\u2019inscrit dans une strat\u00e9gie plus large de promotion des produits de la nicotine dits \u00ab \u00e0 risque r\u00e9duit \u00bb. Selon les organisateurs, ces trois pays seraient les fers de lance europ\u00e9ens du \u00ab progr\u00e8s \u00bb en mati\u00e8re de lutte contre le tabac, notamment gr\u00e2ce \u00e0 leur soutien au vapotage et aux sachets de nicotine. La Su\u00e8de est cit\u00e9e comme le premier pays europ\u00e9en sur le podium avec un taux de tabagisme d\u00e9clar\u00e9 \u00e0 5,6 %, suivie de la R\u00e9publique tch\u00e8que (18,5 %) et de la Gr\u00e8ce (23,6 %).<\/p>\n<p style=\"text-align: justify\">Mais au-del\u00e0 de ces chiffres, cette mise en avant m\u00e9diatique constitue une op\u00e9ration de communication strat\u00e9gique visant \u00e0 imposer un narratif favorable aux nouveaux produits de la nicotine. Elle occulte des facteurs expliquant la situation de ces pays et nuan\u00e7ant fortement l\u2019apport de ces nouveaux produits. En Su\u00e8de, par exemple, si le taux de tabagisme est bas, l\u2019usage global de la nicotine (sachets, snus, e-cigarettes) reste tr\u00e8s \u00e9lev\u00e9, notamment chez les jeunes. En outre la r\u00e9duction effective du tabagisme ces derni\u00e8res ann\u00e9es est avant tout le r\u00e9sultat d\u2019une politique publique de lutte contre le tabac coh\u00e9rente et de long terme : fiscalit\u00e9 \u00e9lev\u00e9e sur les cigarettes, espaces sans tabac, sensibilisation pr\u00e9coce, respect de l\u2019interdiction de vente aux mineurs en place depuis 2007, normes sociales d\u00e9favorables \u00e0 la consommation de tabac, accessibilit\u00e9 aux traitements de sevrage et forte adh\u00e9sion de la population aux messages de sant\u00e9 publique<a href=\"#_ftn2\" name=\"_ftnref2\">[2]<\/a>. En R\u00e9publique tch\u00e8que, la pr\u00e9valence tabagique reste au-dessus de la moyenne europ\u00e9enne, et la Gr\u00e8ce figure toujours parmi les pays avec les plus hauts niveaux de consommation de tabac et de nicotine.<\/p>\n<p style=\"text-align: justify\">L\u2019objectif r\u00e9el de cette campagne est de peser sur les discussions europ\u00e9ennes en cours autour de la r\u00e9vision de la directive sur les produits du tabac (TPD). La World Vapers\u2019 Alliance milite activement pour que cette r\u00e9vision int\u00e8gre une reconnaissance r\u00e9glementaire des produits dits de \u00ab r\u00e9duction des risques \u00bb, ce qui faciliterait leur commercialisation et affaiblirait les mesures restrictives en mati\u00e8re de pr\u00e9vention. En pr\u00e9sentant certains pays comme des exemples \u00e0 suivre, l\u2019alliance cherche \u00e0 influencer l\u2019opinion publique et les institutions europ\u00e9ennes, en cr\u00e9ant une pression politique en faveur d\u2019un assouplissement du cadre normatif.<\/p>\n<h2 style=\"text-align: justify\"><strong>Une op\u00e9ration de communication orchestr\u00e9e par l\u2019industrie du tabac<\/strong><\/h2>\n<p style=\"text-align: justify\">Derri\u00e8re une fa\u00e7ade militante et citoyenne, la World Vapers\u2019 Alliance (WVA) constitue en r\u00e9alit\u00e9 un levier d\u2019influence indirect de l\u2019industrie du tabac<a href=\"#_ftn3\" name=\"_ftnref3\">[3]<\/a>. Officiellement pr\u00e9sent\u00e9e comme un collectif de consommateurs d\u00e9fendant l\u2019acc\u00e8s au vapotage, la WVA est enti\u00e8rement financ\u00e9e et coordonn\u00e9e par le <em>Consumer Choice Center<\/em> (CCC), une organisation libertarienne bas\u00e9e \u00e0 Washington et \u00e0 Bruxelles, elle-m\u00eame soutenue financi\u00e8rement par des multinationales du tabac telles que British American Tobacco.<\/p>\n<p style=\"text-align: justify\">Le <em>Consumer Choice Center<\/em> est central dans cette strat\u00e9gie et il promeut un discours anti-r\u00e9glementation sous couvert de libert\u00e9 individuelle. Il milite ainsi activement contre toute tentative de r\u00e9glementation du march\u00e9 des produits de la nicotine. Il h\u00e9berge, finance et fournit les ressources logistiques et humaines de la WVA, qui partage ses locaux \u00e0 Bruxelles. Cette derni\u00e8re, bien qu\u2019autoproclam\u00e9e voix des consommateurs, n\u2019a aucune transparence sur son mode de gouvernance, ses sources de financement ou ses \u00e9ventuels conflits d\u2019int\u00e9r\u00eats.<\/p>\n<p style=\"text-align: justify\">La WVA m\u00e8ne des campagnes de lobbying particuli\u00e8rement agressives, en ligne comme sur le terrain, avec des op\u00e9rations m\u00e9diatiques cibl\u00e9es dans les capitales europ\u00e9ennes. \u00c0 l\u2019occasion de la 19e Conf\u00e9rence mondiale pour le contr\u00f4le du tabac, qui s\u2019est tenue \u00e0 Dublin en juin 2025, l\u2019organisation a orchestr\u00e9 une action symbolique en projetant des slogans tels que <strong>\u00ab Vaping saves lives \u00bb<\/strong> (\u00ab Le vapotage sauve des vies \u00bb) sur les murs du centre de conf\u00e9rence. Ce type d\u2019action vise \u00e0 contester les faits scientifiques des chercheurs\u00a0qui tendent de plus \u00e0 plus \u00e0 alerter sur ces produits. En outre de telles initiatives ont pour objectif d\u2019entretenir le doute et dissuader les d\u00e9cideurs publics d\u2019intervenir sur ce sujet en vue d\u2019en renforcer la r\u00e9glementation.<\/p>\n<p style=\"text-align: justify\">Ainsi au-del\u00e0 de cette op\u00e9ration ponctuelle, la WVA s\u2019inscrit dans une strat\u00e9gie de fond : faire pression sur les institutions europ\u00e9ennes pour influencer la r\u00e9vision prochaine de la directive sur les produits du tabac (TPD), en plaidant pour l\u2019int\u00e9gration des produits du vapotage et des sachets de nicotine comme outils reconnus de sant\u00e9 publique. En infiltrant le d\u00e9bat avec un discours favorable \u00e0 l\u2019industrie, elle contribue \u00e0 freiner les avanc\u00e9es r\u00e9glementaires et \u00e0 brouiller les rep\u00e8res des d\u00e9cideurs, des professionnels de sant\u00e9 et du grand public.<\/p>\n<p style=\"text-align: justify\">Cette instrumentalisation d\u2019un discours de r\u00e9duction des risques, port\u00e9 par des entit\u00e9s proches de l\u2019industrie du tabac, souligne les enjeux de la protection des politiques publiques \u00e0 l\u2019\u00e9gard de l\u2019interf\u00e9rence de l\u2019industrie. Cette derni\u00e8re a de plus en plus recours \u00e0 des tierces parties pour faire passer ces messages et d\u00e9fendre ses int\u00e9r\u00eats. Les pouvoirs publics des pays se doivent donc d\u2019appliquer des r\u00e8gles de transparence afin d\u2019identifier de tels faux nez.<\/p>\n<p style=\"text-align: justify\"><strong style=\"text-align: justify\"><a href=\"https:\/\/www.generationsanstabac.org\/\">\u00a9G\u00e9n\u00e9ration Sans Tabac<\/a><\/strong><\/p>\n<p style=\"text-align: right\"><em><strong>AE<\/strong><\/em><\/p>\n<hr \/>\n<p style=\"text-align: justify\"><a href=\"#_ftnref1\" name=\"_ftn1\">[1]<\/a> G\u00e9n\u00e9ration sans tabac, <a href=\"https:\/\/www.generationsanstabac.org\/fr\/actualites\/des-ong-europeennes-denoncent-lingerence-de-certains-etats-dans-la-reglementation-des-sachets-de-nicotine\/\">Des ONG europ\u00e9ennes d\u00e9noncent l\u2019ing\u00e9rence de certains \u00c9tats dans la r\u00e9glementation des sachets de nicotine<\/a>, publi\u00e9 le 4 juillet 2024, consult\u00e9 le jour-m\u00eame<\/p>\n<p style=\"text-align: justify\"><a href=\"#_ftnref2\" name=\"_ftn2\">[2]<\/a> G\u00e9n\u00e9ration sans tabac, <a href=\"https:\/\/www.generationsanstabac.org\/fr\/actualites\/derriere-le-modele-suedois-les-vrais-enjeux-de-lindustrie-concernant-les-sachets-de-nicotine\/\">Derri\u00e8re le mod\u00e8le su\u00e9dois : les vrais enjeux de l\u2019industrie concernant les sachets de nicotine<\/a>, publi\u00e9 le 24 juin 2025, consult\u00e9 le 4 juillet 2025<\/p>\n<p style=\"text-align: justify\"><a href=\"#_ftnref3\" name=\"_ftn3\">[3]<\/a> <a href=\"https:\/\/www.tobaccotactics.org\/article\/world-vapers-alliance\/\">World Vapers\u2019 Alliance<\/a>, Tobacco Tactics, derni\u00e8re mise \u00e0 jour le 28 novembre 2024 consult\u00e9 le 4 juillet 2025<\/p>\n<p><strong style=\"color: #999999\"><a style=\"color: #999999\" href=\"http:\/\/www.cnct.fr\/\" target=\"_blank\" rel=\"noopener noreferrer\">Comit\u00e9 national contre le tabagisme |<\/a><\/strong><\/p>\n","protected":false},"excerpt":{"rendered":"<p>On July 2, 2025, the World Vapers&#039; Alliance (WVA), a pro-nicotine association, awarded a symbolic distinction to three European countries\u2014Sweden, Greece, and the Czech Republic\u2014for their \u201coutstanding performance\u201d in reducing smoking. According to the organizers, these countries would constitute a European \u201cChampions League\u201d in the fight against tobacco, due to their policies favoring so-called \u201creduced-risk\u201d alternatives such as nicotine pouches or vaping products.<\/p>","protected":false},"featured_media":24503,"template":"","tags":[],"thematique":[499],"class_list":["post-24500","actualites","type-actualites","status-publish","has-post-thumbnail","hentry","thematique-lobby"],"acf":[],"_links":{"self":[{"href":"https:\/\/www.generationsanstabac.org\/en\/wp-json\/wp\/v2\/actualites\/24500","targetHints":{"allow":["GET"]}}],"collection":[{"href":"https:\/\/www.generationsanstabac.org\/en\/wp-json\/wp\/v2\/actualites"}],"about":[{"href":"https:\/\/www.generationsanstabac.org\/en\/wp-json\/wp\/v2\/types\/actualites"}],"version-history":[{"count":1,"href":"https:\/\/www.generationsanstabac.org\/en\/wp-json\/wp\/v2\/actualites\/24500\/revisions"}],"predecessor-version":[{"id":24504,"href":"https:\/\/www.generationsanstabac.org\/en\/wp-json\/wp\/v2\/actualites\/24500\/revisions\/24504"}],"wp:featuredmedia":[{"embeddable":true,"href":"https:\/\/www.generationsanstabac.org\/en\/wp-json\/wp\/v2\/media\/24503"}],"wp:attachment":[{"href":"https:\/\/www.generationsanstabac.org\/en\/wp-json\/wp\/v2\/media?parent=24500"}],"wp:term":[{"taxonomy":"post_tag","embeddable":true,"href":"https:\/\/www.generationsanstabac.org\/en\/wp-json\/wp\/v2\/tags?post=24500"},{"taxonomy":"thematique","embeddable":true,"href":"https:\/\/www.generationsanstabac.org\/en\/wp-json\/wp\/v2\/thematique?post=24500"}],"curies":[{"name":"wp","href":"https:\/\/api.w.org\/{rel}","templated":true}]}}