{"id":24431,"date":"2025-06-29T07:00:28","date_gmt":"2025-06-29T05:00:28","guid":{"rendered":"https:\/\/www.generationsanstabac.org\/?post_type=actualites&#038;p=24431"},"modified":"2025-06-27T14:47:56","modified_gmt":"2025-06-27T12:47:56","slug":"une-etude-anglaise-revele-que-le-tabagisme-laisse-des-traces-durables-sur-les-dents","status":"publish","type":"actualites","link":"https:\/\/www.generationsanstabac.org\/en\/actualites\/une-etude-anglaise-revele-que-le-tabagisme-laisse-des-traces-durables-sur-les-dents\/","title":{"rendered":"English study reveals smoking leaves lasting marks on teeth"},"content":{"rendered":"<p style=\"text-align: justify\"><em>Des chercheurs de l\u2019Universit\u00e9 de Northumbrie, associ\u00e9s \u00e0 des scientifiques de l\u2019Universit\u00e9 de Leicester, ont mis en \u00e9vidence pour la premi\u00e8re fois des marques permanentes laiss\u00e9es par le tabagisme sur les dents<a href=\"#_ftn1\" name=\"_ftnref1\"><strong>[1]<\/strong><\/a>. Publi\u00e9s dans la revue PLOS One, leurs travaux montrent que les dents des fumeurs, y compris celles des anciens fumeurs, conservent des traces internes de leur consommation pass\u00e9e de tabac.<\/em><\/p>\n<h2 style=\"text-align: justify\">Les effets durables du tabac sur les dents, r\u00e9v\u00e9l\u00e9s par la recherche<\/h2>\n<p style=\"text-align: justify\">Les dents sont compos\u00e9es de trois tissus durs principaux, l\u2019\u00e9mail, la dentine et le c\u00e9ment. Ce dernier recouvre la racine de la dent et forme des \u00ab\u00a0anneaux\u00a0\u00bb de croissance chaque ann\u00e9e, similaires \u00e0 ceux des arbres. En \u00e9tudiant ces anneaux dans 88 dents issues de patients actuels et de restes arch\u00e9ologiques, les chercheurs ont observ\u00e9 des irr\u00e9gularit\u00e9s et des diff\u00e9rences d\u2019\u00e9paisseur de ces strates chez les fumeurs et ex-fumeurs, mais tr\u00e8s rarement chez les non-fumeurs.<\/p>\n<p style=\"text-align: justify\">Les r\u00e9sultats indiquent que 70 % des anciens fumeurs et 33 % des fumeurs actuels pr\u00e9sentaient des signes visibles de dommages dans leur c\u00e9ment, contre seulement 3 % chez les non-fumeurs. Les chercheurs ont \u00e9galement constat\u00e9 un \u00e9paississement du c\u00e9ment chez les anciens fumeurs, probablement caus\u00e9 par la reconstitution de couches plus solides apr\u00e8s l\u2019arr\u00eat du tabac.<\/p>\n<p style=\"text-align: justify\">Selon le Dr. Ed Schwalbe, coauteur et professeur \u00e0 la facult\u00e9 des sciences de la vie et de la sant\u00e9 de l&rsquo;universit\u00e9 de Northumbrie, \u00ab\u00a0<em>il est d\u00e9sormais possible de d\u00e9terminer si une personne a \u00e9t\u00e9 fumeuse simplement en analysant ses dents.<\/em>\u00a0\u00bb.<\/p>\n<p style=\"text-align: justify\">L&rsquo;\u00e9tude a port\u00e9 sur 46 participants vivants qui ont d\u00fb se faire extraire des dents dans le cadre de soins dentaires de routine<a href=\"#_ftn2\" name=\"_ftnref2\">[2]<\/a>. Dans un cas particulier, la dent d&rsquo;un participant pr\u00e9sentait des dommages intervenus d\u2019apr\u00e8s leurs estimations dans la p\u00e9riode d\u2019\u00e2ge de 22 \u00e0 41 ans. Lorsque les chercheurs ont examin\u00e9 les ant\u00e9c\u00e9dents du patient, ils ont d\u00e9couvert que cette personne, alors \u00e2g\u00e9e de 58 ans, avait fum\u00e9 entre 28 et 38 ans.<\/p>\n<p style=\"text-align: justify\">Cela correspondait exactement aux donn\u00e9es disponibles. \u00ab <em>On sait que le tabagisme a un impact syst\u00e9mique sur l&rsquo;organisme et de nombreuses \u00e9tudes ont mis en \u00e9vidence la corr\u00e9lation entre le tabagisme, la parodontite et la perte de dents <\/em>\u00bb, a ajout\u00e9 le Dr. Valentina Perrone, principale auteure de l\u2019\u00e9tude. \u00ab\u00a0<em>Cette \u00e9tude montre, pour la premi\u00e8re fois, l&rsquo;enregistrement biologique des dommages bucco-dentaires li\u00e9s au tabagisme au sein de la structure dentaire.<\/em>\u00a0\u00bb.<\/p>\n<h2 style=\"text-align: justify\">Des applications en arch\u00e9ologie et en science m\u00e9dico-l\u00e9gale<\/h2>\n<p style=\"text-align: justify\">L\u2019\u00e9quipe a \u00e9tendu ses recherches \u00e0 18 dents provenant de restes humains dat\u00e9s entre 1776 et 1890. Gr\u00e2ce \u00e0 la technique de c\u00e9ment-chronologie, ils ont pu d\u00e9tecter des traces de consommation de tabac chez certaines personnes d\u00e9c\u00e9d\u00e9es il y a plus de deux si\u00e8cles, avec des r\u00e9sultats comparables \u00e0 ceux observ\u00e9s chez les patients vivants.<\/p>\n<p style=\"text-align: justify\">Certaines dents anciennes pr\u00e9sentaient des taches ou des entailles li\u00e9es au tabagisme par pipe en argile, et les anneaux de leur c\u00e9ment affichaient les m\u00eames perturbations que chez les fumeurs contemporains. Ces observations offrent un nouvel outil pour l\u2019analyse des modes de vie anciens et permettent une meilleure compr\u00e9hension des effets du tabac \u00e0 travers l\u2019histoire.<\/p>\n<p style=\"text-align: justify\">Le Dr. Sarah Inskip, membre de l&rsquo;UKRI \u00e0 l&rsquo;\u00e9cole d&rsquo;arch\u00e9ologie et d&rsquo;histoire ancienne de l&rsquo;universit\u00e9 de Leicester, souligne que ces donn\u00e9es sont pr\u00e9cieuses pour mieux comprendre les cons\u00e9quences sanitaires \u00e0 long terme de la consommation de tabac, en prenant pour exemple la p\u00e9riode de 1600 \u00e0 1900.<\/p>\n<p style=\"text-align: justify\">Les chercheurs ont indiqu\u00e9 vouloir mener plus avant les recherches sur les l\u00e9sions du tabagisme dans la population moderne, en prenant en compte la quantit\u00e9 de tabac consomm\u00e9e, la pollution urbaine, d\u2019autres produits du tabac et de la nicotine (e-cigarette, tabac \u00e0 priser\u2026), ainsi qu\u2019en observant si des l\u00e9sions similaires apparaissent chez les non-fumeurs atteints d&rsquo;une parodontite s\u00e9v\u00e8re.<\/p>\n<p style=\"text-align: justify\">D\u00e9j\u00e0 en octobre 2024, une \u00e9tude du Centre international de recherche sur le cancer (CIRC) avait \u00e9tabli <a href=\"https:\/\/www.generationsanstabac.org\/fr\/actualites\/un-tiers-des-cancers-de-la-bouche-causes-par-le-tabac-sans-fumee\/\">qu\u2019un tiers des cancers de la bouche sont caus\u00e9s par le tabac sans fum\u00e9e<\/a>.<\/p>\n<p style=\"text-align: justify\"><strong style=\"text-align: justify\"><a href=\"https:\/\/www.generationsanstabac.org\/\">\u00a9G\u00e9n\u00e9ration Sans Tabac<\/a><\/strong><\/p>\n<p style=\"text-align: right\"><em><strong>AD<\/strong><\/em><\/p>\n<hr \/>\n<p style=\"text-align: justify\"><a href=\"#_ftnref1\" name=\"_ftn1\">[1]<\/a>Perrone V., Davies-Barrett A.M., Migliario M., Randolph-Quinney P., Inskip S.A., Schwalbe E.C., \u201cReconstructing smoking history through dental cementum analysis &#8211; a preliminary investigation on modern and archaeological teeth\u201d, PLoS One 20(5): e0323812, <a href=\"https:\/\/doi.org\/10.1371\/journal.pone.0323812\">https:\/\/doi.org\/10.1371\/journal.pone.0323812<\/a><\/p>\n<p style=\"text-align: justify\"><a href=\"#_ftnref2\" name=\"_ftn2\">[2]<\/a>Ralls Eric, <a href=\"https:\/\/www.earth.com\/news\/smoking-leaves-permanent-traces-in-teeth-deep-below-the-surface-new-forensic-science-tool\/\">Smoking leaves permanent traces in teeth deep below the surface &#8211; a new forensic<\/a>, Earth.com, publi\u00e9 le 24 juin 2025, consult\u00e9 le 25 juin 2025<\/p>\n<p style=\"text-align: justify\"><strong style=\"color: #999999\"><a style=\"color: #999999\" href=\"http:\/\/www.cnct.fr\/\" target=\"_blank\" rel=\"noopener noreferrer\">Comit\u00e9 national contre le tabagisme |<\/a><\/strong><\/p>\n","protected":false},"excerpt":{"rendered":"<p>Researchers from Northumbria University, along with scientists from the University of Leicester, have for the first time demonstrated permanent marks left by smoking on teeth. Published in the journal PLOS One, their work shows that the teeth of smokers, including those of former smokers, retain internal traces of their past tobacco use.<\/p>","protected":false},"featured_media":24437,"template":"","tags":[],"thematique":[474],"class_list":["post-24431","actualites","type-actualites","status-publish","has-post-thumbnail","hentry","thematique-sante"],"acf":[],"_links":{"self":[{"href":"https:\/\/www.generationsanstabac.org\/en\/wp-json\/wp\/v2\/actualites\/24431","targetHints":{"allow":["GET"]}}],"collection":[{"href":"https:\/\/www.generationsanstabac.org\/en\/wp-json\/wp\/v2\/actualites"}],"about":[{"href":"https:\/\/www.generationsanstabac.org\/en\/wp-json\/wp\/v2\/types\/actualites"}],"version-history":[{"count":1,"href":"https:\/\/www.generationsanstabac.org\/en\/wp-json\/wp\/v2\/actualites\/24431\/revisions"}],"predecessor-version":[{"id":24435,"href":"https:\/\/www.generationsanstabac.org\/en\/wp-json\/wp\/v2\/actualites\/24431\/revisions\/24435"}],"wp:featuredmedia":[{"embeddable":true,"href":"https:\/\/www.generationsanstabac.org\/en\/wp-json\/wp\/v2\/media\/24437"}],"wp:attachment":[{"href":"https:\/\/www.generationsanstabac.org\/en\/wp-json\/wp\/v2\/media?parent=24431"}],"wp:term":[{"taxonomy":"post_tag","embeddable":true,"href":"https:\/\/www.generationsanstabac.org\/en\/wp-json\/wp\/v2\/tags?post=24431"},{"taxonomy":"thematique","embeddable":true,"href":"https:\/\/www.generationsanstabac.org\/en\/wp-json\/wp\/v2\/thematique?post=24431"}],"curies":[{"name":"wp","href":"https:\/\/api.w.org\/{rel}","templated":true}]}}