{"id":24393,"date":"2025-06-23T07:00:29","date_gmt":"2025-06-23T05:00:29","guid":{"rendered":"https:\/\/www.generationsanstabac.org\/?post_type=actualites&#038;p=24393"},"modified":"2025-06-17T16:13:29","modified_gmt":"2025-06-17T14:13:29","slug":"ash-appelle-a-une-legislation-rapide-sur-les-sachets-de-nicotine-au-royaume-uni","status":"publish","type":"actualites","link":"https:\/\/www.generationsanstabac.org\/en\/actualites\/ash-appelle-a-une-legislation-rapide-sur-les-sachets-de-nicotine-au-royaume-uni\/","title":{"rendered":"ASH calls for swift legislation on nicotine pouches in the UK"},"content":{"rendered":"<p style=\"text-align: justify\"><em>De nouvelles donn\u00e9es r\u00e9v\u00e8lent qu&rsquo;entre 2024 et 2025, la notori\u00e9t\u00e9 des sachets de nicotine a augment\u00e9 chez les moins de 18 ans en Grande-Bretagne, passant de 38 % \u00e0 43 %<a href=\"#_ftn1\" name=\"_ftnref1\"><strong>[1]<\/strong><\/a>. Pr\u00e8s de 4 % des adolescents de 11-17 ans d\u00e9clarent avoir essay\u00e9 ces produits, ce qui repr\u00e9sente environ 210 000 enfants. Les sachets de nicotine, souvent vendus dans des petites bo\u00eetes m\u00e9talliques, sont de petits sachets rectangulaires sans tabac qui contiennent une poudre blanche, lib\u00e9rant de la nicotine dans la circulation sanguine, lorsqu&rsquo;ils sont plac\u00e9s entre la l\u00e8vre sup\u00e9rieure et la gencive.<\/em><\/p>\n<h2 style=\"text-align: justify\">Une hausse inqui\u00e9tante de la notori\u00e9t\u00e9 et de l\u2019usage des sachets de nicotine chez les jeunes<\/h2>\n<p style=\"text-align: justify\">Les donn\u00e9es YouGov, command\u00e9es par l\u2019organisation Action on Smoking and Health (ASH), montrent \u00e9galement qu\u2019entre 2023 et 2025, l\u2019usage des sachets de nicotine a progress\u00e9 chez les jeunes adultes \u00e2g\u00e9s de 18 \u00e0 34 ans. La pr\u00e9valence, dans cette tranche d\u2019\u00e2ge, est pass\u00e9e de 1,2 % en 2023 \u00e0 2,6 % en 2025, contre seulement 0,2 % chez les adultes de plus de 55 ans.<\/p>\n<p style=\"text-align: justify\">Un \u00e9cart significatif entre les sexes est \u00e9galement observ\u00e9 : les hommes de moins de 40 ans sont trois fois plus susceptibles d\u2019en consommer que les femmes du m\u00eame \u00e2ge (3,5 % contre 1,2 %).<\/p>\n<p style=\"text-align: justify\">Bien que les sachets de nicotine soient consid\u00e9r\u00e9s comme moins nocifs que le tabac fum\u00e9, ils ne sont, au Royaume-Uni, soumis actuellement \u00e0 aucune limite de concentration en nicotine. De plus, leur commercialisation est peu encadr\u00e9e, notamment en mati\u00e8re de publicit\u00e9 et de promotion. Il n\u2019existe actuellement aucune restriction d\u2019\u00e2ge pour leur vente, ce qui permet \u00e0 n\u2019importe qui, y compris des mineurs, de les acheter.<\/p>\n<h2 style=\"text-align: justify\">Appels \u00e0 une r\u00e9glementation urgente face \u00e0 une industrie en plein essor<\/h2>\n<p style=\"text-align: justify\">Le projet de loi sur les produits du tabac et les cigarettes \u00e9lectroniques (\u00ab <em>Tobacco and Vapes Bill<\/em> \u00bb) permettrait au gouvernement de r\u00e9glementer tous les aspects des produits de la nicotine, afin d\u2019en interdire la vente aux mineurs, la promotion et le parrainage, tout en les maintenant disponibles pour les adultes souhaitant arr\u00eater de fumer. Toutefois, ce projet de loi n\u2019a pas encore franchi les \u00e9tapes l\u00e9gislatives n\u00e9cessaires pour entrer en vigueur, et il pourrait ne pas \u00eatre abord\u00e9 avant la rentr\u00e9e parlementaire \u00e0 l\u2019automne 2025.<\/p>\n<p style=\"text-align: justify\">Bob Blackman, d\u00e9put\u00e9 et co-pr\u00e9sident du groupe parlementaire multipartite sur le tabagisme et la sant\u00e9, alerte : \u00ab <em>De nombreuses marques de sachets de nicotine appartiennent \u00e0 des entreprises de tabac qui ont des d\u00e9cennies d\u2019exp\u00e9rience dans le ciblage des enfants. Plus le gouvernement tarde \u00e0 l\u00e9gif\u00e9rer, plus l\u2019industrie a de temps pour promouvoir ses produits aupr\u00e8s de la prochaine g\u00e9n\u00e9ration.<\/em> \u00bb.<\/p>\n<p style=\"text-align: justify\">Hazel Cheeseman, directrice g\u00e9n\u00e9rale d\u2019ASH, souligne que \u00ab <em>La hausse de la notori\u00e9t\u00e9 chez les adolescents et l\u2019augmentation de l\u2019usage chez les jeunes adultes au cours des deux derni\u00e8res ann\u00e9es montrent que les strat\u00e9gies marketing de l\u2019industrie fonctionnent. Ces produits sont fortement promus dans les magasins et sur les r\u00e9seaux sociaux, notamment \u00e0 travers des footballeurs et des influenceurs masculins.<\/em> \u00bb.<\/p>\n<p style=\"text-align: justify\">Elle ajoute que \u00ab <em>Les sachets de nicotine sont probablement moins nocifs que le tabac fum\u00e9, mais ils doivent \u00eatre strictement r\u00e9glement\u00e9s.<\/em> \u00bb.<\/p>\n<p style=\"text-align: justify\">Kate Pike, responsable du tabac et des e-cigarettes \u00e0 l\u2019Institut des normes commerciales (CTSI), fait \u00e9tat d\u2019une inqui\u00e9tude croissante de la population : \u00ab <em>J\u2019entends r\u00e9guli\u00e8rement des \u00e9quipes de contr\u00f4le des normes \u00e0 travers le pays signaler que des adolescents se voient vendre ces produits. Mais tant que la loi n\u2019aura pas chang\u00e9, aucune infraction n\u2019est constitu\u00e9e et nous ne pouvons pas intervenir.<\/em> \u00bb.<\/p>\n<p style=\"text-align: justify\">Enfin, un porte-parole du minist\u00e8re de la sant\u00e9 et des affaires sociales d\u00e9veloppe : \u00ab\u00a0<em>Notre projet de loi historique sur le tabac et les e-cigarettes interdira la vente de sachets de nicotine aux moins de 18 ans et emp\u00eachera les e-cigarettes et les produits \u00e0 base de nicotine de faire l&rsquo;objet d&rsquo;une promotion et d&rsquo;une publicit\u00e9 d\u00e9lib\u00e9r\u00e9es aupr\u00e8s des enfants.<\/em> [\u2026] <em>Le projet de loi soumet les sachets de nicotine aux m\u00eames restrictions publicitaires que le tabac et pr\u00e9voit de pouvoir r\u00e9glementer afin de limiter les teneurs en nicotine, les ar\u00f4mes, l&#8217;emballage et la mani\u00e8re dont ces produits sont pr\u00e9sent\u00e9s. <\/em>[\u2026] <em>Il emp\u00eachera la prochaine g\u00e9n\u00e9ration de devenir accro \u00e0 la nicotine et mettra fin au cycle de la d\u00e9pendance et des m\u00e9faits.<\/em>\u00a0\u00bb<a href=\"#_ftn2\" name=\"_ftnref2\">[2]<\/a>.<\/p>\n<p style=\"text-align: justify\">ASH appelle donc le gouvernement \u00e0 acc\u00e9l\u00e9rer l\u2019adoption du Tobacco and Vapes Bill, pour mieux prot\u00e9ger les jeunes face \u00e0 ces produits addictifs.<\/p>\n<p style=\"text-align: justify\">Ces produits restent par ailleurs accessibles financi\u00e8rement pour ces cibles jeunes. \u00c0 l\u2019\u00e9chelle europ\u00e9enne, <a href=\"https:\/\/www.generationsanstabac.org\/fr\/actualites\/la-commission-europeenne-incitee-a-taxer-les-e-cigarettes-et-sachets-de-nicotine\/\">une quinzaine de pays de l\u2019UE ont d\u00e9j\u00e0 incit\u00e9 la Commission europ\u00e9enne \u00e0 r\u00e9agir<\/a>, lui demandant de taxer les cigarettes \u00e9lectroniques et les sachets de nicotine. Parmi les r\u00e9glementations en vigueur, certains pays interdisent purement et simplement ces produits dans une perspective d\u2019emp\u00eacher l\u2019\u00e9largissement de l\u2019offre, avec, dans son sillage, une augmentation de la consommation chez les jeunes.<\/p>\n<p style=\"text-align: justify\"><strong style=\"text-align: justify\"><a href=\"https:\/\/www.generationsanstabac.org\/\">\u00a9G\u00e9n\u00e9ration Sans Tabac<\/a><\/strong><\/p>\n<p style=\"text-align: right\"><em><strong>AD<\/strong><\/em><\/p>\n<hr \/>\n<p style=\"text-align: justify\"><a href=\"#_ftnref1\" name=\"_ftn1\">[1]<\/a>ASH, <a href=\"https:\/\/ash.org.uk\/media-centre\/news\/press-releases\/ash-calls-for-swift-legislation-on-nicotine-pouches-as-new-data-shows-surge-in-youth-awareness\">ASH calls for swift legislation on nicotine pouches as new data shows surge in youth awareness<\/a>, publi\u00e9 le 16 juin 2025, consult\u00e9 le 17 juin 2025<\/p>\n<p style=\"text-align: justify\"><a href=\"#_ftnref2\" name=\"_ftn2\">[2]<\/a>Kirby Jane, <a href=\"https:\/\/www.independent.co.uk\/news\/uk\/home-news\/government-ash-dorset-berkshire-oxfordshire-b2771185.html\">More and more children aware of nicotine pouches, charity warns<\/a>, Independent, publi\u00e9 le 17 juin 2025, consult\u00e9 le 17 juin 2025<\/p>\n<p style=\"text-align: justify\"><strong style=\"color: #999999\"><a style=\"color: #999999\" href=\"http:\/\/www.cnct.fr\/\" target=\"_blank\" rel=\"noopener noreferrer\">Comit\u00e9 national contre le tabagisme |<\/a><\/strong><\/p>\n","protected":false},"excerpt":{"rendered":"<p>New data reveals that between 2024 and 2025, awareness of nicotine pouches increased among under-18s in Britain, rising from 38 to 43 percent. Nearly 4 percent of 11- to 17-year-olds reported having tried these products, representing around 210,000 children. Nicotine pouches, often sold in small metal tins, are small, tobacco-free rectangular pouches that contain a white powder that releases nicotine into the bloodstream when placed between the upper lip and gum.<\/p>","protected":false},"featured_media":24396,"template":"","tags":[],"thematique":[491],"class_list":["post-24393","actualites","type-actualites","status-publish","has-post-thumbnail","hentry","thematique-politiques-publiques"],"acf":[],"_links":{"self":[{"href":"https:\/\/www.generationsanstabac.org\/en\/wp-json\/wp\/v2\/actualites\/24393","targetHints":{"allow":["GET"]}}],"collection":[{"href":"https:\/\/www.generationsanstabac.org\/en\/wp-json\/wp\/v2\/actualites"}],"about":[{"href":"https:\/\/www.generationsanstabac.org\/en\/wp-json\/wp\/v2\/types\/actualites"}],"version-history":[{"count":2,"href":"https:\/\/www.generationsanstabac.org\/en\/wp-json\/wp\/v2\/actualites\/24393\/revisions"}],"predecessor-version":[{"id":24398,"href":"https:\/\/www.generationsanstabac.org\/en\/wp-json\/wp\/v2\/actualites\/24393\/revisions\/24398"}],"wp:featuredmedia":[{"embeddable":true,"href":"https:\/\/www.generationsanstabac.org\/en\/wp-json\/wp\/v2\/media\/24396"}],"wp:attachment":[{"href":"https:\/\/www.generationsanstabac.org\/en\/wp-json\/wp\/v2\/media?parent=24393"}],"wp:term":[{"taxonomy":"post_tag","embeddable":true,"href":"https:\/\/www.generationsanstabac.org\/en\/wp-json\/wp\/v2\/tags?post=24393"},{"taxonomy":"thematique","embeddable":true,"href":"https:\/\/www.generationsanstabac.org\/en\/wp-json\/wp\/v2\/thematique?post=24393"}],"curies":[{"name":"wp","href":"https:\/\/api.w.org\/{rel}","templated":true}]}}