{"id":24372,"date":"2025-06-20T07:00:00","date_gmt":"2025-06-20T05:00:00","guid":{"rendered":"https:\/\/www.generationsanstabac.org\/?post_type=actualites&#038;p=24372"},"modified":"2025-06-17T14:34:25","modified_gmt":"2025-06-17T12:34:25","slug":"la-croatie-augmentera-les-accises-sur-le-tabac-et-les-e-liquides-a-partir-du-1er-juillet-2025","status":"publish","type":"actualites","link":"https:\/\/www.generationsanstabac.org\/en\/actualites\/la-croatie-augmentera-les-accises-sur-le-tabac-et-les-e-liquides-a-partir-du-1er-juillet-2025\/","title":{"rendered":"Croatia to increase excise duties on tobacco and e-liquids from July 1, 2025"},"content":{"rendered":"<p style=\"text-align: justify\"><em>Apr\u00e8s une pause d\u2019un an, le gouvernement croate a annonc\u00e9 une augmentation des droits d&rsquo;accise sur les produits du tabac et du vapotage, soumise au d\u00e9bat public par le minist\u00e8re des Finances jusqu&rsquo;au 20 juin 2025 et appliqu\u00e9e \u00e0 compter du 1<sup>er<\/sup> juillet 2025<a href=\"#_ftn1\" name=\"_ftnref1\"><strong>[1]<\/strong><\/a>. Un nouveau projet de r\u00e8glementation est actuellement en consultation publique, selon le site Lider.hr.<\/em><\/p>\n<p style=\"text-align: justify\"><em>Cette r\u00e9forme pr\u00e9voit une hausse des taxes sur les cigarettes, le tabac \u00e0 rouler, les cigares, les cigarillos, le tabac chauff\u00e9, ainsi que, pour la premi\u00e8re fois, les liquides pour cigarettes \u00e9lectroniques.<\/em><\/p>\n<h2 style=\"text-align: justify\">Hausse des droits d&rsquo;accise sur les produits du tabac et les e-liquides<\/h2>\n<p style=\"text-align: justify\">Ainsi, le droit d\u2019accise sp\u00e9cifique sur les cigarettes passera de 53,10 \u20ac \u00e0 56,10 \u20ac pour 1 000 unit\u00e9s. Le droit d\u2019accise proportionnel reste fix\u00e9 \u00e0 34 % du prix de vente au d\u00e9tail. Le minimum de perception passera \u00e0 124,20 \u20ac pour 1 000 cigarettes.<\/p>\n<p style=\"text-align: justify\">Parmi les autres produits qui augmentent figurent le tabac \u00e0 rouler, les autres tabacs \u00e0 fumer (y compris les cigares et cigarillos) qui seront tax\u00e9s \u00e0 hauteur de 120,50 \u20ac par kilogramme, contre 114,15 \u20ac actuellement. Le tabac chauff\u00e9 verra sa taxe passer de 185,82 \u20ac \u00e0 198,50 \u20ac par kilogramme.<\/p>\n<p>Les \u00ab nouveaux produits du tabac \u00bb (comme les produits et accessoires de la chicha) seront \u00e9galement soumis \u00e0 une taxe augment\u00e9e, passant de 114,15 \u20ac \u00e0 120,50 \u20ac par kilogramme<a href=\"#_ftn2\">[2]<\/a>.<\/p>\n<p style=\"text-align: justify\"><a href=\"#_ftn2\" name=\"_ftnref2\"><\/a><\/p>\n<p style=\"text-align: justify\">Une autre nouveaut\u00e9 majeure est l\u2019instauration d\u2019un droit d\u2019accise sur les e-liquides utilis\u00e9s dans les cigarettes \u00e9lectroniques. Bien qu\u2019ils soient d\u00e9j\u00e0 encadr\u00e9s par la r\u00e9glementation sur les accises, ils n\u2019\u00e9taient jusqu\u2019\u00e0 pr\u00e9sent soumis \u00e0 aucune taxe. \u00c0 partir du 1<sup>er<\/sup> juillet 2025, un droit de 0,20 \u20ac par millilitre sera appliqu\u00e9.<\/p>\n<h2 style=\"text-align: justify\">Dans le viseur, des gains fiscaux et sanitaires pour le pays<\/h2>\n<p style=\"text-align: justify\">Selon les pr\u00e9visions du gouvernement, cette nouvelle structure fiscale devrait g\u00e9n\u00e9rer 74,7 millions d\u2019euros suppl\u00e9mentaires pour le budget de l\u2019\u00c9tat.<\/p>\n<p style=\"text-align: justify\">Outre les b\u00e9n\u00e9fices fiscaux, le minist\u00e8re de la Sant\u00e9 met \u00e9galement en avant les avantages en mati\u00e8re de sant\u00e9 publique, en d\u00e9courageant la consommation de produits du tabac et de la nicotine.<\/p>\n<p style=\"text-align: justify\">En effet, les r\u00e9sultats de l\u2019\u00e9dition 2024 de l\u2019enqu\u00eate ESPAD (European School Survey Project on Alcohol and Other Drugs), men\u00e9e aupr\u00e8s de plus de 100 000 adolescents de 15 \u00e0 16 ans de 37 pays europ\u00e9ens, sont inqui\u00e9tants, avec 32 % des \u00e9l\u00e8ves croates ayant d\u00e9clar\u00e9 avoir fum\u00e9 au cours des 30 jours pr\u00e9c\u00e9dant l\u2019enqu\u00eate. De plus, la pr\u00e9valence tabagique quotidienne s\u2019\u00e9l\u00e8ve \u00e0 20 % dans le pays, un des chiffres les plus \u00e9lev\u00e9s du continent avec la Bulgarie<a href=\"#_ftn3\" name=\"_ftnref3\">[3]<\/a>. Selon l\u2019Eurobarom\u00e8tre, si 25 % des Europ\u00e9ens indiquent consommer au moins une fois par mois un produit du tabac ou de la nicotine, la pr\u00e9valence en Bulgarie (38 %), en Gr\u00e8ce (37 %) et en Croatie (36 %) y est la plus \u00e9lev\u00e9e dans ces pays de l\u2019Union europ\u00e9enne<a href=\"#_ftn4\" name=\"_ftnref4\">[4]<\/a>.<\/p>\n<p style=\"text-align: justify\">La Croatie est d\u2019ailleurs <a href=\"https:\/\/www.generationsanstabac.org\/fr\/actualites\/la-commission-europeenne-incitee-a-taxer-les-e-cigarettes-et-sachets-de-nicotine\/\">l\u2019un des quinze pays de l\u2019Union europ\u00e9enne \u00e0 avoir r\u00e9cemment \u00e9crit \u00e0 la pr\u00e9sidente de la Commission europ\u00e9enne<\/a>, Ursula von der Leyen, pour r\u00e9clamer des taxes sur les e-cigarettes et sachets de nicotine, encore tr\u00e8s accessibles financi\u00e8rement et ciblant les jeunes. Certains pays comme la France et la Belgique interdisent la vente voire l\u2019usage des \u00ab\u00a0puffs\u00a0\u00bb, des cigarettes \u00e9lectroniques jetables, ainsi que des sachets de nicotine. De nombreux pays de l\u2019UE et de la r\u00e9gion Euro de l\u2019OMS laissent actuellement ces produits \u00e0 la vente.<\/p>\n<p style=\"text-align: justify\"><strong style=\"text-align: justify\"><a href=\"https:\/\/www.generationsanstabac.org\/\">\u00a9G\u00e9n\u00e9ration Sans Tabac<\/a><\/strong><\/p>\n<p style=\"text-align: right\"><em><strong>AD<\/strong><\/em><\/p>\n<hr \/>\n<p style=\"text-align: justify\"><a href=\"#_ftnref1\" name=\"_ftn1\">[1]<\/a>Croatia Week, <a href=\"https:\/\/www.croatiaweek.com\/croatia-to-increase-excise-duties-on-tobacco-and-e-cigarettes-from-1-july\/\">Croatia to increase excise duties on tobacco and e-cigarettes from 1 July<\/a>, publi\u00e9 le 12 juin 2025, consult\u00e9 le 13 juin 2025<\/p>\n<p style=\"text-align: justify\"><a href=\"#_ftnref2\" name=\"_ftn2\">[2]<\/a>Carina.gov, <a href=\"https:\/\/carina.gov.hr\/featured\/excise-duties\/excise-duty-rates\/manufactured-tobacco-excise-duty-rates\/9002\">Manufactured tobacco \u2013 Excise duty rates<\/a>, consult\u00e9 le 17 juin 2025<\/p>\n<p style=\"text-align: justify\"><a href=\"#_ftnref3\" name=\"_ftn3\">[3]<\/a>G\u00e9n\u00e9ration sans tabac, <a href=\"https:\/\/www.generationsanstabac.org\/fr\/actualites\/europe-une-baisse-du-tabagisme-chez-les-jeunes-menacee-par-lessor-des-nouveaux-produits-nicotines\/\">Europe : une baisse du tabagisme chez les jeunes, menac\u00e9e par l\u2019essor des nouveaux produits nicotin\u00e9s<\/a>, publi\u00e9 le 27 mai 2025, consult\u00e9 le 13 juin 2025<\/p>\n<p style=\"text-align: justify\"><a href=\"#_ftnref4\" name=\"_ftn4\">[4]<\/a>G\u00e9n\u00e9ration sans tabac, <a href=\"https:\/\/www.generationsanstabac.org\/fr\/fiches\/consommation-et-perception-des-produits-du-tabac-et-de-la-nicotine-dans-lue\/\">Consommation et perception des produits du tabac et de la nicotine dans l\u2019UE<\/a>, publi\u00e9 le 6 ao\u00fbt 2024, consult\u00e9 le 13 juin 2025<\/p>\n<p style=\"text-align: justify\"><strong style=\"color: #999999\"><a style=\"color: #999999\" href=\"http:\/\/www.cnct.fr\/\" target=\"_blank\" rel=\"noopener noreferrer\">Comit\u00e9 national contre le tabagisme |<\/a><\/strong><\/p>\n","protected":false},"excerpt":{"rendered":"<p>After a one-year hiatus, the Croatian government has announced an increase in excise taxes on tobacco and vaping products, which will be submitted for public debate by the Ministry of Finance until June 20, 2025, and implemented from July 1, 2025. A new draft regulation is currently under public consultation, according to the website Lider.hr. This reform includes an increase in taxes on cigarettes, rolling tobacco, cigars, cigarillos, heated tobacco, and, for the first time, e-cigarette liquids.<\/p>","protected":false},"featured_media":24375,"template":"","tags":[],"thematique":[491],"class_list":["post-24372","actualites","type-actualites","status-publish","has-post-thumbnail","hentry","thematique-politiques-publiques"],"acf":[],"_links":{"self":[{"href":"https:\/\/www.generationsanstabac.org\/en\/wp-json\/wp\/v2\/actualites\/24372","targetHints":{"allow":["GET"]}}],"collection":[{"href":"https:\/\/www.generationsanstabac.org\/en\/wp-json\/wp\/v2\/actualites"}],"about":[{"href":"https:\/\/www.generationsanstabac.org\/en\/wp-json\/wp\/v2\/types\/actualites"}],"version-history":[{"count":6,"href":"https:\/\/www.generationsanstabac.org\/en\/wp-json\/wp\/v2\/actualites\/24372\/revisions"}],"predecessor-version":[{"id":24377,"href":"https:\/\/www.generationsanstabac.org\/en\/wp-json\/wp\/v2\/actualites\/24372\/revisions\/24377"}],"wp:featuredmedia":[{"embeddable":true,"href":"https:\/\/www.generationsanstabac.org\/en\/wp-json\/wp\/v2\/media\/24375"}],"wp:attachment":[{"href":"https:\/\/www.generationsanstabac.org\/en\/wp-json\/wp\/v2\/media?parent=24372"}],"wp:term":[{"taxonomy":"post_tag","embeddable":true,"href":"https:\/\/www.generationsanstabac.org\/en\/wp-json\/wp\/v2\/tags?post=24372"},{"taxonomy":"thematique","embeddable":true,"href":"https:\/\/www.generationsanstabac.org\/en\/wp-json\/wp\/v2\/thematique?post=24372"}],"curies":[{"name":"wp","href":"https:\/\/api.w.org\/{rel}","templated":true}]}}