{"id":24353,"date":"2025-06-13T07:00:09","date_gmt":"2025-06-13T05:00:09","guid":{"rendered":"https:\/\/www.generationsanstabac.org\/?post_type=actualites&#038;p=24353"},"modified":"2025-08-28T10:31:40","modified_gmt":"2025-08-28T08:31:40","slug":"marches-paralleles-du-tabac-des-chiffres-contestes","status":"publish","type":"actualites","link":"https:\/\/www.generationsanstabac.org\/en\/actualites\/marches-paralleles-du-tabac-des-chiffres-contestes\/","title":{"rendered":"Parallel tobacco markets: contested figures"},"content":{"rendered":"<p style=\"text-align: justify\"><em>Selon le rapport KPMG, commandit\u00e9 par le fabricant de tabac Philip Morris, 49 % des cigarettes consomm\u00e9es en France proviendraient des march\u00e9s parall\u00e8les. Une estimation vivement contest\u00e9e par les enqu\u00eates de consommation \u00e9manant des pouvoirs publics et les acteurs de sant\u00e9 publique, dont le Comit\u00e9 national contre le tabagisme et ACT-Alliance contre le tabac, qui d\u00e9noncent une tentative de manipulation de l\u2019opinion.<\/em><\/p>\n<p style=\"text-align: justify\">Un rapport publi\u00e9 le 11 juin 2025 par le cabinet KPMG, \u00e0 la demande de la soci\u00e9t\u00e9 Philip Morris, affirme que pr\u00e8s d\u2019une cigarette sur deux, fum\u00e9e en France en 2024 (49 % de la consommation) serait issue du march\u00e9 parall\u00e8le, c\u2019est-\u00e0-dire hors du monopole de distribution au d\u00e9tail des buralistes. Ce chiffre placerait la France en t\u00eate des pays europ\u00e9ens les plus concern\u00e9s par le commerce illicite de tabac. Ces donn\u00e9es ne sont cependant pas v\u00e9rifi\u00e9es par les enqu\u00eates officielles de consommations sont cependant sujettes \u00e0 de vives critiques de la part des organismes publics et des associations de lutte antitabac, qui pointent une m\u00e9thodologie opaque et une strat\u00e9gie r\u00e9currente de d\u00e9sinformation orchestr\u00e9e par l\u2019industrie du tabac.<\/p>\n<h2 style=\"text-align: justify\"><strong>Une estimation alarmante fond\u00e9e sur des sources partiales<\/strong><\/h2>\n<p style=\"text-align: justify\">D\u2019apr\u00e8s le rapport, la consommation totale de cigarettes en France en 2024 s\u2019\u00e9l\u00e8verait \u00e0 49,9 milliards d\u2019unit\u00e9s. Sur ce total, seuls 19,4 milliards de cigarettes rel\u00e8veraient du march\u00e9 l\u00e9gal domestique. Le reste \u2014 soit 18,7 milliards de cigarettes \u2014 correspondrait \u00e0 des produits non domestiques, r\u00e9partis entre contrefa\u00e7on, contrebande, \u00ab Illicit Whites \u00bb et achats transfrontaliers l\u00e9gaux. KPMG estime que la contrefa\u00e7on repr\u00e9senterait \u00e0 elle seule 15,6 % de la consommation fran\u00e7aise, avec 7,79 milliards de cigarettes, un chiffre en nette progression (+1,5 milliard) par rapport \u00e0 2023. Les \u00ab Illicit Whites \u00bb \u2014 des cigarettes produites l\u00e9galement mais vendues dans des pays o\u00f9 elles n\u2019ont pas d\u2019autorisation de mise sur le march\u00e9 \u2014 compteraient pour environ 6,8 % du total (soit 2,59 milliards de cigarettes). Enfin, le rapport recense 8,36 milliards de cigarettes dans la cat\u00e9gorie \u00ab autres formes de contrebande \u00bb, regroupant notamment les produits introduits ill\u00e9galement en France depuis d&rsquo;autres march\u00e9s europ\u00e9ens ou hors UE.<\/p>\n<p style=\"text-align: justify\">Toujours selon l\u2019\u00e9tude, cette situation serait imputable \u00e0 plusieurs facteurs : la fiscalit\u00e9 \u00e9lev\u00e9e en France, la proximit\u00e9 avec des pays \u00e0 moindre taxation, et le r\u00f4le croissant des groupes criminels organis\u00e9s. Le rapport souligne aussi l\u2019essor du commerce en ligne et la localisation accrue des usines clandestines de production \u00e0 proximit\u00e9 des march\u00e9s de consommation, notamment en France, o\u00f9 95,6 millions de cigarettes ont \u00e9t\u00e9 saisies en 2024 dans le cadre de raids dans des usines ill\u00e9gales.<\/p>\n<h2 style=\"text-align: justify\"><strong>Une m\u00e9thodologie opaque et vivement contest\u00e9e<\/strong><\/h2>\n<p style=\"text-align: justify\">Le rapport command\u00e9 par l\u2019industrie repose essentiellement sur des \u00ab enqu\u00eates de paquets vides \u00bb, consistant \u00e0 analyser les emballages trouv\u00e9s dans l\u2019espace public pour en d\u00e9duire l\u2019origine des cigarettes. Cette m\u00e9thode suscite de nombreuses r\u00e9serves. Elle ne permet ni de savoir o\u00f9 ces paquets ont \u00e9t\u00e9 achet\u00e9s ni d\u2019\u00e9tablir les comportements d\u2019achat des consommateurs. Un paquet \u00e9tranger retrouv\u00e9 dans la rue n\u2019est pas forc\u00e9ment indicateur d\u2019un achat illicite : il peut s\u2019agir d\u2019un paquet achet\u00e9 l\u00e9galement \u00e0 l\u2019\u00e9tranger par un touriste fran\u00e7ais lors d\u2019un voyage, d\u2019un \u00e9chantillon saisi puis redistribu\u00e9, ou simplement d\u2019un emballage jet\u00e9 par un touriste s\u00e9journant en France. \u00c0 cela s\u2019ajoute une absence totale de transparence sur le protocole : aucune information n\u2019est fournie sur la r\u00e9partition g\u00e9ographique des collectes, la taille de l\u2019\u00e9chantillon, les p\u00e9riodes consid\u00e9r\u00e9es ni la distinction entre contrefa\u00e7ons, achats transfrontaliers l\u00e9gaux ou produits vol\u00e9s. En outre, le rapport pr\u00e9cise dans son introduction qu\u2019il \u00ab n\u2019est pas destin\u00e9 \u00e0 \u00eatre utilis\u00e9 par d\u2019autres parties \u00bb, soulignant qu\u2019il s\u2019agit exclusivement d\u2019un travail priv\u00e9 au service de Philip Morris, sans aucun contr\u00f4le ind\u00e9pendant.<\/p>\n<h2 style=\"text-align: justify\"><strong>Une strat\u00e9gie aux fins clairement politiques selon le CNCT<\/strong><\/h2>\n<p style=\"text-align: justify\">Le CNCT d\u00e9nonce une utilisation instrumentale de ces chiffres dans un objectif de lobbying. Dans son communiqu\u00e9 du 11 juin 2025<a href=\"#_ftn1\" name=\"_ftnref1\">[1]<\/a>, l\u2019association rappelle que l\u2019industrie du tabac persiste \u00e0 exag\u00e9rer les donn\u00e9es pour freiner les politiques publiques efficaces. Elle cite un d\u00e9calage flagrant entre les r\u00e9sultats de KPMG et ceux issus de sources publiques : alors que le rapport pointe 49 % de march\u00e9 parall\u00e8le, les enqu\u00eates de l\u2019OFDT r\u00e9v\u00e8lent que 80 % des fumeurs d\u00e9clarent avoir achet\u00e9 leur dernier paquet en bureau de tabac, et que les circuits v\u00e9ritablement ill\u00e9gaux ne repr\u00e9sentent que moins de 1\u202f% de la consommation.<\/p>\n<p style=\"text-align: justify\">Surtout, les chiffres avanc\u00e9s par KPMG sont sans rapport avec les \u00e9tudes ind\u00e9pendantes men\u00e9es sur le sujet. Les estimations produites par des organismes publics comme l\u2019OFDT, l\u2019INSEE ou encore l\u2019Assembl\u00e9e nationale \u00e9valuent la part des achats hors r\u00e9seau l\u00e9gal entre 10 % et 20 % de la consommation nationale, un niveau nettement inf\u00e9rieur \u00e0 celui pr\u00e9sent\u00e9 par le cabinet mandat\u00e9 par l\u2019industrie. Le CNCT souligne \u00e9galement que deux \u00e9tudes ind\u00e9pendantes men\u00e9es sous l\u2019\u00e9gide de la Mission interminist\u00e9rielle de lutte contre les drogues et les conduites addictives (Mildeca) sont en cours de finalisation : l\u2019une, confi\u00e9e \u00e0 Christian Ben Lakhdar, vise \u00e0 \u00e9valuer le volume de \u00ab tabac \u00e9chappant \u00e0 la fiscalit\u00e9 nationale \u00bb ; l\u2019autre, dirig\u00e9e par Louis Braverman, se penche sp\u00e9cifiquement sur la contrebande de rue. Ces travaux permettront d\u2019apporter un \u00e9clairage objectif et m\u00e9thodologiquement rigoureux sur la question.<\/p>\n<p style=\"text-align: justify\">Le CNCT insiste enfin sur la strat\u00e9gie bien connue de l\u2019industrie du tabac : instrumentaliser des donn\u00e9es biais\u00e9es pour faire pression sur les d\u00e9cideurs, notamment en p\u00e9riode de r\u00e9vision des politiques fiscales. En se pr\u00e9sentant comme des acteurs mobilis\u00e9s contre la contrebande, les fabricants cherchent \u00e0 gagner une l\u00e9gitimit\u00e9 dans le d\u00e9bat public, tout en dissimulant leur propre responsabilit\u00e9 dans l\u2019alimentation historique du commerce parall\u00e8le. Cette tactique, d\u00e9nonc\u00e9e de longue date par les institutions internationales, constitue une pratique d\u2019interf\u00e9rence dans les politiques publiques<\/p>\n<h2 style=\"text-align: justify\"><strong>L\u2019implication de l\u2019industrie du tabac dans les march\u00e9s parall\u00e8les<\/strong><\/h2>\n<p style=\"text-align: justify\">Au-del\u00e0 des discours, de nombreuses enqu\u00eates judiciaires et rapports institutionnels ont mis en lumi\u00e8re l\u2019implication directe ou indirecte de l\u2019industrie du tabac dans le d\u00e9veloppement des circuits parall\u00e8les. Parmi les pratiques r\u00e9guli\u00e8rement point\u00e9es figure le sur-approvisionnement d\u00e9lib\u00e9r\u00e9 par les fabricants de certains march\u00e9s \u00e0 faible fiscalit\u00e9, favorisant ainsi le r\u00e9acheminement de leurs propres produits vers des pays \u00e0 prix plus \u00e9lev\u00e9s. Cette responsabilit\u00e9 structurelle est aujourd\u2019hui document\u00e9e par des instances comme l\u2019Office europ\u00e9en de lutte antifraude (OLAF) ou l\u2019OMS, et rend d\u2019autant plus probl\u00e9matique la posture des cigarettiers lorsqu\u2019ils pr\u00e9tendent d\u00e9sormais lutter contre un ph\u00e9nom\u00e8ne qu\u2019ils ont eux-m\u00eames contribu\u00e9 \u00e0 cr\u00e9er et entretiennent, expliquent les associations anti-tabac.<\/p>\n<p style=\"text-align: justify\"><strong style=\"text-align: justify\"><a href=\"https:\/\/www.generationsanstabac.org\/\">\u00a9G\u00e9n\u00e9ration Sans Tabac<\/a><\/strong><\/p>\n<p style=\"text-align: right\"><em><strong>AE<\/strong><\/em><\/p>\n<hr \/>\n<p style=\"text-align: justify\"><a href=\"#_ftnref1\" name=\"_ftn1\">[1]<\/a> Communiqu\u00e9, <a href=\"https:\/\/cnct.fr\/communiques\/marches-paralleles-du-tabac-lindustrie-du-tabac-persiste-dans-la-desinformation\/\">March\u00e9s parall\u00e8les du tabac\u202f: l\u2019industrie du tabac persiste dans la d\u00e9sinformation<\/a>, CNCT, publi\u00e9 le 11 juin 2024, consult\u00e9 le jour-m\u00eame<\/p>\n<p><strong style=\"color: #999999\"><a style=\"color: #999999\" href=\"http:\/\/www.cnct.fr\/\" target=\"_blank\" rel=\"noopener noreferrer\">Comit\u00e9 national contre le tabagisme |<\/a><\/strong><\/p>\n","protected":false},"excerpt":{"rendered":"<p>According to a KPMG report commissioned by tobacco manufacturer Philip Morris, 49% of cigarettes consumed in France come from parallel markets. This estimate is strongly contested by consumer surveys conducted by government agencies and public health stakeholders, including the National Committee Against Smoking and ACT-Alliance Against Tobacco, who denounce this as an attempt to manipulate public opinion.<\/p>","protected":false},"featured_media":24356,"template":"","tags":[],"thematique":[499,538],"class_list":["post-24353","actualites","type-actualites","status-publish","has-post-thumbnail","hentry","thematique-lobby","thematique-marches-paralleles"],"acf":[],"_links":{"self":[{"href":"https:\/\/www.generationsanstabac.org\/en\/wp-json\/wp\/v2\/actualites\/24353","targetHints":{"allow":["GET"]}}],"collection":[{"href":"https:\/\/www.generationsanstabac.org\/en\/wp-json\/wp\/v2\/actualites"}],"about":[{"href":"https:\/\/www.generationsanstabac.org\/en\/wp-json\/wp\/v2\/types\/actualites"}],"version-history":[{"count":2,"href":"https:\/\/www.generationsanstabac.org\/en\/wp-json\/wp\/v2\/actualites\/24353\/revisions"}],"predecessor-version":[{"id":24878,"href":"https:\/\/www.generationsanstabac.org\/en\/wp-json\/wp\/v2\/actualites\/24353\/revisions\/24878"}],"wp:featuredmedia":[{"embeddable":true,"href":"https:\/\/www.generationsanstabac.org\/en\/wp-json\/wp\/v2\/media\/24356"}],"wp:attachment":[{"href":"https:\/\/www.generationsanstabac.org\/en\/wp-json\/wp\/v2\/media?parent=24353"}],"wp:term":[{"taxonomy":"post_tag","embeddable":true,"href":"https:\/\/www.generationsanstabac.org\/en\/wp-json\/wp\/v2\/tags?post=24353"},{"taxonomy":"thematique","embeddable":true,"href":"https:\/\/www.generationsanstabac.org\/en\/wp-json\/wp\/v2\/thematique?post=24353"}],"curies":[{"name":"wp","href":"https:\/\/api.w.org\/{rel}","templated":true}]}}