{"id":24293,"date":"2025-06-08T07:00:44","date_gmt":"2025-06-08T05:00:44","guid":{"rendered":"https:\/\/www.generationsanstabac.org\/?post_type=actualites&#038;p=24293"},"modified":"2025-06-10T09:13:14","modified_gmt":"2025-06-10T07:13:14","slug":"la-suisse-interdit-les-puffs-au-niveau-federal","status":"publish","type":"actualites","link":"https:\/\/www.generationsanstabac.org\/en\/actualites\/la-suisse-interdit-les-puffs-au-niveau-federal\/","title":{"rendered":"Switzerland bans puffs at the federal level"},"content":{"rendered":"<p style=\"text-align: justify\"><em>Le Conseil des \u00c9tats a approuv\u00e9 l&rsquo;interdiction des cigarettes \u00e9lectroniques jetables connues sous le nom de \u00ab puffs \u00bb<a href=\"#_ftn1\" name=\"_ftnref1\"><strong>[1]<\/strong><\/a>. La motion, initi\u00e9e par Christophe Clivaz des Verts, a \u00e9t\u00e9 adopt\u00e9e par 19 voix contre 11, et 3 abstentions, et sera transmise au Conseil f\u00e9d\u00e9ral pour mise en \u0153uvre.<\/em><\/p>\n<h2 style=\"text-align: justify\">La Suisse se prononce contre la vente des puffs, nocives pour la sant\u00e9 et l\u2019environnement<\/h2>\n<p style=\"text-align: justify\">Les cigarettes \u00e9lectroniques \u00e0 usage unique, ou \u00ab puffs \u00bb, seront interdites \u00e0 la vente en Suisse. Mercredi 4 juin 2025, le Conseil des \u00c9tats a transmis au Conseil f\u00e9d\u00e9ral une motion en ce sens du Conseil National, \u00e9manant de Christophe Clivaz (Verts\/VS). Les puffs sont pr\u00e9sents sur le march\u00e9 suisse depuis 2020 et les jeunes sont particuli\u00e8rement attir\u00e9s par ces produits color\u00e9s et aux multiples ar\u00f4mes.<\/p>\n<p style=\"text-align: justify\">En 2022, dix millions de puffs avaient d\u00e9j\u00e0 \u00e9t\u00e9 import\u00e9es et depuis lors pr\u00e8s de 30 % suppl\u00e9mentaires sont import\u00e9s chaque ann\u00e9e<a href=\"#_ftn2\" name=\"_ftnref2\">[2]<\/a>. En 2023, 16 % des jeunes \u00e2g\u00e9s de 15 \u00e0 24 ans consommaient des cigarettes \u00e9lectroniques selon l\u2019enqu\u00eate \u00ab Sant\u00e9 et lifestyle \u00bb de l\u2019OFSP. Des enseignants ont \u00e9galement signal\u00e9 que des \u00e9l\u00e8ves \u00e2g\u00e9s de 12 ans avaient du mal de se passer de tirer une bouff\u00e9e de cigarette \u00e9lectronique jetable pendant les pauses.<\/p>\n<p style=\"text-align: justify\">\u00ab <em>C\u2019est une victoire importante pour la protection de la sant\u00e9 des jeunes, car ces gadgets nocifs et addictifs sont commercialis\u00e9s par l&rsquo;industrie du tabac de mani\u00e8re cibl\u00e9e sur les ados et les jeunes adultes. C\u2019est aussi une bonne nouvelle pour la plan\u00e8te, car les puffs sont une catastrophe \u00e9cologique<\/em> \u00bb a d\u00e9clar\u00e9 Christophe Clivaz.<\/p>\n<p style=\"text-align: justify\">En effet, les puffs disponibles sur le march\u00e9 contiennent toutes des ar\u00f4mes et souvent de la nicotine sous forme de sel de nicotine, qui poss\u00e8de un potentiel d&rsquo;addiction plus \u00e9lev\u00e9. Cela pose un risque accru de d\u00e9pendance \u00e0 cette substance chez les jeunes, dont le cerveau est encore en formation.<\/p>\n<p style=\"text-align: justify\">Les cigarettes \u00e9lectroniques \u00e0 usage unique sont par ailleurs souvent jet\u00e9es dans la poubelle ou dans la nature, alors qu&rsquo;elles contiennent des composants plastiques, \u00e9lectroniques et chimiques. Elles sont aussi \u00e0 l\u2019origine de nombreux incendies dans les d\u00e9chetteries, o\u00f9, 90 % des importateurs ne payant pas la taxe de recyclage, le taux de retour des appareils usag\u00e9s reste tr\u00e8s faible, selon Sens eRecycling.<\/p>\n<h2 style=\"text-align: justify\">La reconnaissance du danger des puffs, et leur interdiction, gagnent du terrain<\/h2>\n<p style=\"text-align: justify\">Le Valaisan avait d\u00e9pos\u00e9 sa proposition en 2023 pour d\u00e9noncer ces produits \u00e0 usage unique qui ont envahi le march\u00e9 depuis 2020 et \u00ab <em>peuvent contenir des quantit\u00e9s \u00e9lev\u00e9es de nicotine, surpassant m\u00eame parfois le seuil l\u00e9gal de 20 mg\/ml, quantit\u00e9 correspondant, [au niveau de la nicotine] \u00e0 plusieurs centaines de bouff\u00e9es de cigarettes conventionnelles, soit plus d&rsquo;un paquet<\/em> \u00bb.<\/p>\n<p style=\"text-align: justify\">Le Conseil f\u00e9d\u00e9ral \u00e9tait initialement oppos\u00e9 \u00e0 la motion, estimant \u00ab <em>qu&rsquo;une interdiction de vente de cigarettes \u00e9lectroniques \u00e0 usage unique limit\u00e9e \u00e0 la Suisse cr\u00e9erait une nouvelle entrave technique au commerce<\/em> \u00bb, alors qu\u2019au niveau cantonal, Berne, le Valais et le Jura avaient d\u00e9j\u00e0 fait interdire les puffs<a href=\"#_ftn3\" name=\"_ftnref3\">[3]<\/a>. B\u00e2le-Ville, le Tessin, Soleure, Schaffhouse, Gen\u00e8ve et Vaud soutenaient \u00e9galement la mise en \u0153uvre d\u2019une telle interdiction.<\/p>\n<p style=\"text-align: justify\">Mais, lors de la session de juin 2024, le Conseil national a reconnu le probl\u00e8me et accept\u00e9 la motion par 122 voix \u00e0 63, trouvant du soutien dans tous les partis, m\u00eame \u00e0 l&rsquo;UDC<a href=\"#_ftn4\" name=\"_ftnref4\">[4]<\/a>. Le Conseil f\u00e9d\u00e9ral doit dor\u00e9navant s\u2019assurer que ces produits disparaissent des kiosques et autres points de vente.<\/p>\n<p style=\"text-align: justify\">En Europe, l\u2019interdiction des puffs est entr\u00e9e en application en Belgique depuis 1<sup>er<\/sup> janvier 2025, en France depuis le 26 f\u00e9vrier 2025 et au Royaume-Uni depuis le 1<sup>er<\/sup> juin 2025, tandis que des discussions politiques allant dans le m\u00eame sens ont cours en <a href=\"https:\/\/www.generationsanstabac.org\/fr\/actualites\/irlande-envisage-dinterdire-les-cigarettes-electroniques-jetables\/\">Irlande<\/a> et en <a href=\"https:\/\/www.generationsanstabac.org\/fr\/actualites\/baviere-demande-interdiction-puffs-allemagne-europe\/\">Allemagne<\/a>.<\/p>\n<p style=\"text-align: justify\">Ailleurs dans le monde, d\u2019autres pays ont pris la mesure du danger des puffs, comme la Nouvelle-Z\u00e9lande qui en a interdit la commercialisation \u00e0 compter du 1<sup>er<\/sup> ao\u00fbt 2023.<\/p>\n<p style=\"text-align: justify\"><strong style=\"text-align: justify\"><a href=\"https:\/\/www.generationsanstabac.org\/\">\u00a9G\u00e9n\u00e9ration Sans Tabac<\/a><\/strong><\/p>\n<p style=\"text-align: right\"><em><strong>AD<\/strong><\/em><\/p>\n<hr \/>\n<p style=\"text-align: justify\"><a href=\"#_ftnref1\" name=\"_ftn1\">[1]<\/a>Blick, <a href=\"https:\/\/www.blick.ch\/fr\/suisse\/romande\/fini-les-puff-les-e-cigarettes-a-usage-unique-seront-interdites-en-suisse-id20932628.html\">Les e-cigarettes \u00e0 usage unique seront interdites en Suisse<\/a>, publi\u00e9 le 4 juin 2025, consult\u00e9 le 4 juin 2025<\/p>\n<p style=\"text-align: justify\"><a href=\"#_ftnref2\" name=\"_ftn2\">[2]<\/a>Keystone-SDA, <a href=\"https:\/\/www.bluewin.ch\/en\/news\/switzerland\/federal-councillors-want-to-ban-electronic-disposable-cigarettes-2724962.html\">Federal councillors want to ban electronic disposable cigarettes<\/a>, Blue Win, publi\u00e9 le 4 juin 2025, consult\u00e9 le 5 juin 2025<\/p>\n<p style=\"text-align: justify\"><a href=\"#_ftnref3\" name=\"_ftn3\">[3]<\/a>G\u00e9n\u00e9ration sans tabac, <a href=\"https:\/\/www.generationsanstabac.org\/fr\/actualites\/suisse-le-canton-de-valais-interdit-les-puffs\/\">Suisse : le canton de Valais interdit les puffs<\/a>, publi\u00e9 le 20 novembre 2024, consult\u00e9 le 4 juin 2025<\/p>\n<p style=\"text-align: justify\"><a href=\"#_ftnref4\" name=\"_ftn4\">[4]<\/a>Felley Eric, <a href=\"https:\/\/www.lematin.ch\/story\/berne-les-puffs-seront-bientot-interdites-en-suisse-103358449\">Les \u00ab puffs \u00bb seront bient\u00f4t interdites en Suisse<\/a>, Le Matin, publi\u00e9 le 4 juin 2025, consult\u00e9 le 4 juin 2025<\/p>\n<p style=\"text-align: justify\"><strong style=\"color: #999999\"><a style=\"color: #999999\" href=\"http:\/\/www.cnct.fr\/\" target=\"_blank\" rel=\"noopener noreferrer\">Comit\u00e9 national contre le tabagisme |<\/a><\/strong><\/p>\n","protected":false},"excerpt":{"rendered":"<p>The Council of States has approved a ban on disposable e-cigarettes known as &quot;puffs.&quot; The motion, initiated by Christophe Clivaz of the Greens, was adopted by 19 votes to 11, with 3 abstentions, and will be forwarded to the Federal Council for implementation.<\/p>","protected":false},"featured_media":24296,"template":"","tags":[],"thematique":[491],"class_list":["post-24293","actualites","type-actualites","status-publish","has-post-thumbnail","hentry","thematique-politiques-publiques"],"acf":[],"_links":{"self":[{"href":"https:\/\/www.generationsanstabac.org\/en\/wp-json\/wp\/v2\/actualites\/24293","targetHints":{"allow":["GET"]}}],"collection":[{"href":"https:\/\/www.generationsanstabac.org\/en\/wp-json\/wp\/v2\/actualites"}],"about":[{"href":"https:\/\/www.generationsanstabac.org\/en\/wp-json\/wp\/v2\/types\/actualites"}],"version-history":[{"count":2,"href":"https:\/\/www.generationsanstabac.org\/en\/wp-json\/wp\/v2\/actualites\/24293\/revisions"}],"predecessor-version":[{"id":24298,"href":"https:\/\/www.generationsanstabac.org\/en\/wp-json\/wp\/v2\/actualites\/24293\/revisions\/24298"}],"wp:featuredmedia":[{"embeddable":true,"href":"https:\/\/www.generationsanstabac.org\/en\/wp-json\/wp\/v2\/media\/24296"}],"wp:attachment":[{"href":"https:\/\/www.generationsanstabac.org\/en\/wp-json\/wp\/v2\/media?parent=24293"}],"wp:term":[{"taxonomy":"post_tag","embeddable":true,"href":"https:\/\/www.generationsanstabac.org\/en\/wp-json\/wp\/v2\/tags?post=24293"},{"taxonomy":"thematique","embeddable":true,"href":"https:\/\/www.generationsanstabac.org\/en\/wp-json\/wp\/v2\/thematique?post=24293"}],"curies":[{"name":"wp","href":"https:\/\/api.w.org\/{rel}","templated":true}]}}