{"id":24286,"date":"2025-06-07T07:00:12","date_gmt":"2025-06-07T05:00:12","guid":{"rendered":"https:\/\/www.generationsanstabac.org\/?post_type=actualites&#038;p=24286"},"modified":"2025-06-04T15:29:32","modified_gmt":"2025-06-04T13:29:32","slug":"en-israel-le-tabagisme-reste-beaucoup-plus-eleve-que-la-moyenne-mondiale","status":"publish","type":"actualites","link":"https:\/\/www.generationsanstabac.org\/en\/actualites\/en-israel-le-tabagisme-reste-beaucoup-plus-eleve-que-la-moyenne-mondiale\/","title":{"rendered":"In Israel, smoking remains much higher than the world average"},"content":{"rendered":"<p style=\"text-align: justify\"><em>Le rapport 2024 du ministre de la Sant\u00e9 isra\u00e9lien sur le tabagisme r\u00e9v\u00e8le que le taux de fumeurs en Isra\u00ebl est nettement sup\u00e9rieur \u00e0 la moyenne mondiale, notamment chez les jeunes<a href=\"#_ftn1\" name=\"_ftnref1\"><strong>[1]<\/strong><\/a>. Environ un adulte sur cinq (20,5 %) fume, un chiffre stable depuis une d\u00e9cennie. Ce taux est 30 % plus \u00e9lev\u00e9 que la moyenne mondiale, tandis que le taux d\u2019arr\u00eat du tabac en Isra\u00ebl est deux fois inf\u00e9rieur \u00e0 la moyenne de l\u2019OCDE. Le tabagisme reste particuli\u00e8rement \u00e9lev\u00e9 chez les hommes arabes (40,3 %). Par ailleurs, environ un quart des non-fumeurs d\u00e9clarent \u00eatre expos\u00e9s au tabagisme passif, une exposition presque deux fois plus fr\u00e9quente dans la population arabe que dans la population juive.<\/em><\/p>\n<h2 style=\"text-align: justify\">Le tabagisme et le vapotage, notamment celui des jeunes, inqui\u00e8te les autorit\u00e9s sanitaires<\/h2>\n<p style=\"text-align: justify\">Le rapport met en lumi\u00e8re la permanence d\u2019une pr\u00e9valence tabagique et une hausse pr\u00e9occupante de l\u2019usage des cigarettes \u00e9lectroniques chez les jeunes. Ce rapport s\u2019appuie sur une enqu\u00eate nationale qui indique que 53 % des adolescents qui exp\u00e9rimentent le tabac commencent par la cigarette \u00e9lectronique. De plus, les produits aromatis\u00e9s sont massivement consomm\u00e9s par les adolescents, 88 % consomment de la chicha et 82 % des cigarettes \u00e9lectroniques aromatis\u00e9es, alors que 45 % consomment des cigarettes classiques ou du tabac \u00e0 rouler.<\/p>\n<p style=\"text-align: justify\">\u00ab <em>Malheureusement, l&rsquo;utilisation des cigarettes \u00e9lectroniques, en particulier chez les jeunes, gagne du terrain, ce qui affecte \u00e9galement l&rsquo;ampleur du tabagisme<\/em> \u00bb, a d\u00e9clar\u00e9 le directeur g\u00e9n\u00e9ral du minist\u00e8re de la sant\u00e9, Moshe Bar Siman Tov.<\/p>\n<p style=\"text-align: justify\">Une enqu\u00eate in\u00e9dite dans la population jeune ultra-orthodoxe (haredi) r\u00e9v\u00e8le aussi des taux d\u2019exp\u00e9rimentation \u00e9lev\u00e9s : 54 % dans les yeshivot ketana, 70 % dans les yeshivot gedola et jusqu\u2019\u00e0 80 % dans les \u00e9tablissements alternatifs pour jeunes \u00e0 risque, \u00e2g\u00e9s de 12 \u00e0 17 ans.<\/p>\n<p style=\"text-align: justify\">Par ailleurs, une enqu\u00eate de l&rsquo;Association isra\u00e9lienne contre le cancer a r\u00e9v\u00e9l\u00e9 qu&rsquo;environ un tiers des Isra\u00e9liens ont r\u00e9cemment commenc\u00e9 ou recommenc\u00e9 \u00e0 fumer, en grande partie \u00e0 cause du stress et de l&rsquo;anxi\u00e9t\u00e9 li\u00e9s \u00e0 la guerre<a href=\"#_ftn2\" name=\"_ftnref2\">[2]<\/a>. Environ 5 % des fumeurs actuels ont d\u00e9clar\u00e9 avoir augment\u00e9 leur consommation de tabac depuis le d\u00e9but du conflit.<\/p>\n<h2 style=\"text-align: justify\">Une mobilisation renforc\u00e9e contre le tabagisme<\/h2>\n<p style=\"text-align: justify\">Le ministre de la Sant\u00e9, Uriel Buso, a d\u00e9clar\u00e9 que \u00ab <em>L\u2019\u00e9pid\u00e9mie de tabagisme reste l\u2019un des principaux facteurs de risque sanitaire en Isra\u00ebl. Nous menons une lutte active pour r\u00e9duire l\u2019exposition, la d\u00e9pendance et l\u2019accessibilit\u00e9 aux produits du tabac, en particulier chez les jeunes. C\u2019est une priorit\u00e9 nationale de sant\u00e9 publique.<\/em> \u00bb<\/p>\n<p style=\"text-align: justify\">Conform\u00e9ment \u00e0 la loi, ce rapport a \u00e9t\u00e9 soumis \u00e0 la Knesset pour faire le point sur les d\u00e9g\u00e2ts sanitaires li\u00e9s au tabac. Il vise \u00e0 sensibiliser le public et \u00e0 soutenir la lutte contre le tabagisme, \u00e0 travers une s\u00e9rie d\u2019initiatives men\u00e9es par le minist\u00e8re de la Sant\u00e9, en partenariat avec l\u2019arm\u00e9e (Tsahal), les \u00e9coles, les caisses de sant\u00e9, les collectivit\u00e9s locales et la soci\u00e9t\u00e9 civile.<\/p>\n<p style=\"text-align: justify\">Parmi les actions majeures se trouvent la promotion d\u2019environnements sans tabac, la cr\u00e9ation d\u2019une ligne t\u00e9l\u00e9phonique nationale et gratuite pour le sevrage tabagique, la surveillance cibl\u00e9e et des interventions personnalis\u00e9es aupr\u00e8s de certains groupes de population et enfin le lancement de campagnes d&rsquo;information et d\u2019\u00e9ducation ainsi que le d\u00e9veloppement de programmes scolaires.<\/p>\n<p style=\"text-align: justify\">Toutefois, alors que 82 autorit\u00e9s locales et r\u00e9gionales ont fait \u00e9tat d&rsquo;activit\u00e9s dans le cadre de la loi sur la pr\u00e9vention du tabagisme, le minist\u00e8re a not\u00e9 que plus de 65 % des municipalit\u00e9s n&rsquo;ont pas fourni les donn\u00e9es requises, et nombre de celles qui ont fourni des donn\u00e9es n&rsquo;ont pas r\u00e9ussi \u00e0 faire appliquer la loi de mani\u00e8re efficace.<\/p>\n<p style=\"text-align: justify\">En 2024, de nouvelles r\u00e9glementations ont \u00e9t\u00e9 adopt\u00e9es, imposant des avertissements graphiques sur les paquets de cigarettes (le paquet neutre a \u00e9t\u00e9 instaur\u00e9 le 8 janvier 2020<a href=\"#_ftn3\" name=\"_ftnref3\">[3]<\/a>), y compris pour les conditionnements de produits du vapotage. Des mesures suppl\u00e9mentaires sont pr\u00e9vues, telles que l\u2019interdiction prochaine des cigarettes \u00e9lectroniques jetables et les produits du vapotage et de la nicotine aromatis\u00e9s.<\/p>\n<p style=\"text-align: justify\">Si la loi isra\u00e9lienne interdit la vente aux mineurs de tabac depuis 2004 et de cigarettes \u00e9lectroniques depuis 2019, de nombreux jeunes y ont encore acc\u00e8s, souvent en achetant dans des kiosques, des \u00e9piceries ou par l&rsquo;interm\u00e9diaire de leurs pairs. Le minist\u00e8re de la Sant\u00e9, qui avait d\u00e9j\u00e0 lanc\u00e9 <a href=\"https:\/\/www.generationsanstabac.org\/fr\/actualites\/israel-envisage-un-nouveau-plan-daction-pour-endiguer-le-tabagisme-et-le-vapotage\/\">un plan d\u2019action en 2023 face \u00e0 l\u2019\u00e9pid\u00e9mie de tabac et de vapotage notamment chez les jeunes<\/a>, est ainsi appel\u00e9 \u00e0 intensifier ses efforts.<\/p>\n<p style=\"text-align: justify\"><strong style=\"text-align: justify\"><a href=\"https:\/\/www.generationsanstabac.org\/\">\u00a9G\u00e9n\u00e9ration Sans Tabac<\/a><\/strong><\/p>\n<p style=\"text-align: right\"><em><strong>AD<\/strong><\/em><\/p>\n<hr \/>\n<p style=\"text-align: justify\"><a href=\"#_ftnref1\" name=\"_ftn1\">[1]<\/a>Dov Yehuda, <a href=\"https:\/\/vinnews.com\/2025\/06\/03\/1-in-5-israeli-adults-smokes-30-above-global-average\/\">1 In 5 Israeli Adults Smokes, 30% Above Global Average<\/a>, VINnews, publi\u00e9 le 3 juin 2025, consult\u00e9 le 4 juin 2025<\/p>\n<p style=\"text-align: justify\"><a href=\"#_ftnref2\" name=\"_ftn2\">[2]<\/a>Benson Pesach, <a href=\"https:\/\/worldisraelnews.com\/israels-smoking-rate-30-above-global-average-government-report-finds\/\">Israel\u2019s smoking rate 30% above global average, government report finds<\/a>, World Israel News, publi\u00e9 le 3 juin 2025, consult\u00e9 le 4 juin 2025<\/p>\n<p style=\"text-align: justify\"><a href=\"#_ftnref3\" name=\"_ftn3\">[3]<\/a>G\u00e9n\u00e9ration sans tabac, <a href=\"https:\/\/www.generationsanstabac.org\/fr\/actualites\/le-laos-adopte-le-paquet-neutre-pour-les-cigarettes\/\">Le Laos adopte le paquet neutre pour les cigarettes<\/a>, publi\u00e9 le 9 octobre 2024, consult\u00e9 le 4 juin 2025<\/p>\n<p style=\"text-align: justify\"><strong style=\"color: #999999\"><a style=\"color: #999999\" href=\"http:\/\/www.cnct.fr\/\" target=\"_blank\" rel=\"noopener noreferrer\">Comit\u00e9 national contre le tabagisme |<\/a><\/strong><\/p>\n","protected":false},"excerpt":{"rendered":"<p>The Israeli Health Ministry&#039;s 2024 report on tobacco use reveals that the smoking rate in Israel is significantly higher than the global average, particularly among young people. About one in five adults (20.5%) smokes, a figure that has remained stable for a decade. This rate is 30% higher than the global average, while the smoking cessation rate in Israel is half the OECD average. Smoking remains particularly high among Arab men (40.3%). Furthermore, about a quarter of non-smokers report being exposed to secondhand smoke, an exposure almost twice as common among the Arab population as among the Jewish population.<\/p>","protected":false},"featured_media":24289,"template":"","tags":[],"thematique":[491,474],"class_list":["post-24286","actualites","type-actualites","status-publish","has-post-thumbnail","hentry","thematique-politiques-publiques","thematique-sante"],"acf":[],"_links":{"self":[{"href":"https:\/\/www.generationsanstabac.org\/en\/wp-json\/wp\/v2\/actualites\/24286","targetHints":{"allow":["GET"]}}],"collection":[{"href":"https:\/\/www.generationsanstabac.org\/en\/wp-json\/wp\/v2\/actualites"}],"about":[{"href":"https:\/\/www.generationsanstabac.org\/en\/wp-json\/wp\/v2\/types\/actualites"}],"version-history":[{"count":1,"href":"https:\/\/www.generationsanstabac.org\/en\/wp-json\/wp\/v2\/actualites\/24286\/revisions"}],"predecessor-version":[{"id":24290,"href":"https:\/\/www.generationsanstabac.org\/en\/wp-json\/wp\/v2\/actualites\/24286\/revisions\/24290"}],"wp:featuredmedia":[{"embeddable":true,"href":"https:\/\/www.generationsanstabac.org\/en\/wp-json\/wp\/v2\/media\/24289"}],"wp:attachment":[{"href":"https:\/\/www.generationsanstabac.org\/en\/wp-json\/wp\/v2\/media?parent=24286"}],"wp:term":[{"taxonomy":"post_tag","embeddable":true,"href":"https:\/\/www.generationsanstabac.org\/en\/wp-json\/wp\/v2\/tags?post=24286"},{"taxonomy":"thematique","embeddable":true,"href":"https:\/\/www.generationsanstabac.org\/en\/wp-json\/wp\/v2\/thematique?post=24286"}],"curies":[{"name":"wp","href":"https:\/\/api.w.org\/{rel}","templated":true}]}}