{"id":24275,"date":"2025-06-06T07:00:47","date_gmt":"2025-06-06T05:00:47","guid":{"rendered":"https:\/\/www.generationsanstabac.org\/?post_type=actualites&#038;p=24275"},"modified":"2025-06-04T14:52:25","modified_gmt":"2025-06-04T12:52:25","slug":"la-commission-europeenne-incitee-a-taxer-les-e-cigarettes-et-sachets-de-nicotine","status":"publish","type":"actualites","link":"https:\/\/www.generationsanstabac.org\/en\/actualites\/la-commission-europeenne-incitee-a-taxer-les-e-cigarettes-et-sachets-de-nicotine\/","title":{"rendered":"European Commission urged to tax e-cigarettes and nicotine pouches"},"content":{"rendered":"<p style=\"text-align: justify\"><em>L\u2019Union europ\u00e9enne est de plus en plus sollicit\u00e9e pour taxer les cigarettes \u00e9lectroniques et les sachets de nicotine<a href=\"#_ftn1\" name=\"_ftnref1\"><strong>[1]<\/strong><\/a>. Seize ministres des Finances et de l&rsquo;\u00c9conomie, repr\u00e9sentant 15 \u00c9tats membres, <\/em><em>ont r\u00e9cemment \u00e9crit \u00e0 la pr\u00e9sidente de la Commission europ\u00e9enne, Ursula von der Leyen, pour r\u00e9clamer des mesures. Cette lettre s\u2019inscrit dans un effort plus large visant \u00e0 pousser la Commission \u00e0 publier le projet de nouvelle directive tr\u00e8s attendue sur la taxation des produits du tabac (TTD).<\/em><\/p>\n<h2 style=\"text-align: justify\">Une pression croissante pour encadrer les nouveaux produits de la nicotine<\/h2>\n<p style=\"text-align: justify\">Seize ministres de quinze pays de l\u2019UE, \u00e0 savoir les Pays-Bas, la France, la Belgique, l\u2019Allemagne, l\u2019Espagne, la Croatie, la Bulgarie, le Danemark, l\u2019Estonie, la Lettonie, la Slovaquie, le Portugal, la Slov\u00e9nie, l\u2019Irlande, la Finlande et la R\u00e9publique tch\u00e8que, invoquent des pr\u00e9occupations de sant\u00e9 publique et d\u00e9noncent un cadre l\u00e9gislatif devenu obsol\u00e8te. Depuis l\u2019adoption de l\u2019actuelle directive en 2011, de nombreux nouveaux produits \u00e0 base de nicotine ont envahi le march\u00e9. En 2022, une proposition de nouvelle directive visant \u00e0 inclure les cigarettes \u00e9lectroniques et le tabac chauff\u00e9 dans le cadre de la directive a \u00e9t\u00e9 \u00e9voqu\u00e9e dans le cadre du Plan europ\u00e9en pour vaincre le cancer, mais elle n\u2019a toujours pas \u00e9t\u00e9 publi\u00e9e par la Commission.<\/p>\n<p style=\"text-align: justify\">\u00ab <em>Ces produits sont devenus tr\u00e8s accessibles, m\u00eame pour les enfants, car ils ne sont pas ou tr\u00e8s peu tax\u00e9s dans plusieurs pays de l\u2019UE. C\u2019est pourquoi la r\u00e9vision de la directive est aujourd\u2019hui urgente<\/em> \u00bb, explique Lilia Olefir, directrice de Smoke Free Partnership.<\/p>\n<p style=\"text-align: justify\">D\u2019apr\u00e8s <a href=\"https:\/\/www.generationsanstabac.org\/fr\/actualites\/europe-une-baisse-du-tabagisme-chez-les-jeunes-menacee-par-lessor-des-nouveaux-produits-nicotines\/\">le dernier rapport ESPAD<\/a> (European School Survey Project on Alcohol and Other Drugs), publi\u00e9 fin mai 2025, 44 % des plus de 100 000 \u00e9l\u00e8ves europ\u00e9ens interrog\u00e9s pour l\u2019\u00e9tude d\u00e9clarent avoir fait l\u2019exp\u00e9rience de l\u2019e-cigarette au moins une fois dans leur vie. De plus, 16 % des \u00e9l\u00e8ves rapportent une premi\u00e8re utilisation de l\u2019e-cigarette avant l\u2019\u00e2ge de 14 ans. Or, l\u2019exposition pr\u00e9coce \u00e0 la nicotine peut entra\u00eener une d\u00e9pendance durable et alt\u00e9rer le d\u00e9veloppement c\u00e9r\u00e9bral des adolescents.<\/p>\n<h2 style=\"text-align: justify\">Un appel politique \u00e0 faire \u00e9voluer la l\u00e9gislation europ\u00e9enne<\/h2>\n<p style=\"text-align: justify\">La mobilisation en faveur d\u2019un renforcement de la r\u00e9glementation \u00e0 l\u2019\u00e9gard des nouveaux produits s\u2019intensifie. En mars 2025, douze ministres de la Sant\u00e9 ont exhort\u00e9 la Commission \u00e0 revoir l\u2019ensemble des textes l\u00e9gislatifs li\u00e9s au tabac, notamment la fiscalit\u00e9. Puis, fin mai 2025 est intervenue cette initiative de seize ministres des Finances et de l&rsquo;\u00c9conomie appelant la pr\u00e9sidente de la Commission \u00e0 \u00ab <em>prendre les mesures n\u00e9cessaires pour mettre \u00e0 jour la directive<\/em> \u00bb.<\/p>\n<p style=\"text-align: justify\">En r\u00e9ponse, le commissaire Wopke Hoekstra, responsable de la fiscalit\u00e9, a exprim\u00e9 l&rsquo;espoir que les r\u00e8gles seraient bient\u00f4t modifi\u00e9es.<\/p>\n<p style=\"text-align: justify\">Le texte en pr\u00e9paration pr\u00e9voirait une hausse importante des taxes sur les cigarettes, le tabac \u00e0 rouler et les cigares. Pour la premi\u00e8re fois, il introduirait \u00e9galement une taxe minimale sur les nouveaux produits tels que le tabac chauff\u00e9, les e-cigarettes et les sachets de nicotine.<\/p>\n<p style=\"text-align: justify\">\u00ab <em>Ces taxes sont essentielles car elles augmentent les prix et rendent les produits moins accessibles<\/em> \u00bb, analyse Lilia Olefir. \u00ab <em>Aujourd\u2019hui, une cigarette \u00e9lectronique jetable co\u00fbte environ huit euros, ce qui reste tr\u00e8s abordable pour les jeunes.<\/em> \u00bb.<\/p>\n<p style=\"text-align: justify\">Certaines nations europ\u00e9ennes ont d\u00e9j\u00e0 pris d\u00e9j\u00e0 des mesures au regard des enjeux de sant\u00e9 publique et environnementaux qui p\u00e8sent avec ces nouveaux produits. La Belgique, par exemple, est devenue le 1<sup>er<\/sup> janvier 2025 <a href=\"https:\/\/www.generationsanstabac.org\/fr\/actualites\/la-belgique-obtient-lautorisation-dinterdire-les-cigarettes-electroniques-jetables\/\">le premier pays de l\u2019UE \u00e0 interdire la vente des \u00ab\u00a0puffs\u00a0\u00bb<\/a>, des cigarettes \u00e9lectroniques jetables nocives pour l\u2019environnement. Le ministre belge de la Sant\u00e9, Frank Vandenbroucke, a qualifi\u00e9 ces produits bon march\u00e9 de menace pour la sant\u00e9, notamment chez les adolescents. La France lui a embo\u00eet\u00e9 le pas en interdisant \u00e9galement, depuis le 26 f\u00e9vrier 2025, de vendre ou d\u2019offrir gratuitement des puffs<a href=\"#_ftn2\" name=\"_ftnref2\"><\/a>.<\/p>\n<p style=\"text-align: justify\">Par ailleurs, la France, la Belgique et les Pays-Bas ont fait interdire la vente de sachets de nicotine et d\u2019autres les ont r\u00e9glement\u00e9es comme le Luxembourg, la R\u00e9publique tch\u00e8que, la Finlande, le Danemark, l\u2019Autriche et la Hongrie.<\/p>\n<h2 style=\"text-align: justify\">La proposition en pr\u00e9paration accueillie de fa\u00e7on contrast\u00e9e selon les \u00c9tats de l\u2019UE<\/h2>\n<p style=\"text-align: justify\">Le commissaire Hoekstra esp\u00e8re que la proposition de nouvelle directive sur la taxation des produits du tabac et produits connexes sera adopt\u00e9e d\u2019ici l\u2019\u00e9t\u00e9, mais cette perspective reste incertaine. En effet, toute r\u00e9forme dans ce domaine n\u00e9cessite l\u2019unanimit\u00e9 des \u00c9tats membres.<\/p>\n<p style=\"text-align: justify\">La proposition de r\u00e9vision de la directive sur la taxation est soutenue par les pays o\u00f9 la fiscalit\u00e9 sur le tabac est d\u00e9j\u00e0 \u00e9lev\u00e9e ou qui ont introduit des taxes les cigarettes \u00e9lectroniques ou autres produits nicotiniques. Ces \u00c9tats souffrent d\u2019une augmentation du commerce transfrontalier, en raison des \u00e9carts de taxation au sein de l\u2019UE.<\/p>\n<p style=\"text-align: justify\">En revanche, des pays comme l\u2019Italie, la Gr\u00e8ce et la Roumanie s\u2019opposent \u00e0 une modification des r\u00e8gles actuelles. Non seulement leurs niveaux de taxation sont plus bas, mais le poids de l\u2019industrie du tabac est pr\u00e9gnant dans ces \u00c9tats membres.<\/p>\n<p style=\"text-align: justify\">Cependant, l\u2019influence de l\u2019industrie du tabac dans les politiques publiques peut \u00eatre contest\u00e9e y compris dans les pays traditionnellement tr\u00e8s proches des fabricants. Ainsi dans un sondage r\u00e9cent men\u00e9 en Suisse, class\u00e9e 89<sup>e<\/sup> sur 90 sur l\u2019indice d\u2019interf\u00e9rence de l\u2019industrie du tabac du Global Tobacco Index, il en est ressorti qu\u2019<a href=\"https:\/\/www.generationsanstabac.org\/fr\/actualites\/pour-une-majorite-de-suisses-lindustrie-du-tabac-a-une-trop-forte-influence-en-politique\/\">une majorit\u00e9 de Suisses romands trouve pourtant l&rsquo;industrie du tabac trop influente en politique<\/a>. La plupart des personnes interrog\u00e9es se r\u00e9v\u00e9laient favorables \u00e0 des mesures de pr\u00e9vention plus strictes, 84 % se pronon\u00e7ant pour l\u2019interdiction des puffs.<\/p>\n<p style=\"text-align: justify\"><strong style=\"text-align: justify\"><a href=\"https:\/\/www.generationsanstabac.org\/\">\u00a9G\u00e9n\u00e9ration Sans Tabac<\/a><\/strong><\/p>\n<p style=\"text-align: right\"><em><strong>AD<\/strong><\/em><\/p>\n<hr \/>\n<p style=\"text-align: justify\"><a href=\"#_ftnref1\" name=\"_ftn1\">[1]<\/a>Walker Lauren, <a href=\"https:\/\/www.euronews.com\/my-europe\/2025\/06\/02\/eu-commission-faces-rising-pressure-to-tax-vapes-and-nicotine-pouches\">EU Commission faces rising pressure to tax vapes and nicotine pouches<\/a>, Euro News, publi\u00e9 le 2 juin 2025, consult\u00e9 le 3 juin 2025<\/p>\n<p style=\"text-align: justify\"><a href=\"#_ftnref2\" name=\"_ftn2\">[2]<\/a>G\u00e9n\u00e9ration sans tabac, <a href=\"https:\/\/www.generationsanstabac.org\/fr\/actualites\/la-commission-europeenne-valide-linterdiction-des-puffs-en-france\/\">La Commission europ\u00e9enne valide l\u2019interdiction des puffs en France<\/a>, publi\u00e9 le 28 septembre 2024, consult\u00e9 le 3 juin 2025<\/p>\n<p style=\"text-align: justify\"><strong style=\"color: #999999\"><a style=\"color: #999999\" href=\"http:\/\/www.cnct.fr\/\" target=\"_blank\" rel=\"noopener noreferrer\">Comit\u00e9 national contre le tabagisme |<\/a><\/strong><\/p>\n","protected":false},"excerpt":{"rendered":"<p>The European Union is facing increasing pressure to tax e-cigarettes and nicotine pouches. Sixteen finance and economy ministers, representing 15 member states, recently wrote to European Commission President Ursula von der Leyen to call for action. This letter is part of a broader effort to push the Commission to publish the much-anticipated draft new Tobacco Taxation Directive (TTD).<\/p>","protected":false},"featured_media":24278,"template":"","tags":[],"thematique":[491],"class_list":["post-24275","actualites","type-actualites","status-publish","has-post-thumbnail","hentry","thematique-politiques-publiques"],"acf":[],"_links":{"self":[{"href":"https:\/\/www.generationsanstabac.org\/en\/wp-json\/wp\/v2\/actualites\/24275","targetHints":{"allow":["GET"]}}],"collection":[{"href":"https:\/\/www.generationsanstabac.org\/en\/wp-json\/wp\/v2\/actualites"}],"about":[{"href":"https:\/\/www.generationsanstabac.org\/en\/wp-json\/wp\/v2\/types\/actualites"}],"version-history":[{"count":4,"href":"https:\/\/www.generationsanstabac.org\/en\/wp-json\/wp\/v2\/actualites\/24275\/revisions"}],"predecessor-version":[{"id":24284,"href":"https:\/\/www.generationsanstabac.org\/en\/wp-json\/wp\/v2\/actualites\/24275\/revisions\/24284"}],"wp:featuredmedia":[{"embeddable":true,"href":"https:\/\/www.generationsanstabac.org\/en\/wp-json\/wp\/v2\/media\/24278"}],"wp:attachment":[{"href":"https:\/\/www.generationsanstabac.org\/en\/wp-json\/wp\/v2\/media?parent=24275"}],"wp:term":[{"taxonomy":"post_tag","embeddable":true,"href":"https:\/\/www.generationsanstabac.org\/en\/wp-json\/wp\/v2\/tags?post=24275"},{"taxonomy":"thematique","embeddable":true,"href":"https:\/\/www.generationsanstabac.org\/en\/wp-json\/wp\/v2\/thematique?post=24275"}],"curies":[{"name":"wp","href":"https:\/\/api.w.org\/{rel}","templated":true}]}}