{"id":24262,"date":"2025-06-05T07:00:25","date_gmt":"2025-06-05T05:00:25","guid":{"rendered":"https:\/\/www.generationsanstabac.org\/?post_type=actualites&#038;p=24262"},"modified":"2025-06-02T16:39:55","modified_gmt":"2025-06-02T14:39:55","slug":"en-france-de-nombreux-espaces-publics-exterieurs-bientot-sans-tabac","status":"publish","type":"actualites","link":"https:\/\/www.generationsanstabac.org\/en\/actualites\/en-france-de-nombreux-espaces-publics-exterieurs-bientot-sans-tabac\/","title":{"rendered":"In France, many outdoor public spaces will soon be smoke-free"},"content":{"rendered":"<p style=\"text-align: justify\"><em>\u00ab L\u00e0 o\u00f9 il y a des enfants, le tabac doit dispara\u00eetre \u00bb. La ministre de la Sant\u00e9, du Travail, des Solidarit\u00e9s et des Familles, Catherine Vautrin, a d\u00e9voil\u00e9 fin mai 2025 une s\u00e9rie de mesures visant \u00e0 prot\u00e9ger les plus jeunes du tabagisme<a href=\"#_ftn1\" name=\"_ftnref1\"><strong>[1]<\/strong><\/a>. La principale mesure annonc\u00e9e est une interdiction g\u00e9n\u00e9ralis\u00e9e de fumer dans de nombreux espaces publics ext\u00e9rieurs \u00e0 compter du 1<sup>er<\/sup> juillet 2025. La ministre a aussi l\u2019intention de r\u00e9duire le taux de nicotine et le nombre d\u2019ar\u00f4mes dans les produits de vapotage.<\/em><\/p>\n<h2 style=\"text-align: justify\">L\u2019interdiction du tabac dans de nombreux espaces publics ext\u00e9rieurs et des mesure anti-vapotage<\/h2>\n<p style=\"text-align: justify\">Les plages, parcs, jardins publics, abords des \u00e9coles, abribus et \u00e9quipements sportifs deviendront des espaces sans tabac sur l\u2019ensemble du territoire \u00e0 partir du 1<sup>er<\/sup> juillet 2025. Si certaines communes avaient d\u00e9j\u00e0 adopt\u00e9 de telles restrictions, cette nouvelle r\u00e9glementation les \u00e9tend d\u00e9sormais \u00e0 tout l\u2019Hexagone.<\/p>\n<p style=\"text-align: justify\">Toutefois, les terrasses de caf\u00e9s et les cigarettes \u00e9lectroniques, ainsi que leurs liquides, ne sont pas concern\u00e9es par l\u2019interdiction, comme n\u2019est pas concern\u00e9e pour le moment l\u2019interdiction de la consommation de tabac par les moins de 18 ans. La ministre pr\u00e9cise n\u00e9anmoins qu\u2019elle \u00ab <em>ne [s]\u2019interdi[t] rien \u00e0 l\u2019avenir\u00a0<\/em>\u00bb, reconnaissant que l\u2019interdiction de vendre du tabac aux mineurs, sans en interdire la consommation, est paradoxale.<\/p>\n<p style=\"text-align: justify\">En cas de non-respect de ces nouvelles r\u00e8gles, une\u00a0amende\u00a0de 4<sup>e<\/sup> classe, soit\u00a0135 euros, pourra \u00eatre inflig\u00e9e aux contrevenants. Les contr\u00f4les seront assur\u00e9s par les agents de la police municipale, les officiers et agents de police judiciaire par principe \u00e9galement habilit\u00e9s pourront intervenir. Catherine Vautrin assure de sa confiance en \u00ab\u00a0<em>l\u2019autor\u00e9gulation de nos concitoyens.<\/em>\u00a0\u00bb.<\/p>\n<p style=\"text-align: justify\">La ministre justifie cette d\u00e9cision en rappelant que \u00ab <em>la libert\u00e9 de fumer s\u2019arr\u00eate l\u00e0 o\u00f9 commence le droit des enfants \u00e0 respirer un air pur<\/em> \u00bb. Le p\u00e9rim\u00e8tre d\u2019interdiction autour des \u00e9coles sera pr\u00e9cis\u00e9 dans le d\u00e9cret de mise en \u0153uvre. \u00ab\u00a0<em>Nous sommes en train de le d\u00e9terminer avec le Conseil d\u2019\u00c9tat, et nous ferons confiance aux \u00e9lus pour le mettre en place de fa\u00e7on pragmatique<\/em>\u00a0\u00bb, poursuit Mme Vautrin<a href=\"#_ftn2\" name=\"_ftnref2\">[2]<\/a>. Les abords des coll\u00e8ges et lyc\u00e9es sont \u00e9galement concern\u00e9s pour \u00e9viter notamment que\u00a0<em>\u00ab coll\u00e9giens et lyc\u00e9ens ne fument devant leur \u00e9tablissement \u00bb<\/em>.<\/p>\n<p style=\"text-align: justify\">Par ailleurs la ministre souhaite r\u00e9duire le taux de nicotine autoris\u00e9 et limiter les ar\u00f4mes dans les produits du vapotage. L\u2019objectif ainsi pr\u00e9sent\u00e9 serait\u00a0\u00ab\u00a0<em>de r\u00e9duire le ph\u00e9nom\u00e8ne d\u2019addiction et de favoriser le sevrage<\/em>\u00a0\u00bb, en partenariat avec l\u2019ANSES (Agence nationale de s\u00e9curit\u00e9 sanitaire de l\u2019alimentation, de l\u2019environnement et du travail) et la Haute Autorit\u00e9 de sant\u00e9 (HAS). Ces mesures devraient \u00eatre pr\u00e9cis\u00e9es d\u2019ici fin juin 2026, apr\u00e8s avis des experts.<\/p>\n<p style=\"text-align: justify\">Aucune hausse des taxes sur le tabac n\u2019est en revanche pr\u00e9vue \u00e0 court terme. Reprenant les arguments de l\u2019industrie du tabac et des buralistes, la ministre indique que <em>\u00ab sur cette question, je suis prudente quand je vois\u00a0les ravages de la contrebande de tabac,\u00a0et je veux qu\u2019on accompagne la diversification des activit\u00e9s des buralistes, parce que ces commerces de proximit\u00e9 sont indispensables \u00bb<a href=\"#_ftn3\" name=\"_ftnref3\"><strong>[3]<\/strong><\/a><\/em>. Les paquets de tabac, qui ont atteint 12 \u20ac en 2025, devraient passer \u00e0 13 \u20ac en 2026.<\/p>\n<h2 style=\"text-align: justify\">Une strat\u00e9gie nationale pour faire reculer durablement le tabagisme<\/h2>\n<p style=\"text-align: justify\">Ce d\u00e9veloppement des lieux sans tabac ext\u00e9rieurs s\u2019inscrit dans la mise en \u0153uvre de l\u2019actuel Programme national de lutte contre le tabac (PNLT) 2023-2027, pr\u00e9sent\u00e9 par le ministre de la Sant\u00e9 de l&rsquo;\u00e9poque, Aur\u00e9lien Rousseau, en 2023. L\u2019objectif de ce plan est de faire \u00e9merger une g\u00e9n\u00e9ration sans tabac \u00e0 l\u2019horizon 2032. Parmi les priorit\u00e9s affich\u00e9es figure la volont\u00e9 de \u00ab d\u00e9normaliser \u00bb l\u2019acte de fumer.<\/p>\n<p style=\"text-align: justify\">Yves Martinet, pr\u00e9sident du Comit\u00e9 national contre le tabagisme (CNCT), souligne que ces espaces sans tabac prot\u00e8gent non seulement du tabagisme passif, mais incitent aussi les fumeurs \u00e0 arr\u00eater, une efficacit\u00e9 prouv\u00e9e par plusieurs \u00e9tudes. Il regrette que les terrasses ne soient pas concern\u00e9es par l\u2019annonce alors m\u00eame que les familles s\u2019y rendent avec leurs enfants.<\/p>\n<p style=\"text-align: justify\">Lo\u00efc Josseran, pr\u00e9sident de l\u2019Alliance contre le tabac (ACT), a r\u00e9agi en disant que cela repr\u00e9sente \u00ab\u00a0<em>un pas en avant qui vont nous permettre de sortir un peu plus du tabagisme<\/em> [\u2026] <em>Mais je pense qu&rsquo;on aurait pu aller un peu plus loin, notamment en allant sur les terrasses de caf\u00e9, qui sont de v\u00e9ritables aquariums \u00e0 fum\u00e9e et \u00e0 fumeurs.<\/em> [\u2026] <em>Nous sommes l\u00e0 face \u00e0 un r\u00e9el lobby des industriels du tabac qui passe par l&rsquo;entremise des cafetiers et restaurateurs<\/em>\u00a0\u00bb, relevant que \u00ab\u00a0<em>bon nombre de ces restaurateurs, bars, sont aussi des buralistes<\/em>\u00a0\u00bb et que le gouvernement \u00ab\u00a0<em>n&rsquo;a probablement pas voulu engager un bras de fer<\/em>\u00a0\u00bb avec cette profession. Il pointe l\u2019improbabilit\u00e9 d\u2019\u00ab\u00a0<em>une g\u00e9n\u00e9ration d\u00e9barrass\u00e9e du tabac d\u00e8s 2032<\/em>\u00a0\u00bb, \u00ab\u00a0<em>sans augmenter la fiscalit\u00e9<\/em>\u00a0\u00bb et \u00ab\u00a0<em>en laissant les espaces fumeurs sur les terrasses<\/em>\u00a0\u00bb<a href=\"#_ftn4\" name=\"_ftnref4\">[4]<\/a>.<\/p>\n<p style=\"text-align: justify\">Quant \u00e0 Prisca Th\u00e9venot, ex-secr\u00e9taire d\u2019\u00c9tat \u00e0 la Jeunesse, celle-ci a accueilli positivement les nouvelles mesures.\u00a0<em>\u00ab\u00a0Croyons ensemble que la r\u00e8gle sera respect\u00e9e. C&rsquo;est une d\u00e9marche collective, on va r\u00e9duire les maladies pulmonaires, les probl\u00e8mes qu&rsquo;a un certain nombre de jeunes enfants qui peuvent \u00eatre expos\u00e9s \u00e0 la fum\u00e9e du tabac\u00a0<\/em>\u00bb<em>.<\/em>\u00a0Cela permet aussi\u00a0\u00ab\u00a0<em>d&rsquo;\u00e9viter un certain nombre de cancers, notamment du poumon. Si on \u00e9vite un certain nombre de maladies, ce seront des d\u00e9penses en moins, donc c&rsquo;est gagnant-gagnant.<\/em>\u00a0\u00bb<a href=\"#_ftn5\" name=\"_ftnref5\">[5]<\/a>.<\/p>\n<p style=\"text-align: justify\">Environ 1 600 communes ont d\u00e9j\u00e0 mis en place localement plus de 7 000 espaces sans tabac (plages, parcs, pistes de ski, abords d\u2019\u00e9coles\u2026), souvent en partenariat avec la Ligue contre le cancer ou dans le cadre du dispositif Ville libre sans tabac. Selon Philippe Bergerot, pr\u00e9sident de la Ligue, ces mesures sont aujourd\u2019hui \u00ab <em>globalement bien respect\u00e9es<\/em> \u00bb, avec 62 % des Fran\u00e7ais qui sont favorables \u00e0 une plus large interdiction de la cigarette dans l\u2019espace public, selon un sondage commandit\u00e9 par l\u2019association.<\/p>\n<p style=\"text-align: justify\">Le co\u00fbt humain et \u00e9conomique du tabagisme reste tr\u00e8s \u00e9lev\u00e9, avec 75 000 morts chaque ann\u00e9e. \u00ab\u00a0<em>C\u2019est la premi\u00e8re cause de mortalit\u00e9 \u00e9vitable. [\u2026] Une vie n\u2019a pas de prix, mais les cancers co\u00fbtent 150 milliards d\u2019euros par an, ce qui n\u2019est pas rien quand on pense \u00e0 la situation financi\u00e8re de notre mod\u00e8le social. Le tabac n\u2019est pas qu\u2019un probl\u00e8me individuel, c\u2019est un fl\u00e9au collectif \u00bb<\/em>, a expos\u00e9 la ministre de la Sant\u00e9<a href=\"#_ftn6\" name=\"_ftnref6\">[6]<\/a>. En effet, selon les chiffres de l&rsquo;Observatoire fran\u00e7ais des drogues et tendances addictives (OFDT), le tabagisme co\u00fbte 156 milliards d&rsquo;euros par an \u00e0 la soci\u00e9t\u00e9 fran\u00e7aise (vies, qualit\u00e9 de vie et productivit\u00e9 perdues, d\u00e9penses publiques de pr\u00e9vention, r\u00e9pression, soins&#8230;) et contrairement aux id\u00e9es re\u00e7ues, le tabac co\u00fbte \u00e9galement cher \u00e0 l\u2019\u00c9tat, repr\u00e9sentant un co\u00fbt net de pr\u00e8s de 2 milliards d\u2019euros.<\/p>\n<p style=\"text-align: justify\"><strong style=\"text-align: justify\"><a href=\"https:\/\/www.generationsanstabac.org\/\">\u00a9G\u00e9n\u00e9ration Sans Tabac<\/a><\/strong><\/p>\n<p style=\"text-align: right\"><em><strong>AD<\/strong><\/em><\/p>\n<hr \/>\n<p style=\"text-align: justify\"><a href=\"#_ftnref1\" name=\"_ftn1\">[1]<\/a>Petit Cyril, Richard Philippe, <a href=\"https:\/\/www.ouest-france.fr\/sante\/addictions\/tabac\/exclusif-fumer-sera-interdit-sur-les-plages-au-parc-pres-des-ecoles-annonce-la-ministre-4e4d7df2-3bb7-11f0-b71a-e87c40f434be\">EXCLUSIF. \u00ab\u00a0Fumer sera interdit sur les plages, au parc, pr\u00e8s des \u00e9coles\u2026\u00a0\u00bb, annonce la ministre<\/a>, Ouest France, publi\u00e9 le 29 mai 2025, consult\u00e9 le 2 juin 2025<\/p>\n<p style=\"text-align: justify\"><a href=\"#_ftnref2\" name=\"_ftn2\">[2]<\/a>Le Parisien, <a href=\"https:\/\/www.leparisien.fr\/societe\/sante\/plages-parcs-abords-decole-la-cigarette-interdite-a-compter-du-1er-juillet-annonce-le-gouvernement-29-05-2025-EXJ4IP2QSREVXMKYZJVJSCCCMU.php\">Plages, parcs, abords d\u2019\u00e9cole\u2026\u00a0: la cigarette interdite \u00e0 compter du 1er\u00a0juillet, annonce le gouvernement<\/a>, publi\u00e9 le 29 mai 2025, consult\u00e9 le 2 juin 2025<\/p>\n<p style=\"text-align: justify\"><a href=\"#_ftnref3\" name=\"_ftn3\">[3]<\/a>Lib\u00e9ration, <a href=\"https:\/\/www.liberation.fr\/societe\/sante\/parcs-plages-a-cote-des-ecoles-la-cigarette-interdite-au-1er-juillet-la-ou-il-y-a-des-enfants-annonce-catherine-vautrin-20250529_A3VAP6O4R5D55OQTZBKGBJVVZM\/\">Parcs, plages, pr\u00e8s des \u00e9coles\u2026 la cigarette interdite au 1er\u00a0juillet \u00abl\u00e0 o\u00f9 il y a des enfants\u00bb, annonce Catherine Vautrin<\/a>, publi\u00e9 le 29 mai 2025, consult\u00e9 le 2 juin 2025<\/p>\n<p style=\"text-align: justify\"><a href=\"#_ftnref4\" name=\"_ftn4\">[4]<\/a>Europe 1, <a href=\"https:\/\/www.europe1.fr\/societe\/cigarettes-interdites-lalliance-contre-le-tabac-regrette-que-les-terrasses-soient-epargnees-756280\">Cigarettes interdites : l&rsquo;Alliance contre le tabac regrette que les terrasses soient \u00e9pargn\u00e9es<\/a>, publi\u00e9 le 31 mai 2025, consult\u00e9 le 2 juin 2025<\/p>\n<p style=\"text-align: justify\"><a href=\"#_ftnref5\" name=\"_ftn5\">[5]<\/a>Lambret Agathe, <a href=\"https:\/\/www.radiofrance.fr\/franceinfo\/podcasts\/l-invite-franceinfo-soir\/cigarette-interdite-a-la-plage-dans-les-parcs-et-aux-abords-des-ecoles-prisca-thevenot-salue-le-courage-de-la-ministre-de-la-sante-3202066\">Cigarette interdite \u00e0 la plage, dans les parcs et aux abords des \u00e9coles : Prisca Th\u00e9venot \u00ab\u00a0salue le courage\u00a0\u00bb de la ministre de la Sant\u00e9<\/a>, Radio France, publi\u00e9 le 30 mai 2025, consult\u00e9 le 2 juin 2025<\/p>\n<p style=\"text-align: justify\"><a href=\"#_ftnref6\" name=\"_ftn6\">[6]<\/a>Le Figaro, <a href=\"https:\/\/www.lefigaro.fr\/flash-eco\/la-ou-il-y-a-des-enfants-le-tabac-doit-disparaitre-la-cigarette-interdite-sur-les-plages-parcs-et-jardins-publics-a-partir-du-1er-juillet-20250529\">La cigarette interdite sur les plages, dans les parcs ou pr\u00e8s des \u00e9coles \u00e0 partir du 1er juillet<\/a>, publi\u00e9 le 30 mai 2025, consult\u00e9 le 2 juin 2025<\/p>\n<p style=\"text-align: justify\"><strong style=\"color: #999999\"><a style=\"color: #999999\" href=\"http:\/\/www.cnct.fr\/\" target=\"_blank\" rel=\"noopener noreferrer\">Comit\u00e9 national contre le tabagisme |<\/a><\/strong><\/p>\n","protected":false},"excerpt":{"rendered":"<p>&quot;Where there are children, tobacco must disappear.&quot; The Minister of Health, Labor, Solidarity, and Families, Catherine Vautrin, unveiled a series of measures at the end of May 2025 aimed at protecting young people from smoking. The main measure announced is a general ban on smoking in many outdoor public spaces starting July 1, 2025. The minister also intends to reduce the nicotine level and the number of flavors in vaping products.<\/p>","protected":false},"featured_media":24269,"template":"","tags":[],"thematique":[491],"class_list":["post-24262","actualites","type-actualites","status-publish","has-post-thumbnail","hentry","thematique-politiques-publiques"],"acf":[],"_links":{"self":[{"href":"https:\/\/www.generationsanstabac.org\/en\/wp-json\/wp\/v2\/actualites\/24262","targetHints":{"allow":["GET"]}}],"collection":[{"href":"https:\/\/www.generationsanstabac.org\/en\/wp-json\/wp\/v2\/actualites"}],"about":[{"href":"https:\/\/www.generationsanstabac.org\/en\/wp-json\/wp\/v2\/types\/actualites"}],"version-history":[{"count":3,"href":"https:\/\/www.generationsanstabac.org\/en\/wp-json\/wp\/v2\/actualites\/24262\/revisions"}],"predecessor-version":[{"id":24271,"href":"https:\/\/www.generationsanstabac.org\/en\/wp-json\/wp\/v2\/actualites\/24262\/revisions\/24271"}],"wp:featuredmedia":[{"embeddable":true,"href":"https:\/\/www.generationsanstabac.org\/en\/wp-json\/wp\/v2\/media\/24269"}],"wp:attachment":[{"href":"https:\/\/www.generationsanstabac.org\/en\/wp-json\/wp\/v2\/media?parent=24262"}],"wp:term":[{"taxonomy":"post_tag","embeddable":true,"href":"https:\/\/www.generationsanstabac.org\/en\/wp-json\/wp\/v2\/tags?post=24262"},{"taxonomy":"thematique","embeddable":true,"href":"https:\/\/www.generationsanstabac.org\/en\/wp-json\/wp\/v2\/thematique?post=24262"}],"curies":[{"name":"wp","href":"https:\/\/api.w.org\/{rel}","templated":true}]}}