{"id":24246,"date":"2025-06-03T07:00:42","date_gmt":"2025-06-03T05:00:42","guid":{"rendered":"https:\/\/www.generationsanstabac.org\/?post_type=actualites&#038;p=24246"},"modified":"2025-05-28T15:56:45","modified_gmt":"2025-05-28T13:56:45","slug":"fumer-est-de-moins-en-moins-accepte-dans-la-societe-francaise","status":"publish","type":"actualites","link":"https:\/\/www.generationsanstabac.org\/en\/actualites\/fumer-est-de-moins-en-moins-accepte-dans-la-societe-francaise\/","title":{"rendered":"Smoking is becoming less and less accepted in French society."},"content":{"rendered":"<p style=\"text-align: justify\"><em>Selon une enqu\u00eate de Sant\u00e9 publique France r\u00e9alis\u00e9e \u00e0 partir des donn\u00e9es de l\u2019enqu\u00eate t\u00e9l\u00e9phonique Barom\u00e8tre sant\u00e9 \u2013 Pr\u00e9vention tabac 2022, bas\u00e9es sur un \u00e9chantillon obtenu de mani\u00e8re al\u00e9atoire de 3 229 individus \u00e2g\u00e9s de 18 \u00e0 75 ans vivant en France hexagonale, et les donn\u00e9es des barom\u00e8tres de Sant\u00e9 publique France 2005, 2010 et 2017, une majorit\u00e9 de la population estime que fumer est socialement d\u00e9valoris\u00e9<a href=\"#_ftn1\" name=\"_ftnref1\"><strong>[1]<\/strong><\/a>.<\/em><\/p>\n<h2 style=\"text-align: justify\">La soci\u00e9t\u00e9 fran\u00e7aise de plus en plus d\u00e9favorable au tabac<\/h2>\n<p style=\"text-align: justify\">Plus d\u2019un Fran\u00e7ais sur deux (52,6 %) pense que l\u2019on est moins bien accept\u00e9 lorsqu\u2019on est fumeur, et deux tiers (66,6 %) consid\u00e8rent que la soci\u00e9t\u00e9 d\u00e9sapprouve la cigarette. M\u00eame parmi les fumeurs, 86,3 % affirment que leurs proches pr\u00e9f\u00e9reraient qu\u2019ils arr\u00eatent.<\/p>\n<p style=\"text-align: justify\">Ces r\u00e9sultats traduisent une r\u00e9duction des normes sociales favorables au tabagisme, ph\u00e9nom\u00e8ne observ\u00e9 depuis 2005. Cependant, cette \u00ab d\u00e9normalisation \u00bb varie selon les profils, car les fumeurs tendent \u00e0 sous-estimer cette d\u00e9sapprobation sociale (49 % contre 54 % chez les non-fumeurs). Le niveau d\u2019\u00e9tudes joue aussi un r\u00f4le, les personnes moins dipl\u00f4m\u00e9es percevant le tabagisme comme plus acceptable, tandis que les fumeurs issus de milieux ais\u00e9s sont plus sensibles aux normes antitabac.<\/p>\n<p style=\"text-align: justify\">Cette \u00e9volution s\u2019explique dans une large mesure par les politiques publiques mises en place depuis deux d\u00e9cennies : interdiction de fumer dans les lieux publics (2007), campagnes de sensibilisation, paquet neutre (2017), hausse du prix du tabac (2017-2020), etc.<\/p>\n<p style=\"text-align: justify\">En revanche, les enqu\u00eates de consommation soulignent une augmentation de l\u2019usage de la cigarette \u00e9lectronique, d\u00e9sormais exp\u00e9riment\u00e9e par 42 % des adultes, signalant les effets de la strat\u00e9gie des fabricants de tabac se positionnant sur les produits \u00e0 la nicotine dans leur ensemble.<\/p>\n<h2 style=\"text-align: justify\">Le tabagisme est en baisse mais des disparit\u00e9s persistent<\/h2>\n<p style=\"text-align: justify\">En parall\u00e8le de cette \u00e9volution des mentalit\u00e9s, le nombre de fumeurs quotidiens diminue. En 2023, 23 % des 18-75 ans fumaient tous les jours, contre 25 % en 2021, taux le plus faible depuis les ann\u00e9es 1990 m\u00eame s\u2019il demeure tr\u00e8s \u00e9lev\u00e9 par comparaison avec la plupart des pays. Par ailleurs, cette baisse masque d\u2019importantes in\u00e9galit\u00e9s sociales : les personnes sans dipl\u00f4me (29 %) ou aux revenus inf\u00e9rieurs (30 %) restent nettement plus nombreuses \u00e0 fumer que les dipl\u00f4m\u00e9s du sup\u00e9rieur (17 %) ou les personnes aux revenus plus \u00e9lev\u00e9s (17 %). Les hommes (25 %) continuent \u00e9galement \u00e0 fumer davantage que les femmes (21 %).<\/p>\n<p style=\"text-align: justify\">De m\u00eame, la proportion de fumeurs quotidiens parmi les personnes au ch\u00f4mage a baiss\u00e9 de 10 points entre\u00a02021 et\u00a02023, passant de 45,8\u00a0% \u00e0 35,7\u00a0%.<\/p>\n<p style=\"text-align: justify\">Les disparit\u00e9s sont aussi territoriales et g\u00e9ographiques. Une <a href=\"https:\/\/www.generationsanstabac.org\/fr\/actualites\/france-nuances-socioeconomiques-et-territoriales-de-la-consommation-de-tabac-et-de-vapotage-en-france\/\">r\u00e9cente enqu\u00eate conjointe de l\u2019Observatoire fran\u00e7ais des drogues et des tendances\u00a0addictives (OFDT) et de Sant\u00e9 publique France<\/a> r\u00e9v\u00e8le par exemple que le tabagisme quotidien est faible en \u00cele-de-France (19,6 %) et en Bretagne (19,5 %) avec plus de 6 points d\u2019\u00e9cart avec des r\u00e9gions comme Provence-Alpes-C\u00f4te d&rsquo;Azur (26,5 %) et la Bourgogne-Franche-Comt\u00e9 (26,8 %).<\/p>\n<p style=\"text-align: justify\">Dans l\u2019enqu\u00eate publi\u00e9e par Sant\u00e9 publique France, chez les jeunes adultes, la norme sociale du tabagisme demeure encore nuanc\u00e9e. Une part significative (29 %) des 18-34 ans pense que fumer aide \u00e0 aborder un inconnu ou \u00e0 se sentir \u00e0 l\u2019aise en groupe (27,3 %), contre 21,7 % en 2017. Ce lien entre cigarette et socialisation a peut-\u00eatre \u00e9t\u00e9 renforc\u00e9 par l\u2019isolement post-Covid. La pr\u00e9valence tabagique reste \u00e9galement \u00e9lev\u00e9e chez les 25-44 ans (29 %), avant de diminuer avec l\u2019\u00e2ge.<\/p>\n<p style=\"text-align: justify\">En revanche, <a href=\"https:\/\/www.generationsanstabac.org\/fr\/actualites\/europe-une-baisse-du-tabagisme-chez-les-jeunes-menacee-par-lessor-des-nouveaux-produits-nicotines\/\">la baisse du tabagisme est particuli\u00e8rement forte chez les adolescents<\/a>. Et le recul du tabagisme dans la tranche d\u2019\u00e2ge des 18-24 ans commence \u00e0 se refl\u00e9ter. Leur consommation quotidienne (23 %) est d\u00e9sormais inf\u00e9rieure \u00e0 celle des 25-34 ans, ce qui pourrait rendre atteignable l\u2019objectif d\u2019une g\u00e9n\u00e9ration sans tabac d\u2019ici 2032 (avec moins de 5 % de pr\u00e9valence parmi les jeunes ayant 18 ans \u00e0 cette date).<\/p>\n<h2 style=\"text-align: justify\">Sant\u00e9 publique France appelle \u00e0 continuer les efforts de d\u00e9normalisation du tabac<\/h2>\n<p style=\"text-align: justify\">Bien que le tabagisme ait diminu\u00e9 depuis les ann\u00e9es 1970, il reste n\u00e9anmoins per\u00e7u comme socialement acceptable par une partie non n\u00e9gligeable de la population, notamment les jeunes. Sant\u00e9 publique France souligne la n\u00e9cessit\u00e9 de poursuivre et d\u2019adapter les efforts de d\u00e9normalisation, en tenant compte des diff\u00e9rences de perception li\u00e9es au statut tabagique et aux caract\u00e9ristiques sociod\u00e9mographiques. De futures enqu\u00eates devraient permettre d\u2019\u00e9valuer l\u2019\u00e9volution des perceptions, y compris vis-\u00e0-vis de la cigarette \u00e9lectronique. Des recherches compl\u00e9mentaires sont par ailleurs n\u00e9cessaires pour mieux comprendre les facteurs influen\u00e7ant ces perceptions et l\u2019efficacit\u00e9 des politiques publiques.<\/p>\n<p style=\"text-align: justify\">La r\u00e9duction de la pr\u00e9valence du tabagisme demeure une priorit\u00e9 majeure de sant\u00e9 publique\u00a0: \u00ab\u00a0<em>Le tabagisme reste la premi\u00e8re cause de mortalit\u00e9 \u00e9vitable en France, comptabilisant 75\u00a0000 d\u00e9c\u00e8s pr\u00e9matur\u00e9s \u00e9vitables attribuables en 2015 en France hexagonale, soit 13\u00a0% des d\u00e9c\u00e8s<\/em>\u00a0\u00bb rappelle Sant\u00e9 publique France.<\/p>\n<p style=\"text-align: justify\"><strong style=\"text-align: justify\"><a href=\"https:\/\/www.generationsanstabac.org\/\">\u00a9G\u00e9n\u00e9ration Sans Tabac<\/a><\/strong><\/p>\n<p style=\"text-align: right\"><em><strong>AD<\/strong><\/em><\/p>\n<hr \/>\n<p style=\"text-align: justify\"><a href=\"#_ftnref1\" name=\"_ftn1\">[1]<\/a>De Rosso\u00a0 S., Guignard\u00a0 R., Pasquereau\u00a0 A., Andler\u00a0 R., Beck\u00a0 F., Nguyen-Thanh\u00a0V.,\u00a0\u00ab\u00a0Perceptions du tabagisme en France hexagonale en\u00a02022 parmi les 18-75\u00a0ans\u00a0: o\u00f9 en est la d\u00e9normalisation ?\u00a0\u00bb, Bull Epidemiol Hebd, 2025;(10):164-71, <a href=\"https:\/\/beh.santepubliquefrance.fr\/beh\/2025\/10\/2025_10_1.html\">https:\/\/beh.santepubliquefrance.fr\/beh\/2025\/10\/2025_10_1.html<\/a><\/p>\n<p style=\"text-align: justify\"><strong style=\"color: #999999\"><a style=\"color: #999999\" href=\"http:\/\/www.cnct.fr\/\" target=\"_blank\" rel=\"noopener noreferrer\">Comit\u00e9 national contre le tabagisme |<\/a><\/strong><\/p>\n","protected":false},"excerpt":{"rendered":"<p>According to a survey by Public Health France carried out using data from the 2022 Health Barometer \u2013 Tobacco Prevention telephone survey, based on a randomly obtained sample of 3,229 individuals aged 18 to 75 living in mainland France, and data from the 2005, 2010 and 2017 Public Health France barometers, a majority of the population believes that smoking is socially devalued.<\/p>","protected":false},"featured_media":24249,"template":"","tags":[],"thematique":[474],"class_list":["post-24246","actualites","type-actualites","status-publish","has-post-thumbnail","hentry","thematique-sante"],"acf":[],"_links":{"self":[{"href":"https:\/\/www.generationsanstabac.org\/en\/wp-json\/wp\/v2\/actualites\/24246","targetHints":{"allow":["GET"]}}],"collection":[{"href":"https:\/\/www.generationsanstabac.org\/en\/wp-json\/wp\/v2\/actualites"}],"about":[{"href":"https:\/\/www.generationsanstabac.org\/en\/wp-json\/wp\/v2\/types\/actualites"}],"version-history":[{"count":5,"href":"https:\/\/www.generationsanstabac.org\/en\/wp-json\/wp\/v2\/actualites\/24246\/revisions"}],"predecessor-version":[{"id":24254,"href":"https:\/\/www.generationsanstabac.org\/en\/wp-json\/wp\/v2\/actualites\/24246\/revisions\/24254"}],"wp:featuredmedia":[{"embeddable":true,"href":"https:\/\/www.generationsanstabac.org\/en\/wp-json\/wp\/v2\/media\/24249"}],"wp:attachment":[{"href":"https:\/\/www.generationsanstabac.org\/en\/wp-json\/wp\/v2\/media?parent=24246"}],"wp:term":[{"taxonomy":"post_tag","embeddable":true,"href":"https:\/\/www.generationsanstabac.org\/en\/wp-json\/wp\/v2\/tags?post=24246"},{"taxonomy":"thematique","embeddable":true,"href":"https:\/\/www.generationsanstabac.org\/en\/wp-json\/wp\/v2\/thematique?post=24246"}],"curies":[{"name":"wp","href":"https:\/\/api.w.org\/{rel}","templated":true}]}}