{"id":24237,"date":"2025-06-02T07:00:22","date_gmt":"2025-06-02T05:00:22","guid":{"rendered":"https:\/\/www.generationsanstabac.org\/?post_type=actualites&#038;p=24237"},"modified":"2025-05-28T15:07:37","modified_gmt":"2025-05-28T13:07:37","slug":"pour-une-majorite-de-suisses-lindustrie-du-tabac-a-une-trop-forte-influence-en-politique","status":"publish","type":"actualites","link":"https:\/\/www.generationsanstabac.org\/en\/actualites\/pour-une-majorite-de-suisses-lindustrie-du-tabac-a-une-trop-forte-influence-en-politique\/","title":{"rendered":"For a majority of Swiss, the tobacco industry has too much influence in politics"},"content":{"rendered":"<p style=\"text-align: justify\"><em>\u00c0 l\u2019occasion de la Journ\u00e9e mondiale sans tabac du 31 mai 2025, Unisant\u00e9 a men\u00e9 un sondage aupr\u00e8s de 1070 personnes majeures repr\u00e9sentatives de la Suisse romande<a href=\"#_ftn1\" name=\"_ftnref1\"><strong>[1]<\/strong><\/a>. L\u2019enqu\u00eate r\u00e9alis\u00e9e en mars 2025 par l\u2019institut MIS Trend pour le compte d\u2019Unisant\u00e9, dans le cadre du Programme cantonal de pr\u00e9vention du tabagisme, cofinanc\u00e9 par le canton de Vaud et le Fonds de pr\u00e9vention du tabagisme, indique que 90 % des r\u00e9pondants estiment que l\u2019\u00c9tat a la responsabilit\u00e9 de mieux prot\u00e9ger les jeunes contre les strat\u00e9gies de l\u2019industrie du tabac. 88 % jugent \u00e9galement que les int\u00e9r\u00eats \u00e9conomiques des cigarettiers ne doivent pas primer sur ceux de la sant\u00e9 publique. L\u2019enqu\u00eate met en exergue un soutien massif de la population pour des mesures de pr\u00e9vention fortes.<\/em><\/p>\n<h2 style=\"text-align: justify\">Une demande claire de prot\u00e9ger la population contre l\u2019influence des cigarettiers<\/h2>\n<p style=\"text-align: justify\">Les personnes interrog\u00e9es d\u00e9noncent la forte influence de l\u2019industrie du tabac sur la politique suisse, per\u00e7ue comme excessive par deux tiers d\u2019entre elles. Une pr\u00e9occupation majeure r\u00e9side dans le marketing ciblant les jeunes : 88 % des participants reconnaissent que les ar\u00f4mes, les couleurs attrayantes et les images positives utilis\u00e9es dans la publicit\u00e9 rendent les produits du tabac et autres produits \u00e0 la nicotine s\u00e9duisants pour ce public. Pour 82 %, ces produits donnent \u00e0 tort l\u2019impression d\u2019\u00eatre peu dangereux.<\/p>\n<p style=\"text-align: justify\">Par ailleurs, 83 % des personnes interrog\u00e9es se souviennent avoir vu de la publicit\u00e9 pour les produits du tabac et autres produits \u00e0 la nicotine. Par ordre d\u2019importance publicitaire sont mentionn\u00e9s les supermarch\u00e9s et kiosques (72 % en ont vu plusieurs fois par mois ou par an), les lieux festifs comme les festivals et les bars (65 %), la presse (50 %), les films et s\u00e9ries (48 %) et internet\/les r\u00e9seaux sociaux (46 %). Parmi ceux qui ont vu des communications concernant ces produits, 54 % se souviennent de communications pour les cigarettes \u00e9lectroniques rechargeables, 47 % pour le tabac \u00e0 chauffer, 45 % pour les cigarettes de tabac classiques et 41 % pour les cigarettes \u00e9lectroniques jetables.<\/p>\n<p style=\"text-align: justify\">En outre, 80 % des r\u00e9pondants consid\u00e8rent que l\u2019industrie du tabac cherche \u00e0 am\u00e9liorer son image \u00e0 travers ses initiatives \u00ab\u00a0d\u2019entreprises responsables\u00a0\u00bb. Dans une m\u00eame proportion, ils consid\u00e8rent que l\u2019industrie exerce une trop forte influence sur les politiques publiques. Les deux tiers des Romands estiment notamment que les parlementaires privil\u00e9gient les int\u00e9r\u00eats de cette industrie au d\u00e9triment de la population.<\/p>\n<h2 style=\"text-align: justify\">Le public soutient des mesures de pr\u00e9vention antitabac plus strictes<\/h2>\n<p style=\"text-align: justify\">Dans cette enqu\u00eate d\u2019opinion, 23 % des Romands se sont d\u00e9clar\u00e9s fumeurs et\/ou consommateurs d\u2019autres produits \u00e0 la nicotine, avec une majorit\u00e9 chez les hommes, les jeunes adultes de 18-24 ans et en activit\u00e9<a href=\"#_ftn2\" name=\"_ftnref2\">[2]<\/a>.<\/p>\n<p style=\"text-align: justify\">Les sond\u00e9s \u00e9taient invit\u00e9s \u00e0 donner leur avis et leur degr\u00e9 de soutien ou d\u2019opposition \u00e0 l\u2019\u00e9gard d\u2019un ensemble de mesures de pr\u00e9vention du tabagisme et de la consommation d\u2019autres produits \u00e0 la nicotine non th\u00e9rapeutiques. L\u2019enqu\u00eate r\u00e9v\u00e8le un soutien massif \u00e0 un renforcement des mesures de pr\u00e9vention dans son ensemble. 88 % des r\u00e9pondants y sont favorables. Un contr\u00f4le rigoureux de l\u2019\u00e2ge pour les achats en ligne (92 %) est pl\u00e9biscit\u00e9 mais aussi l\u2019interdiction des cigarettes \u00e9lectroniques jetables (84 %).<\/p>\n<p style=\"text-align: justify\">Les participants soutiennent \u00e9galement l\u2019interdiction totale de la publicit\u00e9 pour le tabac (78 %), la suppression des \u00e9tals\/lin\u00e9aires des produits dans les magasins (79 %) ainsi qu\u2019une hausse de leur prix (71 %). Une majorit\u00e9 claire r\u00e9clame aussi des espaces ext\u00e9rieurs sans tabac, incluant les cours de r\u00e9cr\u00e9ation, les terrains de sport, les aires de jeux et les piscines.<\/p>\n<p style=\"text-align: justify\">Certaines propositions \u00e9taient plus discut\u00e9es, mais demeuraient soutenues par une majorit\u00e9 de personnes. Ce fut le cas de l\u2019interdiction des distributeurs automatiques de paquets de cigarettes dans les bars et l\u2019introduction du paquet neutre, pour lesquelles 64 % des personnes qui se sont exprim\u00e9es se disent tr\u00e8s ou plut\u00f4t favorables, ou encore l\u2019interdiction de fumer \u00e0 toute heure sur les terrasses des restaurants, pour laquelle 60 % se disent tr\u00e8s ou plut\u00f4t favorables.<\/p>\n<p style=\"text-align: justify\">Le <a href=\"https:\/\/www.generationsanstabac.org\/fr\/actualites\/inclusion-des-sachets-de-nicotine-dans-la-legislation-britannique-sur-la-generation-sans-tabac\/\">projet de loi du Royaume-Uni pr\u00e9voyant que les personnes n\u00e9es \u00e0 partir de 2009 ne pourront se voir vendre tout type de produits du tabac<\/a> constitue la mesure la moins tranch\u00e9e. 47 % des r\u00e9pondants de l\u2019\u00e9chantillon se sont d\u00e9clar\u00e9s tr\u00e8s ou plut\u00f4t favorables \u00e0 appliquer cette mesure en Suisse contre 43 % qui n\u2019y sont pas favorables et 10 % qui ne savent pas.<\/p>\n<p style=\"text-align: justify\">Pour huit personnes sur dix, fumer rel\u00e8ve davantage de l\u2019addiction que d\u2019un choix personnel, un avis partag\u00e9 par 70 % des fumeurs. Si les consommateurs et anciens consommateurs pouvaient revenir en arri\u00e8re, 76 % affirment qu\u2019ils ne recommenceraient probablement ou certainement pas \u00e0 fumer<em>. <\/em><\/p>\n<p style=\"text-align: justify\"><em>\u00ab Ces r\u00e9sultats montrent que la population souhaite des mesures de promotion de la sant\u00e9 plus ambitieuses. C\u2019est tr\u00e8s encourageant<\/em> \u00bb, conclut Luc Lebon, responsable du Secteur pr\u00e9vention du tabagisme d\u2019Unisant\u00e9.<\/p>\n<p style=\"text-align: justify\"><strong style=\"text-align: justify\"><a href=\"https:\/\/www.generationsanstabac.org\/\">\u00a9G\u00e9n\u00e9ration Sans Tabac<\/a><\/strong><\/p>\n<p style=\"text-align: right\"><em><strong>AD<\/strong><\/em><\/p>\n<hr \/>\n<p style=\"text-align: justify\"><a href=\"#_ftnref1\" name=\"_ftn1\">[1]<\/a>Blick, <a href=\"https:\/\/www.blick.ch\/fr\/suisse\/romande\/interdire-la-publicite-premunir-davantage-les-jeunes-contre-le-marketing-des-cigarettiers-id20907344.html\">Pr\u00e9munir davantage les jeunes contre le marketing des cigarettiers<\/a>, publi\u00e9 le 26 mai 2025, consult\u00e9 le 27 mai 2025<\/p>\n<p style=\"text-align: justify\"><a href=\"#_ftnref2\" name=\"_ftn2\">[2]<\/a>M.I.S. Trend, <a href=\"https:\/\/www.unisante.ch\/fr\/media\/1947\/download?utm_campaign=DPSP-JMST&amp;utm_source=Enqu%C3%AAte+Unisant%C3%A9+-+M...+%28Email+Marketing+cr%C3%A9%C3%A9%28es%29+le+2025-05-26%29&amp;utm_medium=Email\">Enqu\u00eate sur la perception des produits du tabac et des mesures de pr\u00e9vention<\/a>, Unisant\u00e9 \u2013 Centre universitaire de m\u00e9decine g\u00e9n\u00e9rale et sant\u00e9 publique de Lausanne, publi\u00e9 en avril 2025, consult\u00e9 le 27 mai 2025<\/p>\n<p style=\"text-align: justify\"><strong style=\"color: #999999\"><a style=\"color: #999999\" href=\"http:\/\/www.cnct.fr\/\" target=\"_blank\" rel=\"noopener noreferrer\">Comit\u00e9 national contre le tabagisme |<\/a><\/strong><\/p>\n","protected":false},"excerpt":{"rendered":"<p>On the occasion of World No Tobacco Day on May 31, 2025, Unisant\u00e9 conducted a survey of 1,070 adults representative of French-speaking Switzerland. The survey, conducted in March 2025 by the MIS Trend Institute on behalf of Unisant\u00e9, as part of the Cantonal Tobacco Prevention Program, co-financed by the Canton of Vaud and the Tobacco Prevention Fund, indicates that 90% of respondents believe that the State has a responsibility to better protect young people against tobacco industry strategies. 88% also believe that the economic interests of cigarette companies should not take precedence over those of public health. The survey highlights overwhelming public support for strong prevention measures.<\/p>","protected":false},"featured_media":24240,"template":"","tags":[],"thematique":[499],"class_list":["post-24237","actualites","type-actualites","status-publish","has-post-thumbnail","hentry","thematique-lobby"],"acf":[],"_links":{"self":[{"href":"https:\/\/www.generationsanstabac.org\/en\/wp-json\/wp\/v2\/actualites\/24237","targetHints":{"allow":["GET"]}}],"collection":[{"href":"https:\/\/www.generationsanstabac.org\/en\/wp-json\/wp\/v2\/actualites"}],"about":[{"href":"https:\/\/www.generationsanstabac.org\/en\/wp-json\/wp\/v2\/types\/actualites"}],"version-history":[{"count":4,"href":"https:\/\/www.generationsanstabac.org\/en\/wp-json\/wp\/v2\/actualites\/24237\/revisions"}],"predecessor-version":[{"id":24244,"href":"https:\/\/www.generationsanstabac.org\/en\/wp-json\/wp\/v2\/actualites\/24237\/revisions\/24244"}],"wp:featuredmedia":[{"embeddable":true,"href":"https:\/\/www.generationsanstabac.org\/en\/wp-json\/wp\/v2\/media\/24240"}],"wp:attachment":[{"href":"https:\/\/www.generationsanstabac.org\/en\/wp-json\/wp\/v2\/media?parent=24237"}],"wp:term":[{"taxonomy":"post_tag","embeddable":true,"href":"https:\/\/www.generationsanstabac.org\/en\/wp-json\/wp\/v2\/tags?post=24237"},{"taxonomy":"thematique","embeddable":true,"href":"https:\/\/www.generationsanstabac.org\/en\/wp-json\/wp\/v2\/thematique?post=24237"}],"curies":[{"name":"wp","href":"https:\/\/api.w.org\/{rel}","templated":true}]}}