{"id":24225,"date":"2025-05-31T07:00:49","date_gmt":"2025-05-31T05:00:49","guid":{"rendered":"https:\/\/www.generationsanstabac.org\/?post_type=actualites&#038;p=24225"},"modified":"2025-05-26T17:02:18","modified_gmt":"2025-05-26T15:02:18","slug":"le-nombre-de-fumeurs-continue-de-baisser-au-luxembourg","status":"publish","type":"actualites","link":"https:\/\/www.generationsanstabac.org\/en\/actualites\/le-nombre-de-fumeurs-continue-de-baisser-au-luxembourg\/","title":{"rendered":"The number of smokers continues to decline in Luxembourg"},"content":{"rendered":"<p style=\"text-align: justify\"><em>Le nombre de fumeurs au Luxembourg a encore diminu\u00e9 en 2024, selon une enqu\u00eate r\u00e9alis\u00e9e aupr\u00e8s de 3036 Luxembourgeois de 16 ans et plus, publi\u00e9e en mars 2025<a href=\"#_ftn1\" name=\"_ftnref1\"><strong>[1]<\/strong><\/a>. En 2024, 23 % des r\u00e9pondants se sont d\u00e9clar\u00e9s fumeurs contre 27 % en 2023. Cette proportion repr\u00e9sente aujourd\u2019hui environ 123 000 personnes. La pr\u00e9valence tabagique est de 15 % de fumeurs quotidiens et de 8 % d\u2019occasionnels. Le pays en revanche se caract\u00e9rise par un fort taux de tabagisme passif et le march\u00e9 tend \u00e0 \u00eatre inond\u00e9 de nouveaux produits du vapotage et de la nicotine.<\/em><\/p>\n<h2 style=\"text-align: justify\">Au Luxembourg, soutien \u00e0 l\u2019arr\u00eat du tabac<\/h2>\n<p style=\"text-align: justify\">La Fondation Cancer, \u00e0 l\u2019origine de cette \u00e9tude command\u00e9e aupr\u00e8s d\u2019Ilres en collaboration avec le minist\u00e8re de la Sant\u00e9 et de la S\u00e9curit\u00e9 sociale, se f\u00e9licite de cette baisse continue du tabagisme. Parall\u00e8lement, de plus en plus de r\u00e9sidents souhaitent arr\u00eater de fumer : 46 % disent vouloir arr\u00eater, un chiffre qui grimpe \u00e0 62 % chez les 16-24 ans. Un jeune sur deux a d\u00e9j\u00e0 tent\u00e9 d\u2019arr\u00eater, contre 34 % dans l\u2019ensemble de la population.<\/p>\n<p style=\"text-align: justify\">Dans le cadre de la Journ\u00e9e mondiale sans tabac, le 31 mai 2025, une campagne sera lanc\u00e9e pour accompagner les personnes souhaitant arr\u00eater. Des cartes d\u2019information avec un QR code redirigeant vers une plateforme r\u00e9pertoriant les structures d\u2019aide au sevrage seront distribu\u00e9es dans les h\u00f4pitaux et les cabinets m\u00e9dicaux.<\/p>\n<h2 style=\"text-align: justify\">Des inqui\u00e9tudes toutefois face aux nouveaux produits de la nicotine<\/h2>\n<p style=\"text-align: justify\">L\u2019\u00e9tude en revanche souligne la permanence de niveaux \u00e9lev\u00e9s de tabagisme passif, puisque 38 % des r\u00e9sidents disent y \u00eatre expos\u00e9s dans les lieux int\u00e9rieur, et 71 % \u00e0 l\u2019ext\u00e9rieur, notamment sur les terrasses ou aux arr\u00eats de bus. Pr\u00e8s d\u2019un tiers des jeunes y sont expos\u00e9s quotidiennement, ce qui contribue \u00e0 banaliser l\u2019usage du tabac et facilite l\u2019initiation.<\/p>\n<p style=\"text-align: justify\">Par ailleurs, la Fondation Cancer alerte sur la mont\u00e9e en fl\u00e8che de la consommation de produits nicotiniques alternatifs chez les jeunes. L\u2019enqu\u00eate r\u00e9v\u00e8le que 26 % des 16-24 ans utilisent la cigarette \u00e9lectronique, et 16 % consomment des sachets de nicotine<a href=\"#_ftn2\" name=\"_ftnref2\">[2]<\/a>.<\/p>\n<p style=\"text-align: justify\">Parmi les vapoteurs jeunes, les \u00ab\u00a0puffs\u00a0\u00bb jetables sont de loin les plus populaires, repr\u00e9sentant 93 % des usages. La Fondation s\u2019inqui\u00e8te particuli\u00e8rement de l\u2019essor des sachets de nicotine, jug\u00e9s \u00ab tr\u00e8s addictifs \u00bb, chez cette tranche d\u2019\u00e2ge. Leur usage reste plus limit\u00e9 dans les autres groupes d\u2019\u00e2ge, avec 3 % d\u2019utilisateurs chez les plus de 35 ans.<\/p>\n<p style=\"text-align: justify\">\u00ab <em>Ces r\u00e9sultats montrent que si le tabagisme traditionnel recule, de nouvelles formes de consommation prennent le relais chez les jeunes<\/em> \u00bb, d\u00e9clare Margot Heirendt, directrice de la Fondation Cancer. Elle ajoute qu\u2019\u00ab <em>Il est essentiel de r\u00e9glementer ces nouveaux produits nicotiniques pour prot\u00e9ger notre jeunesse des dangers qu\u2019ils repr\u00e9sentent.<\/em> \u00bb<\/p>\n<p style=\"text-align: justify\">Un projet de loi pr\u00e9voit d\u2019interdire la vente de sachets de nicotine aux mineurs, d\u2019en limiter la publicit\u00e9, d\u2019interdire les ar\u00f4mes attractifs et de fixer un taux maximal de nicotine.<\/p>\n<p style=\"text-align: justify\">Le Luxembourg a \u00e9t\u00e9 l\u2019un des premiers pays \u00e0 devenir Partie de la Convention-cadre de l\u2019OMS pour la lutte antitabac (CCLAT) d\u00e8s 2005, pour autant le pays est tr\u00e8s influenc\u00e9 par l\u2019industrie du tabac, qui <a href=\"https:\/\/www.generationsanstabac.org\/fr\/actualites\/des-parlementaires-veulent-mettre-fin-au-surapprovisionnement-en-tabac-du-luxembourg\/\">sur-approvisionne le pays de produits du tabac pour alimenter les fumeurs fran\u00e7ais<\/a>, favorisant les achats transfrontaliers. De plus, <a href=\"https:\/\/www.generationsanstabac.org\/fr\/actualites\/puffs-tabac-le-luxembourg-encourage-les-marches-paralleles-dans-lunion-europeenne\/\">de nombreux produits du vapotage non-conformes y sont en vente,<\/a> en particulier des \u00ab\u00a0puffs\u00a0\u00bb, ces e-cigarettes jetables, interdites \u00e0 la vente en France depuis le 26 f\u00e9vrier 2025.<\/p>\n<p style=\"text-align: justify\"><strong style=\"text-align: justify\"><a href=\"https:\/\/www.generationsanstabac.org\/\">\u00a9G\u00e9n\u00e9ration Sans Tabac<\/a><\/strong><\/p>\n<p style=\"text-align: right\"><em><strong>AD<\/strong><\/em><\/p>\n<hr \/>\n<p style=\"text-align: justify\"><a href=\"#_ftnref1\" name=\"_ftn1\">[1]<\/a>Fondation Cancer, <a href=\"https:\/\/www.cancer.lu\/sites\/default\/files\/inline-files\/Etude%20Tabac_Confe%CC%81rence%20Presse_M3S-FC_22052025.pdf\">La pr\u00e9valence tabagique au Luxembourg en 2024<\/a>, publi\u00e9 en mars 2025, consult\u00e9 le 23 mai 2025<\/p>\n<p style=\"text-align: justify\"><a href=\"#_ftnref2\" name=\"_ftn2\">[2]<\/a>Fondation Cancer, <a href=\"https:\/\/www.cancer.lu\/fr\/actualites\/tabagisme-au-luxembourg-2024-des-signes-de-recul-mais-une-inquietude-croissante-pour-les-jeunes\">Tabagisme au Luxembourg 2024 | Des signes de recul, mais une inqui\u00e9tude croissante pour les jeunes<\/a>, publi\u00e9 le 22 mai 2025, consult\u00e9 le 23 mai 2025<\/p>\n<p style=\"text-align: justify\"><strong style=\"color: #999999\"><a style=\"color: #999999\" href=\"http:\/\/www.cnct.fr\/\" target=\"_blank\" rel=\"noopener noreferrer\">Comit\u00e9 national contre le tabagisme |<\/a><\/strong><\/p>\n","protected":false},"excerpt":{"rendered":"<p>The number of smokers in Luxembourg will have declined further in 2024, according to a survey of 3,036 Luxembourgers aged 16 and over, published in March 2025. In 2024, 23% of respondents declared themselves smokers, compared to 27% in 2023. This proportion now represents approximately 123,000 people. The smoking prevalence is 15% of daily smokers and 8% of occasional smokers. The country, however, is characterized by a high rate of passive smoking, and the market is tending to be flooded with new vaping and nicotine products.<\/p>","protected":false},"featured_media":24228,"template":"","tags":[],"thematique":[474,565],"class_list":["post-24225","actualites","type-actualites","status-publish","has-post-thumbnail","hentry","thematique-sante","thematique-sensibilisation"],"acf":[],"_links":{"self":[{"href":"https:\/\/www.generationsanstabac.org\/en\/wp-json\/wp\/v2\/actualites\/24225","targetHints":{"allow":["GET"]}}],"collection":[{"href":"https:\/\/www.generationsanstabac.org\/en\/wp-json\/wp\/v2\/actualites"}],"about":[{"href":"https:\/\/www.generationsanstabac.org\/en\/wp-json\/wp\/v2\/types\/actualites"}],"version-history":[{"count":1,"href":"https:\/\/www.generationsanstabac.org\/en\/wp-json\/wp\/v2\/actualites\/24225\/revisions"}],"predecessor-version":[{"id":24229,"href":"https:\/\/www.generationsanstabac.org\/en\/wp-json\/wp\/v2\/actualites\/24225\/revisions\/24229"}],"wp:featuredmedia":[{"embeddable":true,"href":"https:\/\/www.generationsanstabac.org\/en\/wp-json\/wp\/v2\/media\/24228"}],"wp:attachment":[{"href":"https:\/\/www.generationsanstabac.org\/en\/wp-json\/wp\/v2\/media?parent=24225"}],"wp:term":[{"taxonomy":"post_tag","embeddable":true,"href":"https:\/\/www.generationsanstabac.org\/en\/wp-json\/wp\/v2\/tags?post=24225"},{"taxonomy":"thematique","embeddable":true,"href":"https:\/\/www.generationsanstabac.org\/en\/wp-json\/wp\/v2\/thematique?post=24225"}],"curies":[{"name":"wp","href":"https:\/\/api.w.org\/{rel}","templated":true}]}}