{"id":24206,"date":"2025-05-29T07:00:13","date_gmt":"2025-05-29T05:00:13","guid":{"rendered":"https:\/\/www.generationsanstabac.org\/?post_type=actualites&#038;p=24206"},"modified":"2025-05-22T17:38:35","modified_gmt":"2025-05-22T15:38:35","slug":"la-diete-polonaise-interdit-la-vente-de-toutes-les-cigarettes-electroniques-aux-mineurs-et-la-vente-en-ligne-de-e-cigs-et-de-sachets-de-nicotine","status":"publish","type":"actualites","link":"https:\/\/www.generationsanstabac.org\/en\/actualites\/la-diete-polonaise-interdit-la-vente-de-toutes-les-cigarettes-electroniques-aux-mineurs-et-la-vente-en-ligne-de-e-cigs-et-de-sachets-de-nicotine\/","title":{"rendered":"Poland bans e-cigarettes for minors and online sales of nicotine products"},"content":{"rendered":"<p style=\"text-align: justify\"><em>La Di\u00e8te polonaise (Sejm) a adopt\u00e9 une loi interdisant la vente de tous types de cigarettes \u00e9lectroniques aux personnes de moins de 18 ans<a href=\"#_ftn1\" name=\"_ftnref1\"><strong>[1]<\/strong><\/a>. La loi interdit \u00e9galement la vente en ligne de cigarettes \u00e9lectroniques et de sachets de nicotine. Cette l\u00e9gislation, rapport\u00e9e par RMF FM et relay\u00e9e par l&rsquo;agence UNN, a \u00e9t\u00e9 vot\u00e9e favorablement par 417 d\u00e9put\u00e9s sur 428. Elle sera ensuite pr\u00e9sent\u00e9e au S\u00e9nat, la chambre haute, et, si elle est adopt\u00e9e, au pr\u00e9sident pour qu&rsquo;il la signe. <\/em><\/p>\n<h2 style=\"text-align: justify\">Les produits du vapotage et de la nicotine davantage encadr\u00e9s<\/h2>\n<p style=\"text-align: justify\">Selon le texte, la vente de toutes les cigarettes \u00e9lectroniques, qu\u2019elles soient jetables ou rechargeables, avec ou sans nicotine, ainsi que les recharges sera interdite aux mineurs de moins de 18 ans. Cet interdit concerne \u00e9galement la vente aux mineurs de sachets de nicotine.<\/p>\n<p style=\"text-align: justify\">La loi interdira en outre la vente de ces produits dans les \u00e9tablissements de sant\u00e9, les \u00e9coles et autres institutions \u00e9ducatives, les infrastructures sportives et de loisirs, ainsi que dans les distributeurs automatiques et syst\u00e8mes en libre-service.<\/p>\n<p style=\"text-align: justify\">Elle restreindra \u00e9galement l&rsquo;utilisation des cigarettes \u00e9lectroniques sans nicotine dans les espaces publics, \u00e0 l&rsquo;instar des r\u00e9glementations appliqu\u00e9es aux produits du tabac traditionnels et aux cigarettes \u00e9lectroniques contenant de la nicotine<a href=\"#_ftn2\" name=\"_ftnref2\">[2]<\/a>. Sont notamment concern\u00e9s les \u00e9coles, \u00e9tablissements pr\u00e9scolaires, restaurants, arr\u00eats de transport en commun et terrains de jeux pour enfants.<\/p>\n<p style=\"text-align: justify\">Enfin, la nouvelle l\u00e9gislation introduit une interdiction de la vente \u00e0 distance, notamment via Internet, des cigarettes \u00e9lectroniques sans nicotine et des sachets de nicotine, ainsi qu&rsquo;une interdiction de leur publicit\u00e9.<\/p>\n<h2 style=\"text-align: justify\">Cette nouvelle loi s\u2019inscrit dans une vaste r\u00e9forme de la l\u00e9gislation antitabac en Pologne<\/h2>\n<p style=\"text-align: justify\">Cette interdiction globale s&rsquo;inscrit dans le cadre d&rsquo;une modification plus vaste de la l\u00e9gislation polonaise sur le tabac et la cigarette \u00e9lectronique, qui vise \u00e0 prot\u00e9ger les jeunes contre la d\u00e9pendance \u00e0 la nicotine et d&rsquo;autres risques pour la sant\u00e9. Le pays est devenu Partie au trait\u00e9 de la Convention-cadre de l\u2019OMS pour la lutte antitabac en 2006 et avait adopt\u00e9 depuis lors diff\u00e9rentes dispositions pour lutter contre le tabagisme.<\/p>\n<p style=\"text-align: justify\">La Pologne disposait d\u00e9j\u00e0 de lois interdisant la vente de cigarettes aux mineurs, mais elle est aujourd\u2019hui \u00e9tendue \u00e0 tout type de cigarette \u00e9lectronique et aux sachets de nicotine et autres produits de nicotine \u00e0 usage oral.<\/p>\n<p style=\"text-align: justify\">Par ailleurs, le minist\u00e8re de la sant\u00e9 pr\u00e9pare un deuxi\u00e8me paquet l\u00e9gislatif qui irait encore plus loin<a href=\"#_ftn3\" name=\"_ftnref3\">[3]<\/a>. Ce projet interdirait la vente d&rsquo;e-cigarettes jetables et de sachets de nicotine aromatis\u00e9e, ainsi que pour tout autre produit similaire non couvert par la loi actuelle.<\/p>\n<p style=\"text-align: justify\">Le vice-ministre de la sant\u00e9, Wojciech Konieczny, a d\u00e9clar\u00e9 que la proposition pourrait faire l&rsquo;objet d&rsquo;une longue proc\u00e9dure de notification \u00e0 Bruxelles, qui pourrait durer un an ou plus.<\/p>\n<p style=\"text-align: justify\">La Pologne a r\u00e9duit de mani\u00e8re significative sa pr\u00e9valence tabagique au cours de ces derni\u00e8res d\u00e9cennies. Entre 2000 et 2020, la pr\u00e9valence du tabagisme chez les adultes polonais de 15 ans et plus a diminu\u00e9 de 39,6 % \u00e0 24 %<a href=\"#_ftn4\">[4]<\/a>. N\u00e9anmoins, le taux de fumeurs demeure important en population adulte et chez les jeunes tandis que la consommation de nouveaux produits \u00e0 la nicotine tels les cigarettes \u00e9lectroniques \u00e9merge avec 4 % de la population d\u00e9clarant en consommer r\u00e9guli\u00e8rement et 13 % ayant d\u00e9j\u00e0 test\u00e9 ces produits.<\/p>\n<p style=\"text-align: justify\"><a href=\"#_ftn4\" name=\"_ftnref4\"><\/a><\/p>\n<p style=\"text-align: justify\">Dans les pays frontaliers, des efforts dans ce sens ont aussi \u00e9t\u00e9 men\u00e9s, comme <a href=\"https:\/\/www.generationsanstabac.org\/fr\/actualites\/ukraine-volodymyr-zelensky-signe-une-loi-sur-laugmentation-des-droits-daccise-sur-le-tabac\/\">l\u2019Ukraine<\/a> qui a r\u00e9cemment vot\u00e9 une hausse des taux d\u2019accise sur les produits du tabac et les dispositifs de vapotage ou <a href=\"https:\/\/www.generationsanstabac.org\/fr\/actualites\/la-republique-tcheque-souhaite-interdire-les-aromes-pour-les-produits-du-vapotage\/\">la R\u00e9publique tch\u00e8que<\/a> qui envisage d\u2019interdire les vapes aromatis\u00e9es.<\/p>\n<p style=\"text-align: justify\"><strong style=\"text-align: justify\"><a href=\"https:\/\/www.generationsanstabac.org\/\">\u00a9G\u00e9n\u00e9ration Sans Tabac<\/a><\/strong><\/p>\n<p style=\"text-align: right\"><em><strong>AD<\/strong><\/em><\/p>\n<hr \/>\n<p style=\"text-align: justify\"><a href=\"#_ftnref1\" name=\"_ftn1\">[1]<\/a>UNN, <a href=\"https:\/\/unn.ua\/en\/news\/poland-has-banned-the-sale-of-electronic-cigarettes-to-minors\">Poland has banned the sale of electronic cigarettes to minors<\/a>, publi\u00e9 le 22 mai 2025, consult\u00e9 le 22 mai 2025<\/p>\n<p style=\"text-align: justify\"><a href=\"#_ftnref2\" name=\"_ftn2\">[2]<\/a>TVP World, <a href=\"https:\/\/tvpworld.com\/86834937\/polands-lower-house-of-parliament-approves-ban-on-selling-vapes-to-minors\">Poland\u2019s lower house of parliament approves ban on selling vapes to minors<\/a>, publi\u00e9 le 21 mai 2025, consult\u00e9 le 22 mai 2025<\/p>\n<p style=\"text-align: justify\"><a href=\"#_ftnref3\" name=\"_ftn3\">[3]<\/a>Polskie Radio, <a href=\"https:\/\/www.polskieradio.pl\/395\/7786\/Artykul\/3527074,polish-mps-back-full-ecigarette-sales-ban-for-minors\">Polish MPs back full e-cigarette sales ban for minors<\/a>, publi\u00e9 le 22 mai 2025, consult\u00e9 le 22 mai 2025<\/p>\n<p style=\"text-align: justify\"><a href=\"#_ftnref4\" name=\"_ftn4\">[4]<\/a>Index Mundi, <a href=\"https:\/\/www.indexmundi.com\/facts\/poland\/smoking-prevalence\">Poland &#8211; Smoking prevalence<\/a>, mis \u00e0 jour le 28 d\u00e9cembre 2019, consult\u00e9 le 22 mai 2025<\/p>\n<p style=\"text-align: justify\"><strong style=\"color: #999999\"><a style=\"color: #999999\" href=\"http:\/\/www.cnct.fr\/\" target=\"_blank\" rel=\"noopener noreferrer\">Comit\u00e9 national contre le tabagisme |<\/a><\/strong><\/p>\n","protected":false},"excerpt":{"rendered":"<p>The Polish Parliament (Sejm) has passed a law banning the sale of all types of e-cigarettes to people under 18. The law also prohibits the online sale of e-cigarettes and nicotine pouches. This legislation, reported by RMF FM and relayed by the UNN news agency, was approved by 417 out of 428 deputies. It will then be presented to the Senate, the upper house, and, if passed, to the president for his signature.<\/p>","protected":false},"featured_media":24209,"template":"","tags":[],"thematique":[491],"class_list":["post-24206","actualites","type-actualites","status-publish","has-post-thumbnail","hentry","thematique-politiques-publiques"],"acf":[],"_links":{"self":[{"href":"https:\/\/www.generationsanstabac.org\/en\/wp-json\/wp\/v2\/actualites\/24206","targetHints":{"allow":["GET"]}}],"collection":[{"href":"https:\/\/www.generationsanstabac.org\/en\/wp-json\/wp\/v2\/actualites"}],"about":[{"href":"https:\/\/www.generationsanstabac.org\/en\/wp-json\/wp\/v2\/types\/actualites"}],"version-history":[{"count":4,"href":"https:\/\/www.generationsanstabac.org\/en\/wp-json\/wp\/v2\/actualites\/24206\/revisions"}],"predecessor-version":[{"id":24215,"href":"https:\/\/www.generationsanstabac.org\/en\/wp-json\/wp\/v2\/actualites\/24206\/revisions\/24215"}],"wp:featuredmedia":[{"embeddable":true,"href":"https:\/\/www.generationsanstabac.org\/en\/wp-json\/wp\/v2\/media\/24209"}],"wp:attachment":[{"href":"https:\/\/www.generationsanstabac.org\/en\/wp-json\/wp\/v2\/media?parent=24206"}],"wp:term":[{"taxonomy":"post_tag","embeddable":true,"href":"https:\/\/www.generationsanstabac.org\/en\/wp-json\/wp\/v2\/tags?post=24206"},{"taxonomy":"thematique","embeddable":true,"href":"https:\/\/www.generationsanstabac.org\/en\/wp-json\/wp\/v2\/thematique?post=24206"}],"curies":[{"name":"wp","href":"https:\/\/api.w.org\/{rel}","templated":true}]}}