{"id":24041,"date":"2025-05-08T07:00:50","date_gmt":"2025-05-08T05:00:50","guid":{"rendered":"https:\/\/www.generationsanstabac.org\/?post_type=actualites&#038;p=24041"},"modified":"2025-05-12T15:50:25","modified_gmt":"2025-05-12T13:50:25","slug":"etats-unis-la-co-utilisation-des-sachets-de-nicotine-et-des-e-cigarettes-chez-les-lyceens-inquiete","status":"publish","type":"actualites","link":"https:\/\/www.generationsanstabac.org\/en\/actualites\/etats-unis-la-co-utilisation-des-sachets-de-nicotine-et-des-e-cigarettes-chez-les-lyceens-inquiete\/","title":{"rendered":"United States: Co-use of nicotine pouches and e-cigarettes among high school students raises concerns"},"content":{"rendered":"<p style=\"text-align: justify\"><em>Une \u00e9tude<a href=\"#_ftn1\" name=\"_ftnref1\"><strong>[1]<\/strong><\/a> \u00e9tats-unienne de grande ampleur, publi\u00e9e dans le JAMA Network Open en mai 2025, met en \u00e9vidence une progression significative de l\u2019usage des sachets de nicotine chez les adolescents, parall\u00e8lement \u00e0 une co-utilisation notable avec les cigarettes \u00e9lectroniques. Cette \u00e9volution des pratiques soul\u00e8ve de nouvelles pr\u00e9occupations en mati\u00e8re de sant\u00e9 publique, dans un contexte de diversification des produits nicotiniques selon les auteurs.<\/em><\/p>\n<p style=\"text-align: justify\">L\u2019\u00e9tude, conduite par une \u00e9quipe de chercheurs de l\u2019Universit\u00e9 de Californie \u00e0 San Diego, repose sur une enqu\u00eate transversale men\u00e9e en milieu scolaire aux \u00c9tats-Unis. Les donn\u00e9es ont \u00e9t\u00e9 collect\u00e9es entre octobre 2023 et f\u00e9vrier 2024 aupr\u00e8s de 10 400 \u00e9l\u00e8ves de 10e et 12e ann\u00e9e (\u00e9quivalents des classes de seconde et terminale en France), issus de 32 \u00e9tablissements scolaires r\u00e9partis sur sept \u00c9tats.<\/p>\n<p style=\"text-align: justify\">Les questionnaires administr\u00e9s ont permis de mesurer l\u2019usage des sachets de nicotine, des cigarettes \u00e9lectroniques ainsi que leur co-utilisation, sur des p\u00e9riodes allant des 30 jours aux 12 mois pr\u00e9c\u00e9dant l\u2019enqu\u00eate. Les analyses ont \u00e9t\u00e9 ajust\u00e9es en fonction de plusieurs variables sociod\u00e9mographiques, notamment le sexe, le groupe ethnique, le niveau scolaire et le type de zone g\u00e9ographique (urbaine, rurale ou mixte).<\/p>\n<h2 style=\"text-align: justify\"><strong>Des chiffres pr\u00e9occupants sur l\u2019essor des sachets nicotin\u00e9s<\/strong><\/h2>\n<p style=\"text-align: justify\">Les r\u00e9sultats r\u00e9v\u00e8lent une progression marqu\u00e9e de l\u2019usage des sachets de nicotine chez les adolescents, tant en usage seul qu\u2019en co-utilisation avec les cigarettes \u00e9lectroniques.<\/p>\n<p style=\"text-align: justify\">En 2023, 3 % des \u00e9l\u00e8ves d\u00e9claraient avoir utilis\u00e9 des sachets de nicotine au cours des 30 jours pr\u00e9c\u00e9dant l\u2019enqu\u00eate. Ce chiffre est pass\u00e9 \u00e0 5,4 % en 2024, ce qui repr\u00e9sente une augmentation relative de 80 %. Par ailleurs, 4,7 % des \u00e9l\u00e8ves d\u00e9claraient avoir utilis\u00e9 des sachets de nicotine au cours des 12 mois \u00e9coul\u00e9s avant l\u2019enqu\u00eate de 2023 ; cette proportion est mont\u00e9e \u00e0 7,1 % un an plus tard.<\/p>\n<p style=\"text-align: justify\">Concernant les cigarettes \u00e9lectroniques, la pr\u00e9valence d\u2019usage au cours des 30 jours pr\u00e9c\u00e9dant l\u2019enqu\u00eate a l\u00e9g\u00e8rement diminu\u00e9, passant de 20% en 2023 \u00e0 17,6 % en 2024. Cependant, la baisse reste limit\u00e9e et ne compense pas l\u2019essor des nouveaux produits.<\/p>\n<p style=\"text-align: justify\">L\u2019\u00e9tude met \u00e9galement en lumi\u00e8re une augmentation de la co-utilisation. En 2023, 2,1 % des \u00e9l\u00e8ves d\u00e9claraient avoir utilis\u00e9 \u00e0 la fois des sachets de nicotine et des e-cigarettes dans les 12 mois qui pr\u00e9c\u00e9daient. Cette proportion est pass\u00e9e \u00e0 3,6 % en 2024, soit une hausse relative de 71 %. Cette co-utilisation concerne principalement les \u00e9l\u00e8ves ayant d\u00e9clar\u00e9 un usage fr\u00e9quent de l\u2019un ou l\u2019autre produit.<\/p>\n<p style=\"text-align: justify\">Sur le plan d\u00e9mographique, l\u2019usage des sachets de nicotine est plus \u00e9lev\u00e9 chez les gar\u00e7ons (8,2 % contre 2,3 % chez les filles pour un usage d\u00e9clar\u00e9 au cours des 12 mois pr\u00e9c\u00e9dant l\u2019enqu\u00eate en 2024). La pr\u00e9valence est \u00e9galement plus \u00e9lev\u00e9e chez les \u00e9l\u00e8ves blancs non hispaniques (9,7 %), ainsi que chez les adolescents vivant en zones rurales (7,3 %, contre 4,2 % en zone urbaine). Le recours aux sachets de nicotine semble \u00e9galement plus fr\u00e9quent chez les \u00e9l\u00e8ves scolaris\u00e9s en terminale, sugg\u00e9rant une exposition croissante avec l\u2019\u00e2ge.<\/p>\n<h2 style=\"text-align: justify\"><strong>Une diversification des produits qui complexifie la pr\u00e9vention<\/strong><\/h2>\n<p style=\"text-align: justify\">Les donn\u00e9es recueillies dans cette \u00e9tude soulignent l\u2019\u00e9mergence rapide des sachets de nicotine dans les pratiques de consommation des adolescents aux \u00c9tats-Unis, dans un contexte de mutation des produits du march\u00e9 nicotinique. Ces produits, souvent aromatis\u00e9s et conditionn\u00e9s dans des emballages attractifs mais pouvant \u00eatre consomm\u00e9s discr\u00e8tement, b\u00e9n\u00e9ficient d\u2019une image per\u00e7ue comme moins nocive ou plus \u00ab acceptable \u00bb que les cigarettes \u00e9lectroniques ou les cigarettes de tabac traditionnelles. Leur mode de consommation sans fum\u00e9e ni vapeur les rend plus faciles \u00e0 dissimuler en milieu scolaire.<\/p>\n<p style=\"text-align: justify\">La progression de l\u2019usage des sachets de nicotine, combin\u00e9e \u00e0 leur co-utilisation avec les e-cigarettes, conduit les chercheurs \u00e0 alerter sur un ph\u00e9nom\u00e8ne de compl\u00e9mentarit\u00e9 et non de substitution. En d\u2019autres termes, la consommation de ces nouveaux produits ne remplace pas celle des cigarettes \u00e9lectroniques, mais s\u2019y ajoute dans les parcours de consommation des jeunes. Cela soul\u00e8ve des questions cruciales sur le r\u00f4le de ces produits dans l\u2019initiation \u00e0 la nicotine, les risques de d\u00e9pendance accrue, et la difficult\u00e9 de mettre en place des strat\u00e9gies de pr\u00e9vention efficaces dans le cadre d\u2019un march\u00e9 en constante diversification.<\/p>\n<p style=\"text-align: justify\">Enfin, les auteurs soulignent la n\u00e9cessit\u00e9 d\u2019un encadrement plus strict de ces produits, notamment en ce qui concerne l\u2019acc\u00e8s des mineurs, les ar\u00f4mes, l\u2019\u00e9tiquetage et la publicit\u00e9. Ils recommandent de mettre en place un suivi \u00e9pid\u00e9miologique renforc\u00e9. En Europe o\u00f9 ces produits sont encore peu visibles mais commencent \u00e0 \u00eatre diffuser comme en France, ces donn\u00e9es constituent un signal d\u2019alerte important.<\/p>\n<p style=\"text-align: justify\"><strong style=\"text-align: justify\"><a href=\"https:\/\/www.generationsanstabac.org\/\">\u00a9G\u00e9n\u00e9ration Sans Tabac<\/a><\/strong><\/p>\n<p style=\"text-align: right\"><em><strong>AE<\/strong><\/em><\/p>\n<hr \/>\n<p style=\"text-align: justify\"><a href=\"#_ftnref1\" name=\"_ftn1\">[1]<\/a> Han D,\u00a0Harlow AF,\u00a0Miech RA, et al. <a href=\"https:\/\/jamanetwork.com\/journals\/jamanetworkopen\/fullarticle\/2833331?resultClick=1\">Nicotine Pouch and E-Cigarette Use and Co-Use Among US Youths in 2023 and 2024<\/a>.\u00a0<em>JAMA Netw Open.<\/em>\u00a02025;8(4):e256739. doi:10.1001\/jamanetworkopen.2025.6739<\/p>\n<p><strong style=\"color: #999999\"><a style=\"color: #999999\" href=\"http:\/\/www.cnct.fr\/\" target=\"_blank\" rel=\"noopener noreferrer\">Comit\u00e9 national contre le tabagisme |<\/a><\/strong><\/p>\n","protected":false},"excerpt":{"rendered":"<p>A large-scale US study, published in JAMA Network Open in May 2025, highlights a significant increase in the use of nicotine pouches among adolescents, alongside notable co-use with e-cigarettes. This shift in practices raises new public health concerns, in a context of diversification of nicotine products, according to the authors.<\/p>","protected":false},"featured_media":23416,"template":"","tags":[],"thematique":[474],"class_list":["post-24041","actualites","type-actualites","status-publish","has-post-thumbnail","hentry","thematique-sante"],"acf":[],"_links":{"self":[{"href":"https:\/\/www.generationsanstabac.org\/en\/wp-json\/wp\/v2\/actualites\/24041","targetHints":{"allow":["GET"]}}],"collection":[{"href":"https:\/\/www.generationsanstabac.org\/en\/wp-json\/wp\/v2\/actualites"}],"about":[{"href":"https:\/\/www.generationsanstabac.org\/en\/wp-json\/wp\/v2\/types\/actualites"}],"version-history":[{"count":1,"href":"https:\/\/www.generationsanstabac.org\/en\/wp-json\/wp\/v2\/actualites\/24041\/revisions"}],"predecessor-version":[{"id":24050,"href":"https:\/\/www.generationsanstabac.org\/en\/wp-json\/wp\/v2\/actualites\/24041\/revisions\/24050"}],"wp:featuredmedia":[{"embeddable":true,"href":"https:\/\/www.generationsanstabac.org\/en\/wp-json\/wp\/v2\/media\/23416"}],"wp:attachment":[{"href":"https:\/\/www.generationsanstabac.org\/en\/wp-json\/wp\/v2\/media?parent=24041"}],"wp:term":[{"taxonomy":"post_tag","embeddable":true,"href":"https:\/\/www.generationsanstabac.org\/en\/wp-json\/wp\/v2\/tags?post=24041"},{"taxonomy":"thematique","embeddable":true,"href":"https:\/\/www.generationsanstabac.org\/en\/wp-json\/wp\/v2\/thematique?post=24041"}],"curies":[{"name":"wp","href":"https:\/\/api.w.org\/{rel}","templated":true}]}}