{"id":23925,"date":"2025-04-21T07:00:29","date_gmt":"2025-04-21T05:00:29","guid":{"rendered":"https:\/\/www.generationsanstabac.org\/?post_type=actualites&#038;p=23925"},"modified":"2025-04-22T09:11:59","modified_gmt":"2025-04-22T07:11:59","slug":"suisse-une-campagne-pour-sensibiliser-les-jeunes-valaisans-aux-nouveaux-produits-de-la-nicotine","status":"publish","type":"actualites","link":"https:\/\/www.generationsanstabac.org\/en\/actualites\/suisse-une-campagne-pour-sensibiliser-les-jeunes-valaisans-aux-nouveaux-produits-de-la-nicotine\/","title":{"rendered":"Switzerland: a campaign to raise awareness among young people in Valais about new nicotine products"},"content":{"rendered":"<p style=\"text-align: justify\"><em>Promotion sant\u00e9 Valais, via le CIPRET (Centre d\u2019information et de pr\u00e9vention du tabagisme), lance une campagne intitul\u00e9e \u00ab\u00a0Nicotine Gang\u00a0\u00bb pour sensibiliser les adolescents et jeunes adultes aux risques associ\u00e9s \u00e0 l\u2019utilisation des puffs et d\u2019autres produits de la nicotine (sachets de nicotine, snus). <\/em><em>La campagne, d\u00e9ploy\u00e9e sur TikTok et Snapchat du 15 au 28 avril 2025, prend la forme de deux clips en fran\u00e7ais et allemand redirigeant les internautes vers une page d\u2019information<a href=\"#_ftn1\" name=\"_ftnref1\"><strong>[1]<\/strong><\/a>.<\/em><\/p>\n<h2 style=\"text-align: justify\">Une campagne pour alerter sur les risques des produits nicotin\u00e9s<\/h2>\n<p style=\"text-align: justify\">\u00ab <em>Cette initiative intervient dans un contexte o\u00f9 la l\u00e9gislation valaisanne va interdire prochainement la publicit\u00e9 pour tous les produits nicotin\u00e9s dans les lieux de vente, et interdire la vente des puffs<\/em> \u00bb, a rappel\u00e9 Promotion sant\u00e9 Valais dans un communiqu\u00e9. Dans ce canton, l\u2019interdiction des puffs a \u00e9t\u00e9 vot\u00e9e par le Grand Conseil valaisan le 14 novembre 2024 mais n\u2019est pas encore entr\u00e9e en vigueur<a href=\"#_ftn2\" name=\"_ftnref2\">[2]<\/a>.<\/p>\n<p style=\"text-align: justify\">La campagne \u00ab\u00a0Nicotine Gang \u00bb s\u2019inscrit dans le cadre d\u2019un effort de plaidoyer appelant \u00e0 compl\u00e9ter les dispositions l\u00e9gislatives actuelles en montrant la dangerosit\u00e9 \u00e0 court terme de ces produits. Par ailleurs, la campagne informe les jeunes tr\u00e8s cibl\u00e9s par ces produits sur les dispositifs et soutiens \u00e0 l\u2019arr\u00eat sur lesquels s\u2019appuyer. Le\u00a0clip sur les puffs\u00a0informe des risques d&rsquo;addiction \u00e0 ces produits tandis que\u00a0celui sur les produits oraux de la nicotine\u00a0avertit des effets n\u00e9gatifs sur la sant\u00e9 buccale.\u00a0Un clic am\u00e8ne les internautes sur une page d\u2019information\u00a0permettant d\u2019approfondir les connaissances mais aussi de poser des questions sur les sites qui leurs sont d\u00e9di\u00e9s<a href=\"#_ftn3\" name=\"_ftnref3\">[3]<\/a>.<\/p>\n<p style=\"text-align: justify\">Cette premi\u00e8re phase pilote sera \u00e9valu\u00e9e et, en fonction des r\u00e9sultats, la campagne sera ajust\u00e9e le cas \u00e9ch\u00e9ant. Elle est amen\u00e9e \u00e0 \u00eatre d\u00e9velopp\u00e9e en fonction des nouveaux produits qui arrivent sur le march\u00e9. Des discussions sont en cours pour un d\u00e9ploiement dans d\u2019autres cantons, dont Gen\u00e8ve.<\/p>\n<h2 style=\"text-align: justify\">La Suisse reste largement influenc\u00e9e par l\u2019industrie du tabac<\/h2>\n<p style=\"text-align: justify\">Une enqu\u00eate r\u00e9alis\u00e9e en ao\u00fbt 2022 aupr\u00e8s des jeunes Romands a r\u00e9v\u00e9l\u00e9 que pr\u00e8s de 59 % d\u2019entre eux avaient d\u00e9j\u00e0 exp\u00e9riment\u00e9 les puffs et que 12 % en consommaient r\u00e9guli\u00e8rement<a href=\"#_ftn4\" name=\"_ftnref4\">[4]<\/a>. \u00ab <em>Ces cigarettes \u00e9lectroniques jetables suscitent un fort attrait aupr\u00e8s des jeunes en raison de la diversit\u00e9 de leurs saveurs (63 %), de l\u2019absence d\u2019odeur de tabac (40 %) et de la simplicit\u00e9 de leur utilisation (30 %)<\/em> \u00bb, souligne le communiqu\u00e9. Celles-ci sont achetables facilement, une\u00a0enqu\u00eate\u00a0men\u00e9e par AT Suisse en mars 2024 ayant r\u00e9v\u00e9l\u00e9 que 108 sites internet suisses ont vendu des dispositifs de vapotage, dont des puffs avec un r\u00e9servoir d\u00e9passant la limite autoris\u00e9e de 2ml<a href=\"#_ftn5\" name=\"_ftnref5\">[5]<\/a>. En outre, la part des 15-19 ans consommant du tabac est de 21,1%. Elle se compose de 9 % de fumeurs quotidiens et de 12,1 % de fumeurs occasionnels.<\/p>\n<p style=\"text-align: justify\">Le pays accuse encore un retard important dans la lutte antitabac, n\u2019ayant pas ratifi\u00e9 la Convention-cadre de l\u2019OMS pour la lutte antitabac (CCLAT). L&rsquo;industrie du tabac y est fortement implant\u00e9e avec la pr\u00e9sence de Japan Tobacco et surtout Philip Morris qui y a implant\u00e9 son si\u00e8ge social et des sites de production. L\u2019industrie du tabac d\u00e9ploie de nombreuses tactiques dans le pays pour emp\u00eacher, retarder et affaiblir les politiques destin\u00e9es \u00e0 r\u00e9duire le tabagisme. Elle a ainsi recours au lobbying direct, \u00e0 des groupes de fa\u00e7ade, \u00e0 des campagnes de relations publiques ou au financement de campagnes politiques. Les industriels du tabac financent \u00e9galement les universit\u00e9s suisses avec une v\u00e9ritable instrumentalisation et manipulation de la recherche scientifique<a href=\"#_ftn6\" name=\"_ftnref6\">[6]<\/a>. Enfin, les fabricants sont \u00e9galement actifs dans le pays dans le domaine des actions philanthropiques dans les domaines culturel et social afin de cr\u00e9er un\u00a0cadre r\u00e9glementaire favorable et d\u00e9ployer une publicit\u00e9 indirecte<a href=\"#_ftn7\" name=\"_ftnref7\">[7]<\/a>.<\/p>\n<p style=\"text-align: justify\">Dans ce contexte permissif, l\u2019arriv\u00e9e de nouveaux<a href=\"https:\/\/www.generationsanstabac.org\/fr\/decryptages\/la-6-methyl-nicotine-une-molecule-de-synthese-presente-dans-les-produits-du-vapotage-et-sachets-oraux\/\"> produits \u00e0 base de 6-m\u00e9thyl-nicotine a r\u00e9cemment \u00e9t\u00e9 identifi\u00e9e<\/a> en ligne ou dans des points de vente sp\u00e9cialis\u00e9s en Suisse. Il s\u2019agissait plus particuli\u00e8rement de vapes jetables et de produits oraux similaires aux sachets de nicotine. Ce nouvel analogue de la nicotine pourrait avoir des effets encore plus puissants et addictifs que la nicotine traditionnelle, et suscite des inqui\u00e9tudes parmi les experts en sant\u00e9 publique.<\/p>\n<p style=\"text-align: justify\">Illustrant le poids de l\u2019industrie du tabac dans le pays et son influence dans les politiques publiques, le pays a \u00e9t\u00e9 class\u00e9 avant-dernier dans l&rsquo;\u00e9chelle europ\u00e9enne de contr\u00f4le du tabac 2021 (la Suisse est 36e sur 37) et dans l&rsquo;indice mondial d&rsquo;interf\u00e9rence de l&rsquo;industrie du tabac 2023 qui classe la Suisse au 89e\u00a0rang sur les 90 pays \u00e9tudi\u00e9s.<\/p>\n<p style=\"text-align: justify\"><strong style=\"text-align: justify\"><a href=\"https:\/\/www.generationsanstabac.org\/\">\u00a9G\u00e9n\u00e9ration Sans Tabac<\/a><\/strong><\/p>\n<p style=\"text-align: right\"><em><strong>AD<\/strong><\/em><\/p>\n<hr \/>\n<p style=\"text-align: justify\"><a href=\"#_ftnref1\" name=\"_ftn1\">[1]<\/a>Keystone \u2013 ATS, <a href=\"https:\/\/www.lenouvelliste.ch\/valais\/une-campagne-pour-sensibiliser-les-jeunes-valaisans-aux-mefaits-du-tabagisme-1448799\">Une campagne pour sensibiliser les jeunes Valaisans aux m\u00e9faits du tabagisme<\/a>, Le Nouvelliste, publi\u00e9 le 15 avril 2025, consult\u00e9 le 16 avril 2025<\/p>\n<p style=\"text-align: justify\"><a href=\"#_ftnref2\" name=\"_ftn2\">[2]<\/a>G\u00e9n\u00e9ration sans tabac, <a href=\"https:\/\/www.generationsanstabac.org\/fr\/actualites\/suisse-le-canton-de-valais-interdit-les-puffs\/\">Suisse : le canton de Valais interdit les puffs<\/a>, publi\u00e9 le 20 novembre 2024, consult\u00e9 le 16 avril 2025<\/p>\n<p style=\"text-align: justify\"><a href=\"#_ftnref3\" name=\"_ftn3\">[3]<\/a>Promotion sant\u00e9 Valais, <a href=\"https:\/\/www.promotionsantevalais.ch\/fr\/nicotine-gang-campagne-sensibilisation-jeunes-4946.html\">Nicotine Gang : Une campagne de sensibilisation des jeunes aux dangers des produits nicotin\u00e9s<\/a>, consult\u00e9 le 16 avril 2025<\/p>\n<p style=\"text-align: justify\"><a href=\"#_ftnref4\" name=\"_ftn4\">[4]<\/a>Chok L, Cros J, Lebon L, Z\u00fcrcher K, Dubuis A, Berthouzoz C, Suris JC, Barrense-Dias Y, <a href=\"https:\/\/serval.unil.ch\/resource\/serval:BIB_EF791F3BB6B3.P003\/REF\">Enqu\u00eate sur l&rsquo;usage et les repr\u00e9sentations des cigarettes \u00e9lectroniques jetables (puffs) parmi les jeunes romand\u00b7es<\/a>, Lausanne, Unisant\u00e9 \u2013 Centre universitaire de m\u00e9decine g\u00e9n\u00e9rale et sant\u00e9 publique, 2023 (Raisons de sant\u00e9 344)<\/p>\n<p style=\"text-align: justify\"><a href=\"#_ftnref5\" name=\"_ftn5\">[5]<\/a>G\u00e9n\u00e9ration sans tabac, <a href=\"https:\/\/www.generationsanstabac.org\/fr\/actualites\/europe-vente-illegale-de-puffs-sur-internet\/\">Europe : vente ill\u00e9gale de puffs sur Internet<\/a>, publi\u00e9 le 17 septembre 2024, consult\u00e9 le 16 avril 2025<\/p>\n<p style=\"text-align: justify\"><a href=\"#_ftnref6\" name=\"_ftn6\">[6]<\/a>G\u00e9n\u00e9ration sans tabac, <a href=\"https:\/\/www.generationsanstabac.org\/fr\/decryptages\/comment-la-suisse-affaiblit-la-lutte-mondiale-contre-le-tabagisme-et-la-preservation-des-droits-humains\/\">Comment la Suisse affaiblit la lutte mondiale contre le tabagisme et la pr\u00e9servation des droits humains<\/a>, publi\u00e9 le 22 octobre 2024, consult\u00e9 le 16 avril 2025<\/p>\n<p style=\"text-align: justify\"><a href=\"#_ftnref7\" name=\"_ftn7\">[7]<\/a>G\u00e9n\u00e9ration sans tabac, <a href=\"https:\/\/www.generationsanstabac.org\/fr\/actualites\/suisse-les-actions-philanthropiques-de-lindustrie-du-tabac-au-service-de-leurs-interets-commerciaux\/\">Suisse : les actions \u00ab philanthropiques \u00bb de l\u2019industrie du tabac au service de leurs int\u00e9r\u00eats commerciaux<\/a>, publi\u00e9 le 29 novembre 2024, consult\u00e9 le 16 avril 2025<\/p>\n<p style=\"text-align: justify\"><strong style=\"color: #999999\"><a style=\"color: #999999\" href=\"http:\/\/www.cnct.fr\/\" target=\"_blank\" rel=\"noopener noreferrer\">Comit\u00e9 national contre le tabagisme |<\/a><\/strong><\/p>\n","protected":false},"excerpt":{"rendered":"<p>Promotion sant\u00e9 Valais, through CIPRET (Smoking Information and Prevention Center), is launching a campaign called &quot;Nicotine Gang&quot; to raise awareness among adolescents and young adults about the risks associated with the use of puffs and other nicotine products (nicotine pouches, snus). The campaign, which will run on TikTok and Snapchat from April 15 to 28, 2025, takes the form of two clips in French and German redirecting Internet users to an information page.<\/p>","protected":false},"featured_media":23928,"template":"","tags":[],"thematique":[499,565],"class_list":["post-23925","actualites","type-actualites","status-publish","has-post-thumbnail","hentry","thematique-lobby","thematique-sensibilisation"],"acf":[],"_links":{"self":[{"href":"https:\/\/www.generationsanstabac.org\/en\/wp-json\/wp\/v2\/actualites\/23925","targetHints":{"allow":["GET"]}}],"collection":[{"href":"https:\/\/www.generationsanstabac.org\/en\/wp-json\/wp\/v2\/actualites"}],"about":[{"href":"https:\/\/www.generationsanstabac.org\/en\/wp-json\/wp\/v2\/types\/actualites"}],"version-history":[{"count":1,"href":"https:\/\/www.generationsanstabac.org\/en\/wp-json\/wp\/v2\/actualites\/23925\/revisions"}],"predecessor-version":[{"id":23929,"href":"https:\/\/www.generationsanstabac.org\/en\/wp-json\/wp\/v2\/actualites\/23925\/revisions\/23929"}],"wp:featuredmedia":[{"embeddable":true,"href":"https:\/\/www.generationsanstabac.org\/en\/wp-json\/wp\/v2\/media\/23928"}],"wp:attachment":[{"href":"https:\/\/www.generationsanstabac.org\/en\/wp-json\/wp\/v2\/media?parent=23925"}],"wp:term":[{"taxonomy":"post_tag","embeddable":true,"href":"https:\/\/www.generationsanstabac.org\/en\/wp-json\/wp\/v2\/tags?post=23925"},{"taxonomy":"thematique","embeddable":true,"href":"https:\/\/www.generationsanstabac.org\/en\/wp-json\/wp\/v2\/thematique?post=23925"}],"curies":[{"name":"wp","href":"https:\/\/api.w.org\/{rel}","templated":true}]}}