{"id":23775,"date":"2025-04-03T07:00:40","date_gmt":"2025-04-03T05:00:40","guid":{"rendered":"https:\/\/www.generationsanstabac.org\/?post_type=actualites&#038;p=23775"},"modified":"2025-04-01T14:23:47","modified_gmt":"2025-04-01T12:23:47","slug":"belgique-les-produits-du-tabac-et-du-vapotage-ne-peuvent-plus-etre-visibles-dans-les-magasins","status":"publish","type":"actualites","link":"https:\/\/www.generationsanstabac.org\/en\/actualites\/belgique-les-produits-du-tabac-et-du-vapotage-ne-peuvent-plus-etre-visibles-dans-les-magasins\/","title":{"rendered":"Belgium: Tobacco and vaping products can no longer be displayed in stores"},"content":{"rendered":"<p style=\"text-align: justify\"><em>\u00c0 partir du 1er avril 2025, les produits du tabac et du vapotage ne pourront plus \u00eatre expos\u00e9s dans les points de vente en Belgique, conform\u00e9ment \u00e0 un amendement \u00e0 la loi de protection de la sant\u00e9 des consommateurs du 24 janvier 1977. Cette interdiction concerne les cigarettes, cigares, cigarillos, papiers \u00e0 rouler, filtres, le tabac \u00e0 pipe, \u00e0 m\u00e2cher, \u00e0 priser ou encore les cigarettes \u00e9lectroniques et leurs e-liquides<\/em><em>. En outre, la vente de ces produits sera interdite dans les magasins alimentaires de plus de 400 m\u00e8tres carr\u00e9s<a href=\"#_ftn1\" name=\"_ftnref1\"><strong>[1]<\/strong><\/a>. Seules les entreprises B2B, dont les biens sont inaccessibles directement aux consommateurs, feront exception.<\/em><\/p>\n<h2 style=\"text-align: justify\">Nouvelle r\u00e9glementation sur la vente de produits du tabac et du vapotage<\/h2>\n<p style=\"text-align: justify\">Tous les produits li\u00e9s au tabac, les articles pour fumer ou les cigarettes \u00e9lectroniques et leurs recharges devront \u00eatre dissimul\u00e9s, \u00e0 la fois \u00e0 l\u2019int\u00e9rieur des points de vente et \u00e0 l\u2019ext\u00e9rieur, dans les librairies, supermarch\u00e9s, stations-service, magasins de nuit et boutiques hors taxes des a\u00e9roports. Les commer\u00e7ants devront supprimer les \u00e9tals de ces produits et les ranger dans des tiroirs, des contenants ferm\u00e9s de type armoires ou derri\u00e8re des rideaux, des portes coulissantes ou des vitres opaques.<\/p>\n<p style=\"text-align: justify\">Les espaces de stockage devront rester neutres, sans \u00e9clairage, images ou marques visibles, et devront \u00eatre accessibles uniquement au personnel du magasin, qui devra les fermer imm\u00e9diatement apr\u00e8s leur utilisation.<\/p>\n<h2 style=\"text-align: justify\">Vente et acc\u00e8s aux produits du tabac et du vapotage<\/h2>\n<p style=\"text-align: justify\">Les clients majeurs pourront se renseigner et acheter des produits du tabac et du vapotage via une liste simple, incluant les noms des marques, les types de produits, les quantit\u00e9s par conditionnement et les prix. Cette liste pourra \u00eatre disponible au format papier ou num\u00e9rique.<\/p>\n<p style=\"text-align: justify\">Les commer\u00e7ants qui ne respectent pas ces nouvelles r\u00e9glementations risquent des peines de prison allant d\u2019un \u00e0 douze mois, ainsi que des amendes variant de 2 000 \u00e0 800 000 euros. Le gouvernement a pr\u00e9vu un d\u00e9lai de mise en \u0153uvre d\u2019une dur\u00e9e d&rsquo;un an<a href=\"#_ftn2\" name=\"_ftnref2\">[2]<\/a>. Mais d&rsquo;ici au printemps 2026, les pr\u00e9sentoirs devront avoir disparu.<\/p>\n<h2 style=\"text-align: justify\">Une large campagne pour prot\u00e9ger la sant\u00e9 des Belges<\/h2>\n<p style=\"text-align: justify\">La Fondation contre le cancer rapporte que 24 % des Belges fument, dont 19 % quotidiennement malgr\u00e9 les risques pour la sant\u00e9. En Belgique, 14 000 d\u00e9c\u00e8s annuels pr\u00e9matur\u00e9s sont attribu\u00e9s au tabagisme, et environ 300 000 personnes souffrent de maladies li\u00e9es au tabac.<\/p>\n<p style=\"text-align: justify\">Cette mesure d\u2019invisibilisation des produits du tabac et du vapotage s&rsquo;inscrit donc dans le cadre d&rsquo;une strat\u00e9gie antitabac beaucoup plus large pour pr\u00e9server la sant\u00e9 des Belges. S\u2019appuyant sur les enseignements de la litt\u00e9rature scientifique et l\u2019exp\u00e9rience probante d\u2019autres pays dans ce domaine, le gouvernement belge cherche par cette mesure \u00e0 r\u00e9duire les achats impulsifs, diminuer le nombre de nouveaux fumeurs et aider les fumeurs actuels \u00e0 arr\u00eater, en particulier les jeunes, de plus en plus attir\u00e9s par le vapotage et particuli\u00e8rement vuln\u00e9rables \u00e0 la nicotine<a href=\"#_ftn3\" name=\"_ftnref3\">[3]<\/a>. Outre cette mesure, une politique fiscale forte a \u00e9t\u00e9 adopt\u00e9e avec une augmentation de 2 euros pour les cigarettes au d\u00e9but de l\u2019ann\u00e9e 2024. L\u2019extension des lieux sans tabac fait \u00e9galement partie de la strat\u00e9gie mise en place et leur nombre devrait s&rsquo;allonger en 2025.<\/p>\n<p style=\"text-align: justify\"><strong style=\"text-align: justify\"><a href=\"https:\/\/www.generationsanstabac.org\/\">\u00a9G\u00e9n\u00e9ration Sans Tabac<\/a><\/strong><\/p>\n<p style=\"text-align: right\"><em><strong>AD<\/strong><\/em><\/p>\n<hr \/>\n<p style=\"text-align: justify\"><a href=\"#_ftnref1\" name=\"_ftn1\">[1]<\/a>The Brussels Times with Belga, <a href=\"https:\/\/www.brusselstimes.com\/1506437\/tobacco-products-can-no-longer-be-displayed-in-shops\">Tobacco products can no longer be displayed in shops,<\/a> The Brussels Times, publi\u00e9 le 27 mars 2025, consult\u00e9 le 28 mars 2025<\/p>\n<p style=\"text-align: justify\"><a href=\"#_ftnref2\" name=\"_ftn2\">[2]<\/a>Mokrani, Farah, <a href=\"https:\/\/euroweeklynews.com\/2025\/03\/28\/tobacco-products-to-disappear-from-shop-shelves-in-belgium-from-april-2025\/\">Tobacco products to disappear from shop shelves from April<\/a>, EuroWeekly News, publi\u00e9 le 28 mars 2025, consult\u00e9 le 28 mars 2025<\/p>\n<p style=\"text-align: justify\"><a href=\"#_ftnref3\" name=\"_ftn3\">[3]<\/a>SPF Sant\u00e9 publique, <a href=\"https:\/\/www.health.belgium.be\/fr\/news\/des-regles-renforcees-pour-la-vente-de-tabac\">Des r\u00e8gles renforc\u00e9es pour la vente de tabac<\/a>, publi\u00e9 le 27 mars 2025, consult\u00e9 le 28 mars 2025<\/p>\n<p style=\"text-align: justify\"><strong style=\"color: #999999\"><a style=\"color: #999999\" href=\"http:\/\/www.cnct.fr\/\" target=\"_blank\" rel=\"noopener noreferrer\">Comit\u00e9 national contre le tabagisme |<\/a><\/strong><\/p>\n","protected":false},"excerpt":{"rendered":"<p>As of April 1, 2025, tobacco and vaping products will no longer be allowed to be displayed at points of sale in Belgium, in accordance with an amendment to the Consumer Health Protection Act of January 24, 1977. This ban applies to cigarettes, cigars, rolling papers, filters, water pipe tobacco, as well as electronic cigarettes and their e-liquids.<\/p>","protected":false},"featured_media":23782,"template":"","tags":[],"thematique":[491],"class_list":["post-23775","actualites","type-actualites","status-publish","has-post-thumbnail","hentry","thematique-politiques-publiques"],"acf":[],"_links":{"self":[{"href":"https:\/\/www.generationsanstabac.org\/en\/wp-json\/wp\/v2\/actualites\/23775","targetHints":{"allow":["GET"]}}],"collection":[{"href":"https:\/\/www.generationsanstabac.org\/en\/wp-json\/wp\/v2\/actualites"}],"about":[{"href":"https:\/\/www.generationsanstabac.org\/en\/wp-json\/wp\/v2\/types\/actualites"}],"version-history":[{"count":5,"href":"https:\/\/www.generationsanstabac.org\/en\/wp-json\/wp\/v2\/actualites\/23775\/revisions"}],"predecessor-version":[{"id":23810,"href":"https:\/\/www.generationsanstabac.org\/en\/wp-json\/wp\/v2\/actualites\/23775\/revisions\/23810"}],"wp:featuredmedia":[{"embeddable":true,"href":"https:\/\/www.generationsanstabac.org\/en\/wp-json\/wp\/v2\/media\/23782"}],"wp:attachment":[{"href":"https:\/\/www.generationsanstabac.org\/en\/wp-json\/wp\/v2\/media?parent=23775"}],"wp:term":[{"taxonomy":"post_tag","embeddable":true,"href":"https:\/\/www.generationsanstabac.org\/en\/wp-json\/wp\/v2\/tags?post=23775"},{"taxonomy":"thematique","embeddable":true,"href":"https:\/\/www.generationsanstabac.org\/en\/wp-json\/wp\/v2\/thematique?post=23775"}],"curies":[{"name":"wp","href":"https:\/\/api.w.org\/{rel}","templated":true}]}}