{"id":23723,"date":"2025-03-29T07:00:51","date_gmt":"2025-03-29T06:00:51","guid":{"rendered":"https:\/\/www.generationsanstabac.org\/?post_type=actualites&#038;p=23723"},"modified":"2025-03-27T09:50:06","modified_gmt":"2025-03-27T08:50:06","slug":"islande-33-des-jeunes-adultes-consomment-des-sachets-de-nicotine","status":"publish","type":"actualites","link":"https:\/\/www.generationsanstabac.org\/en\/actualites\/islande-33-des-jeunes-adultes-consomment-des-sachets-de-nicotine\/","title":{"rendered":"Iceland: 33% of young adults use nicotine pouches"},"content":{"rendered":"<p style=\"text-align: justify\"><em>Une \u00e9tude r\u00e9cente du Centre nordique du bien-\u00eatre, analysant des donn\u00e9es de 2018 \u00e0 2024 dans les pays nordiques et baltes, r\u00e9v\u00e8le que pr\u00e8s de 33 % des jeunes Islandais <\/em><em>de 18 \u00e0 24 ans<\/em> <em>utilisent d\u00e9sormais des sachets de nicotine. Il s&rsquo;agit du taux le plus \u00e9lev\u00e9 parmi les pays nordiques<a href=\"#_ftn1\" name=\"_ftnref1\"><strong>[1]<\/strong><\/a>. En 2022, les sachets de nicotine ont \u00e9t\u00e9 inclus dans la loi islandaise sur le tabac et le vapotage, en raison de l&rsquo;inqui\u00e9tude suscit\u00e9e par la pr\u00e9valence de leur utilisation chez les jeunes afin de mieux les r\u00e9glementer. <\/em><\/p>\n<h2 style=\"text-align: justify\">Les sachets de nicotine, premier produit du tabac et de la nicotine chez les jeunes Islandais<\/h2>\n<p style=\"text-align: justify\">L&rsquo;\u00e9tude indique que l&rsquo;utilisation de sachets de nicotine semble bien plus r\u00e9pandue en Islande que dans les pays voisins\u00a0: 30 % en Norv\u00e8ge, 26,8 % en Su\u00e8de, 15,7 % au Danemark et seulement 9 % en Finlande. N\u00e9anmoins, les \u00e9tudes de pr\u00e9valence ne portent pas sur les m\u00eames groupes d&rsquo;\u00e2ge selon les pays, l\u2019intervalle allant de 14 \u00e0 29 ans. D\u2019une mani\u00e8re g\u00e9n\u00e9rale, l\u2019usage de produits \u00e0 base de nicotine orale, tels que le snus et les sachets de nicotine, est en progression dans cette r\u00e9gion.<\/p>\n<p style=\"text-align: justify\">L&rsquo;usage de la cigarette \u00e9lectronique chez les jeunes Islandais est rest\u00e9 relativement stable, oscillant entre 15 et 16 %, tandis que dans les autres pays nordiques, ce taux varie entre 8,7 % et 16 %. L\u2019apparition de mod\u00e8les jetables et la hausse de consommation chez les jeunes filles, qui en consomment davantage que les gar\u00e7ons, caract\u00e9risent cette progression.<\/p>\n<p style=\"text-align: justify\">Le tabagisme demeure en revanche extr\u00eamement faible en Islande, avec seulement 6,6 % des jeunes de 18 \u00e0 24 ans se d\u00e9clarant fumeurs en 2023. Ces chiffres, issus du rapport original publi\u00e9 par V\u00edsir, sont bien inf\u00e9rieurs \u00e0 ceux observ\u00e9s dans d&rsquo;autres pays, o\u00f9 le taux de tabagisme chez les jeunes de 14 \u00e0 29 ans varie entre 12,1 % et 19 %.<\/p>\n<h2 style=\"text-align: justify\">L\u2019Islande s\u2019engage aupr\u00e8s de l\u2019UE et de l\u2019OMS \u00e0 lutter contre les produits du tabac et de la nicotine<\/h2>\n<p style=\"text-align: justify\">La directive de l&rsquo;Union europ\u00e9enne sur les produits du tabac (2014\/40\/UE), entr\u00e9e en vigueur en 2016, s&rsquo;applique \u00e0 tous les \u00c9tats membres, y compris aux pays nordiques associ\u00e9s. Elle introduit des mesures comme l&rsquo;interdiction des produits du tabac aromatis\u00e9s, des avertissements sanitaires obligatoires, la restriction de la nicotine dans les e-cigarettes \u00e0 20 mg\/ml et des limites sur la taille des r\u00e9servoirs et flacons de recharge. La Norv\u00e8ge et l&rsquo;Islande, non membres de l\u2019UE, ont appliqu\u00e9 la directive en tant que membres de l&rsquo;Espace \u00e9conomique europ\u00e9en en la transposant dans leur droit national.<\/p>\n<p style=\"text-align: justify\">Parall\u00e8lement, la Convention-cadre de l&rsquo;OMS pour la lutte antitabac (CCLAT), en vigueur depuis 2005 et que l\u2019Islande a ratifi\u00e9e, impose un arsenal de mesures pour lutter contre les produits du tabac. Avec l\u2019\u00e9volution des nouveaux produits \u00e0 la nicotine tels que les cigarettes \u00e9lectroniques, le trait\u00e9 de l\u2019OMS pr\u00e9conise des r\u00e9glementations les plus adapt\u00e9es en fonction de la situation des pays.<\/p>\n<h2 style=\"text-align: justify\">Le Centre nordique de bien-\u00eatre appelle \u00e0 une coop\u00e9ration internationale contre les sachets de nicotine<\/h2>\n<p style=\"text-align: justify\">Le Centre nordique du bien-\u00eatre a lanc\u00e9 une alerte dans une r\u00e9cente d\u00e9claration : \u00ab\u00a0<em>Il est prouv\u00e9 que la nicotine est une substance hautement addictive et particuli\u00e8rement nuisible pour les jeunes, perturbant leur d\u00e9veloppement c\u00e9r\u00e9bral.<\/em>\u00ab\u00a0<\/p>\n<p style=\"text-align: justify\">Les conclusions du rapport mettent en \u00e9vidence la n\u00e9cessit\u00e9 d&rsquo;une orientation politique strat\u00e9gique continue, tant au sein des pays qu&rsquo;entre eux<a href=\"#_ftn2\" name=\"_ftnref2\">[2]<\/a>. L&rsquo;harmonisation des r\u00e9glementations dans les pays nordiques et baltes pourrait jouer un r\u00f4le cl\u00e9 dans l&rsquo;adoption d&rsquo;une approche plus unifi\u00e9e et proactive pour pr\u00e9venir l&rsquo;usage des nouveaux produits \u00e0 base de nicotine chez les jeunes. Actuellement, les r\u00e9glementations sur ces produits sont encore en cours d&rsquo;\u00e9laboration, et leur efficacit\u00e9 reste limit\u00e9e. La Directive sur les Produits du Tabac (TPD) assure une certaine uniformit\u00e9 r\u00e9glementaire pour les cigarettes et les produits du vapotage. Cependant, les restrictions concernant les produits de nicotine oraux varient selon les pays allant de l\u2019interdiction \u00e0 des r\u00e9glementations elles-m\u00eames diverses en termes de saveurs, de taxation et d&#8217;emballage.<\/p>\n<p style=\"text-align: justify\">Selon l\u2019organisation, l\u2019exp\u00e9rience des pays nordiques et baltes en la mati\u00e8re pour traiter ce probl\u00e8me de sant\u00e9 publique majeur pourrait \u00eatre pr\u00e9cieuse.<\/p>\n<p style=\"text-align: justify\"><strong style=\"text-align: justify\"><a href=\"https:\/\/www.generationsanstabac.org\/\">\u00a9G\u00e9n\u00e9ration Sans Tabac<\/a><\/strong><\/p>\n<p style=\"text-align: right\"><em><strong>AD<\/strong><\/em><\/p>\n<hr \/>\n<p style=\"text-align: justify\"><a href=\"#_ftnref1\" name=\"_ftn1\">[1]<\/a>Chapman Michael, <a href=\"https:\/\/www.icelandreview.com\/fr\/nouvelles\/Les-adolescents-islandais-utilisent-plus-de-sachets-de-nicotine-que-les-autres-pays-nordiques--selon-une-%C3%A9tude\/\">Les adolescents islandais consomment plus de sachets de nicotine que les autres pays nordiques, selon une \u00e9tude<\/a>, Iceland Review, publi\u00e9 le 23 mars 2025, consult\u00e9 le 24 mars 2025<\/p>\n<p style=\"text-align: justify\"><a href=\"#_ftnref2\" name=\"_ftn2\">[2]<\/a>Arp Stine, Sofie Bast Lotus, <a href=\"https:\/\/nordicwelfare.org\/wp-content\/uploads\/2025\/03\/Use-of-nicotine-products-among-youth-in-the-Nordic-and-Baltic-countries-An-overview.pdf\">Use of nicotine products among youth in the Nordic and Baltic countries<\/a>, sous la direction de Frederiksen Nadja et Franz\u00e9n Eva, National Institute of Public Health, University of Southern Denmark, Nordic Welfare Centre, 66 pages, publi\u00e9 en mars 2025, consult\u00e9 le 24 mars 2025<\/p>\n<p style=\"text-align: justify\"><strong style=\"color: #999999\"><a style=\"color: #999999\" href=\"http:\/\/www.cnct.fr\/\" target=\"_blank\" rel=\"noopener noreferrer\">Comit\u00e9 national contre le tabagisme |<\/a><\/strong><\/p>\n","protected":false},"excerpt":{"rendered":"<p>A recent study by the Nordic Wellbeing Centre, analyzing data from 2018 to 2024 in the Nordic and Baltic countries, reveals that nearly 33% of Icelandic youth aged 18 to 24 now use nicotine pouches. This is the highest rate among the Nordic countries. In 2022, nicotine pouches were included in Iceland&#039;s Tobacco and Vaping Act, due to concerns about the prevalence of their use among young people in order to better regulate them.<\/p>","protected":false},"featured_media":23729,"template":"","tags":[],"thematique":[491,474],"class_list":["post-23723","actualites","type-actualites","status-publish","has-post-thumbnail","hentry","thematique-politiques-publiques","thematique-sante"],"acf":[],"_links":{"self":[{"href":"https:\/\/www.generationsanstabac.org\/en\/wp-json\/wp\/v2\/actualites\/23723","targetHints":{"allow":["GET"]}}],"collection":[{"href":"https:\/\/www.generationsanstabac.org\/en\/wp-json\/wp\/v2\/actualites"}],"about":[{"href":"https:\/\/www.generationsanstabac.org\/en\/wp-json\/wp\/v2\/types\/actualites"}],"version-history":[{"count":4,"href":"https:\/\/www.generationsanstabac.org\/en\/wp-json\/wp\/v2\/actualites\/23723\/revisions"}],"predecessor-version":[{"id":23728,"href":"https:\/\/www.generationsanstabac.org\/en\/wp-json\/wp\/v2\/actualites\/23723\/revisions\/23728"}],"wp:featuredmedia":[{"embeddable":true,"href":"https:\/\/www.generationsanstabac.org\/en\/wp-json\/wp\/v2\/media\/23729"}],"wp:attachment":[{"href":"https:\/\/www.generationsanstabac.org\/en\/wp-json\/wp\/v2\/media?parent=23723"}],"wp:term":[{"taxonomy":"post_tag","embeddable":true,"href":"https:\/\/www.generationsanstabac.org\/en\/wp-json\/wp\/v2\/tags?post=23723"},{"taxonomy":"thematique","embeddable":true,"href":"https:\/\/www.generationsanstabac.org\/en\/wp-json\/wp\/v2\/thematique?post=23723"}],"curies":[{"name":"wp","href":"https:\/\/api.w.org\/{rel}","templated":true}]}}