{"id":23584,"date":"2025-03-19T07:00:34","date_gmt":"2025-03-19T06:00:34","guid":{"rendered":"https:\/\/www.generationsanstabac.org\/?post_type=actualites&#038;p=23584"},"modified":"2025-03-13T14:52:30","modified_gmt":"2025-03-13T13:52:30","slug":"pays-bas-la-limite-dage-pour-fumer-et-vapoter-pourrait-passer-de-18-a-21-ans","status":"publish","type":"actualites","link":"https:\/\/www.generationsanstabac.org\/en\/actualites\/pays-bas-la-limite-dage-pour-fumer-et-vapoter-pourrait-passer-de-18-a-21-ans\/","title":{"rendered":"Netherlands: Smoking and vaping age limit could rise from 18 to 21"},"content":{"rendered":"<p style=\"text-align: justify\"><em>Vincent Karremans, le secr\u00e9taire d&rsquo;\u00c9tat n\u00e9erlandais \u00e0 la Sant\u00e9, au Bien-\u00eatre et au Sport, \u00e9tudie les possibilit\u00e9s d&rsquo;augmenter l&rsquo;\u00e2ge l\u00e9gal de vente des produits de tabac et de nicotine de 18 \u00e0 21 ans. Celui-ci envisage \u00e9galement d&rsquo;\u00e9riger en infraction p\u00e9nale la vente de vapes contenant des liquides aromatis\u00e9s autres que le tabac et d&rsquo;augmenter les amendes pour ceux qui enfreignent la loi, a-t-il d\u00e9clar\u00e9 lors du lancement d&rsquo;un plan d&rsquo;action visant \u00e0 lutter contre le tabagisme et le vapotage chez les jeunes<a href=\"#_ftn1\" name=\"_ftnref1\"><strong>[1]<\/strong><\/a>. Le gouvernement souhaiterait \u00e9galement r\u00e9duire le nombre des points de vente pour les produits du vapotage et imposer l\u2019emballage neutre pour ces produits. <\/em><\/p>\n<h2 style=\"text-align: justify\">Les Pays-Bas entendent r\u00e9guler beaucoup plus durement le march\u00e9 des e-cigarettes<\/h2>\n<p style=\"text-align: justify\">Le secr\u00e9taire d\u2019\u00c9tat a qualifi\u00e9 la situation de la vape aux Pays-Bas de \u00ab\u00a0tr\u00e8s grave\u00a0\u00bb et a promis de tout faire pour y rem\u00e9dier, <a href=\"https:\/\/www.generationsanstabac.org\/fr\/actualites\/pays-bas-un-tribunal-confirme-linterdiction-des-aromes-pour-les-e-cigarettes\/\">apr\u00e8s l&rsquo;interdiction des vapes aromatis\u00e9es en 2024<\/a>. Cependant, il a soulign\u00e9 que les jeunes pouvaient encore en acheter ill\u00e9galement, notamment en ligne \u2013 les amendes pour vente peuvent se cumuler jusqu&rsquo;\u00e0 22 500 \u20ac \u2013, et a annonc\u00e9 un projet de loi visant \u00e0 rendre ill\u00e9gale la possession de vapes aromatis\u00e9es. Depuis le d\u00e9but de l&rsquo;ann\u00e9e, l\u2019Autorit\u00e9 n\u00e9erlandaise de s\u00e9curit\u00e9 des aliments et des produits de consommation\u00a0(NVWA) a confisqu\u00e9 180 000 vapes.<\/p>\n<p style=\"text-align: justify\">Esther Croes, de l&rsquo;Institute Trimbos, a salu\u00e9 la strat\u00e9gie, soulignant que l&rsquo;augmentation de l&rsquo;\u00e2ge minimum de vente des produits de vapotage \u00e9tait essentielle pour r\u00e9duire l\u2019initiation \u00e0 ces produits et la d\u00e9pendance. Elle a \u00e9galement propos\u00e9 d&rsquo;interdire tous les produits non-th\u00e9rapeutiques contenant de la nicotine afin de pr\u00e9venir l&rsquo;apparition de nouveaux produits dangereux. Le minist\u00e8re de la Sant\u00e9 n\u00e9erlandais demande aussi \u00e0 Bruxelles de renforcer les restrictions sur les ar\u00f4mes, la nicotine et les emballages des e-cigarettes, ainsi que de r\u00e9glementer les ventes transfrontali\u00e8res au sein de l\u2019Union europ\u00e9enne.<\/p>\n<h2 style=\"text-align: justify\">Des \u00e9tudes scientifiques font \u00e9tat d\u2019une d\u00e9pendance importante chez les jeunes<\/h2>\n<p style=\"text-align: justify\">En 2023, pr\u00e8s d&rsquo;un quart des jeunes \u00e2g\u00e9s de 12 \u00e0 16 ans ont d\u00e9j\u00e0 essay\u00e9 le vapotage, selon l&rsquo;institut de sant\u00e9 RIVM<a href=\"#_ftn2\" name=\"_ftnref2\">[2]<\/a>. C&rsquo;est un signal d&rsquo;alarme pour les experts en sant\u00e9 publique\u00a0: \u00ab\u00a0<em>La pr\u00e9sence de nicotine rend les vapes tr\u00e8s addictives. Ce n&rsquo;est pas surprenant : la nicotine est la drogue la plus addictive qui existe apr\u00e8s l&rsquo;h\u00e9ro\u00efne et le crack<\/em> \u00bb, a d\u00e9clar\u00e9 le minist\u00e8re, citant un rapport de RIVM. L\u2019introduction sur le march\u00e9 de <a href=\"https:\/\/www.generationsanstabac.org\/fr\/actualites\/pays-bas-larrivee-des-smart-vapes-inquiete-les-acteurs-de-sante\/\">dispositifs connect\u00e9s attractifs pour les jeunes comme les \u00ab\u00a0smart vapes\u00a0\u00bb<\/a> inqui\u00e8te aussi les acteurs de sant\u00e9.<\/p>\n<p style=\"text-align: justify\">Selon l&rsquo;institut Trimbos, un jeune de moins de 25 ans sur cinq utilise une vapoteuse, et 70 % d\u2019entre de ces vapoteurs fument \u00e9galement des cigarettes. La limite d&rsquo;\u00e2ge de 18 ans est souvent ignor\u00e9e, et les ventes en ligne prosp\u00e8rent. En 2024, au moins 14 enfants ont \u00e9t\u00e9 hospitalis\u00e9s apr\u00e8s avoir utilis\u00e9 des vapes, selon la Soci\u00e9t\u00e9 n\u00e9erlandaise de p\u00e9diatrie (NVK), avec des cons\u00e9quences graves telles qu&rsquo;un affaissement des poumons ou une h\u00e9morragie pulmonaire, et les p\u00e9diatres suspectent de nombreux autres cas de probl\u00e8mes de sant\u00e9. Certaines vapes populaires contiennent des m\u00e9taux toxiques, des produits chimiques canc\u00e9rig\u00e8nes et des niveaux de nicotine bien sup\u00e9rieurs \u00e0 la limite l\u00e9gale.<\/p>\n<h2 style=\"text-align: justify\">L\u2019objectif vis\u00e9\u00a0: une g\u00e9n\u00e9ration sans tabac d\u2019ici 2040<\/h2>\n<p style=\"text-align: justify\">Les Pays-Bas visent un avenir sans tabac d&rsquo;ici 2040, avec des r\u00e8gles renforc\u00e9es et un investissement de 3 millions d&rsquo;euros dans une campagne de sensibilisation ciblant les parents<a href=\"#_ftn3\" name=\"_ftnref3\">[3]<\/a>. Les e-cigarettes ne sont, selon le secr\u00e9taire d\u2019\u00c9tat, pas per\u00e7ues avec la m\u00eame gravit\u00e9 que les produits du tabac \u2013 les sp\u00e9cialistes expliquent que bien que per\u00e7u comme une alternative \u00ab plus s\u00fbre \u00bb, le vapotage cr\u00e9e une d\u00e9pendance et conduit souvent les jeunes \u00e0 fumer des produits du tabac, pr\u00e9cise le secr\u00e9taire d\u2019Etat \u2013, parents comme enfants doivent \u00eatre mieux inform\u00e9s des risques de d\u00e9pendance et des cons\u00e9quences \u00e0 long terme. Le gouvernement pr\u00e9voit aussi des mesures strictes contre les d\u00e9taillants non conformes.<\/p>\n<p style=\"text-align: justify\">La proposition sera bient\u00f4t d\u00e9battue au Parlement, o\u00f9 les l\u00e9gislateurs prendront en compte les r\u00e9actions du public et de l&rsquo;industrie. Le gouvernement envisage aussi une taxe sur les fabricants de tabac pour financer des campagnes de pr\u00e9vention et de sant\u00e9 publique.<\/p>\n<p style=\"text-align: justify\"><strong style=\"text-align: justify\"><a href=\"https:\/\/www.generationsanstabac.org\/\">\u00a9G\u00e9n\u00e9ration Sans Tabac<\/a><\/strong><\/p>\n<p style=\"text-align: right\"><em><strong>AD<\/strong><\/em><\/p>\n<hr \/>\n<p style=\"text-align: justify\"><a href=\"#_ftnref1\" name=\"_ftn1\">[1]<\/a> DutchNews, <a href=\"https:\/\/www.dutchnews.nl\/2025\/03\/dutch-crack-down-on-smoking-and-vaping-age-limit-may-rise-to-21\/\">Dutch crack down on smoking and vaping, age limit may rise to 21<\/a>, publi\u00e9 le 12 mars 2025, consult\u00e9 le 13 mars 2025<\/p>\n<p style=\"text-align: justify\"><a href=\"#_ftnref2\" name=\"_ftn2\">[2]<\/a> Mokrani, Farah, <a href=\"https:\/\/euroweeklynews.com\/2025\/03\/12\/netherlands-set-to-raise-smoking-vaping-age-to-21\/\">Netherlands set to raise smoking and vaping age to 21<\/a>, EuroWeekly News, publi\u00e9 le 12 mars 2025, consult\u00e9 le 13 mars 2025<\/p>\n<p style=\"text-align: justify\"><a href=\"#_ftnref3\" name=\"_ftn3\">[3]<\/a> NL Times, <a href=\"https:\/\/nltimes.nl\/2025\/03\/12\/smoking-vaping-age-limit-increase-18-21-higher-fines-illegal-vapes\">Smoking &amp; vaping age limit could increase from 18 to 21; Higher fines for illegal vapes<\/a>, publi\u00e9 le 12 mars 2025, consult\u00e9 le 13 mars 2025<\/p>\n<p><strong style=\"color: #999999\"><a style=\"color: #999999\" href=\"http:\/\/www.cnct.fr\/\" target=\"_blank\" rel=\"noopener noreferrer\">Comit\u00e9 national contre le tabagisme |<\/a><\/strong><\/p>\n","protected":false},"excerpt":{"rendered":"<p>Vincent Karremans, the Dutch State Secretary for Health, Welfare and Sport, is exploring options for raising the legal age for the sale of tobacco and nicotine products from 18 to 21. He is also considering making the sale of vapes containing flavored liquids other than tobacco a criminal offense and increasing fines for those who break the law, he said at the launch of an action plan to combat smoking and vaping among young people.<\/p>","protected":false},"featured_media":23588,"template":"","tags":[],"thematique":[491,474],"class_list":["post-23584","actualites","type-actualites","status-publish","has-post-thumbnail","hentry","thematique-politiques-publiques","thematique-sante"],"acf":[],"_links":{"self":[{"href":"https:\/\/www.generationsanstabac.org\/en\/wp-json\/wp\/v2\/actualites\/23584","targetHints":{"allow":["GET"]}}],"collection":[{"href":"https:\/\/www.generationsanstabac.org\/en\/wp-json\/wp\/v2\/actualites"}],"about":[{"href":"https:\/\/www.generationsanstabac.org\/en\/wp-json\/wp\/v2\/types\/actualites"}],"version-history":[{"count":2,"href":"https:\/\/www.generationsanstabac.org\/en\/wp-json\/wp\/v2\/actualites\/23584\/revisions"}],"predecessor-version":[{"id":23589,"href":"https:\/\/www.generationsanstabac.org\/en\/wp-json\/wp\/v2\/actualites\/23584\/revisions\/23589"}],"wp:featuredmedia":[{"embeddable":true,"href":"https:\/\/www.generationsanstabac.org\/en\/wp-json\/wp\/v2\/media\/23588"}],"wp:attachment":[{"href":"https:\/\/www.generationsanstabac.org\/en\/wp-json\/wp\/v2\/media?parent=23584"}],"wp:term":[{"taxonomy":"post_tag","embeddable":true,"href":"https:\/\/www.generationsanstabac.org\/en\/wp-json\/wp\/v2\/tags?post=23584"},{"taxonomy":"thematique","embeddable":true,"href":"https:\/\/www.generationsanstabac.org\/en\/wp-json\/wp\/v2\/thematique?post=23584"}],"curies":[{"name":"wp","href":"https:\/\/api.w.org\/{rel}","templated":true}]}}