{"id":23523,"date":"2025-03-14T07:00:47","date_gmt":"2025-03-14T06:00:47","guid":{"rendered":"https:\/\/www.generationsanstabac.org\/?post_type=actualites&#038;p=23523"},"modified":"2025-03-24T14:10:07","modified_gmt":"2025-03-24T13:10:07","slug":"oregon-les-legislateurs-envisagent-dinterdire-les-produits-du-vapotage-aromatises","status":"publish","type":"actualites","link":"https:\/\/www.generationsanstabac.org\/en\/actualites\/oregon-les-legislateurs-envisagent-dinterdire-les-produits-du-vapotage-aromatises\/","title":{"rendered":"Oregon: Lawmakers consider banning flavored vaping products"},"content":{"rendered":"<p style=\"text-align: justify\"><em>Les l\u00e9gislateurs de l&rsquo;Oregon (Etats-Unis) examinent actuellement une proposition visant \u00e0 interdire la vente de produits de vapotage aromatis\u00e9s, une mesure que les autorit\u00e9s sanitaires estiment essentielle pour lutter contre l&rsquo;addiction \u00e0 la nicotine chez les enfants et adolescents. <\/em><\/p>\n<h2 style=\"text-align: justify\">Un projet de loi soutenu par de nombreux acteurs<\/h2>\n<p style=\"text-align: justify\">Les d\u00e9fenseurs du projet de loi 702 au S\u00e9nat expliquent que les produits du vapotage aromatis\u00e9s \u00ab <em>sentent comme les bonbons<\/em>\u00a0\u00bb et sont per\u00e7us comme des portes d&rsquo;entr\u00e9e vers la d\u00e9pendance pour les jeunes. Il a suscit\u00e9 un fort soutien de la part des s\u00e9nateurs et repr\u00e9sentants d\u00e9mocrates, dont la s\u00e9natrice Janeen Sollman qui soutient \u00e9galement un projet de loi de d\u00e9tecteurs de fum\u00e9e de vapotage dans les toilettes de lyc\u00e9es de plus de 1000 \u00e9tudiants, constatant une utilisation de plus en plus importante de ces dispositifs \u00e0 l\u2019int\u00e9rieur des \u00e9tablissements scolaires<a href=\"#_ftn1\" name=\"_ftnref1\">[1]<\/a>.<\/p>\n<p style=\"text-align: justify\">Ce projet de loi b\u00e9n\u00e9ficie du soutien de nombreux professionnels de sant\u00e9, d&rsquo;experts en sant\u00e9 publique et d&rsquo;associations de lutte contre le tabagisme. Des enseignants et des parents se mobilisent \u00e9galement pour soutenir cette interdiction, constatant une augmentation alarmante de l&rsquo;utilisation des cigarettes \u00e9lectroniques chez des \u00e9coliers de plus en plus jeunes. Si ces produits sont interdits \u00e0 la vente pour les moins de 21 ans, les experts indiquent qu\u2019il est tr\u00e8s facile pour un jeune de s\u2019en procurer aupr\u00e8s de d\u00e9taillants ne respectant pas la loi.<\/p>\n<h2 style=\"text-align: justify\">Un enjeu de sant\u00e9 publique majeur pour prot\u00e9ger les jeunes<\/h2>\n<p style=\"text-align: justify\">Ces efforts se heurtent \u00e0 une forte opposition de l&rsquo;industrie du tabac et de ses alli\u00e9s et de certains d\u00e9put\u00e9s r\u00e9publicains. Parmi les opposants au projet de loi figure le s\u00e9nateur r\u00e9publicain David Brock Smith, pour qui les ar\u00f4mes dans le vapotage seraient une alternative et une voie de sortie du tabagisme classique. Une analyse remise en cause par Erika Moseson, m\u00e9decin de l&rsquo;unit\u00e9 de soins intensifs et de pneumologie de Legacy Health, qui\u00a0ne recommande pas l\u2019utilisation de dispositifs de vapotage pour le sevrage tabagique et pr\u00e9f\u00e8re orienter vers des traitements de substitutions nicotiniques.<\/p>\n<p style=\"text-align: justify\">Quant \u00e0 Jennifer Little, directrice du service de sant\u00e9 publique du comt\u00e9 de Klamath, celle-ci explique que les personnes d\u00e9pendantes \u00e0 la nicotine que son service accompagne sont de plus en plus jeunes. Selon elle, de nombreux parents et les enseignants l\u2019appellent pour signaler que des \u00e9l\u00e8ves introduisent clandestinement des produits de nicotine aromatis\u00e9e dans les salles de classe, les toilettes et les bus scolaires.<\/p>\n<p style=\"text-align: justify\">L&rsquo;initiative actuelle de l&rsquo;Oregon s&rsquo;inscrit dans une s\u00e9rie d&rsquo;efforts de plusieurs Etats pour r\u00e9duire la consommation de tabac et de nicotine chez les plus jeunes. Ils sont interdits \u00e0 la vente depuis 2020 au Massachusetts et depuis 2022 en Californie. Le New Jersey, New York et Rhode Island ont \u00e9galement adopt\u00e9 des restrictions similaires. Certains comt\u00e9s d\u2019Oregon ont d\u00e9j\u00e0 tent\u00e9 de faire voter leur propre interdiction des produits du tabac et de la nicotine aromatis\u00e9s, c\u2019est par exemple le cas de Multnomah County qui en janvier 2024 s\u2019est pourtant vu refuser l\u2019interdiction de ces produits par la cour d&rsquo;appel de l&rsquo;Oregon<a href=\"#_ftn2\" name=\"_ftnref2\">[2]<\/a>.<\/p>\n<p style=\"text-align: justify\">En 2020, les \u00e9lecteurs de l&rsquo;Oregon avaient d\u00e9j\u00e0 approuv\u00e9 une augmentation des taxes sur les produits du tabac et les cigarettes \u00e9lectroniques \u00e0 travers la Mesure 108, avec des fonds destin\u00e9s \u00e0 financer les programmes de sant\u00e9 publique de l&rsquo;\u00c9tat. L&rsquo;interdiction des produits du tabac et de la nicotine aromatis\u00e9s serait donc une extension logique de ces efforts pour prot\u00e9ger la sant\u00e9 des jeunes rappellent les experts.<\/p>\n<p style=\"text-align: justify\"><strong style=\"text-align: justify\"><a href=\"https:\/\/www.generationsanstabac.org\/\">\u00a9G\u00e9n\u00e9ration Sans Tabac<\/a><\/strong><\/p>\n<p style=\"text-align: right\"><em><strong>AD<\/strong><\/em><\/p>\n<hr \/>\n<p style=\"text-align: justify\"><a href=\"#_ftnref1\" name=\"_ftn1\">[1]<\/a> Green, Aimee, <a href=\"https:\/\/www.oregonlive.com\/politics\/2025\/03\/oregon-lawmakers-consider-ban-on-flavored-tobacco-that-officials-say-addicts-children-still-in-elementary-school.html\">Oregon lawmakers consider ban on flavored tobacco that officials say addicts children still in elementary school<\/a>, Oregon Live, publi\u00e9 le 5 mars 2025, consult\u00e9 le 6 mars 2025<\/p>\n<p style=\"text-align: justify\"><a href=\"#_ftnref2\" name=\"_ftn2\">[2]<\/a> De Dios, Austin, <a href=\"https:\/\/www.oregonlive.com\/health\/2023\/12\/oregon-court-of-appeals-stalls-multnomah-countys-flavored-tobacco-ban.html\">Oregon Court of Appeals stalls Multnomah County\u2019s flavored tobacco ban<\/a>, Oregon Live, publi\u00e9 le 29 d\u00e9cembre 2023, consult\u00e9 le 6 mars 2025<\/p>\n<p style=\"text-align: justify\"><strong style=\"color: #999999\"><a style=\"color: #999999\" href=\"http:\/\/www.cnct.fr\/\" target=\"_blank\" rel=\"noopener noreferrer\">Comit\u00e9 national contre le tabagisme |<\/a><\/strong><\/p>\n","protected":false},"excerpt":{"rendered":"<p>Lawmakers in Oregon, USA, are currently considering a proposal to ban the sale of flavored vaping products, a measure health officials say is essential to combating nicotine addiction among children and adolescents.<\/p>","protected":false},"featured_media":23528,"template":"","tags":[],"thematique":[491],"class_list":["post-23523","actualites","type-actualites","status-publish","has-post-thumbnail","hentry","thematique-politiques-publiques"],"acf":[],"_links":{"self":[{"href":"https:\/\/www.generationsanstabac.org\/en\/wp-json\/wp\/v2\/actualites\/23523","targetHints":{"allow":["GET"]}}],"collection":[{"href":"https:\/\/www.generationsanstabac.org\/en\/wp-json\/wp\/v2\/actualites"}],"about":[{"href":"https:\/\/www.generationsanstabac.org\/en\/wp-json\/wp\/v2\/types\/actualites"}],"version-history":[{"count":6,"href":"https:\/\/www.generationsanstabac.org\/en\/wp-json\/wp\/v2\/actualites\/23523\/revisions"}],"predecessor-version":[{"id":23716,"href":"https:\/\/www.generationsanstabac.org\/en\/wp-json\/wp\/v2\/actualites\/23523\/revisions\/23716"}],"wp:featuredmedia":[{"embeddable":true,"href":"https:\/\/www.generationsanstabac.org\/en\/wp-json\/wp\/v2\/media\/23528"}],"wp:attachment":[{"href":"https:\/\/www.generationsanstabac.org\/en\/wp-json\/wp\/v2\/media?parent=23523"}],"wp:term":[{"taxonomy":"post_tag","embeddable":true,"href":"https:\/\/www.generationsanstabac.org\/en\/wp-json\/wp\/v2\/tags?post=23523"},{"taxonomy":"thematique","embeddable":true,"href":"https:\/\/www.generationsanstabac.org\/en\/wp-json\/wp\/v2\/thematique?post=23523"}],"curies":[{"name":"wp","href":"https:\/\/api.w.org\/{rel}","templated":true}]}}