{"id":23390,"date":"2025-02-18T08:02:35","date_gmt":"2025-02-18T07:02:35","guid":{"rendered":"https:\/\/www.generationsanstabac.org\/?post_type=actualites&#038;p=23390"},"modified":"2025-02-17T16:12:21","modified_gmt":"2025-02-17T15:12:21","slug":"loms-recommande-la-generalisation-des-avertissements-sanitaires-sur-les-bouteilles-dalcool","status":"publish","type":"actualites","link":"https:\/\/www.generationsanstabac.org\/en\/actualites\/loms-recommande-la-generalisation-des-avertissements-sanitaires-sur-les-bouteilles-dalcool\/","title":{"rendered":"WHO recommends widespread use of health warnings on alcohol bottles"},"content":{"rendered":"<p style=\"text-align: justify\"><em>Un r\u00e9cent rapport de l\u2019Organisation mondiale de la sant\u00e9 Europe appelle \u00e0 rendre obligatoire l\u2019apposition d\u2019avertissements sanitaires sur les bouteilles d\u2019alcool, \u00e0 l\u2019instar de ce qui a pu \u00eatre r\u00e9alis\u00e9 pour les produits du tabac. Le document rappelle l\u2019importance d\u2019une telle mesure, alors que les donn\u00e9es disponibles font \u00e9tat d\u2019une connaissance tr\u00e8s lacunaire de la population \u00e0 l\u2019\u00e9gard des risques sanitaires engendr\u00e9s par la consommation d\u2019alcool. <\/em><\/p>\n<h2 style=\"text-align: justify\"><strong>La r\u00e9gion Europe, plus grosse consommatrice d\u2019alcool dans le monde<\/strong><\/h2>\n<p style=\"text-align: justify\">La r\u00e9duction de la consommation nocive d\u2019alcool figure parmi les objectifs fix\u00e9s par le Plan europ\u00e9en de lutte contre le cancer. En effet, la forte consommation d\u2019alcool enregistr\u00e9e dans la r\u00e9gion Europe de l\u2019OMS constitue <a href=\"https:\/\/www.generationsanstabac.org\/fr\/actualites\/europe-le-tabac-alcool-les-aliments-transformes-et-les-combustibles-fossiles-a-lorigine-de-27-millions-de-deces-prematures-evitables-par-an\/\">un enjeu sanitaire de premier plan\u00a0<\/a>: sur les dix pays du monde les plus consommateurs d\u2019alcool, sept sont europ\u00e9ens. Par ailleurs, en 2019, la consommation moyenne d&rsquo;alcool par habitant de l\u2019Union europ\u00e9enne chez les plus de 15 ans \u00e9tait de 11,0 litres d&rsquo;alcool pur par an, soit deux fois plus que la moyenne mondiale<a href=\"#_ftn1\" name=\"_ftnref1\">[1]<\/a>.<\/p>\n<h2 style=\"text-align: justify\"><strong>Le fardeau sanitaire de la consommation d\u2019alcool<\/strong><\/h2>\n<p style=\"text-align: justify\">Le rapport indique que la consommation d\u2019alcool entra\u00eene la mort pr\u00e9matur\u00e9e de pr\u00e8s de 5% de la population europ\u00e9enne, tandis qu\u2019elle est responsable d\u2019un d\u00e9c\u00e8s sur quatre chez les personnes \u00e2g\u00e9es de 20 \u00e0 40 ans. Au total, l\u2019alcool est \u00e0 l\u2019origine du d\u00e9c\u00e8s annuel de 800 000 Europ\u00e9ens. Les auteurs du rapport rappellent notamment que l\u2019alcool est un facteur causal dans plus de 200 maladies, blessures et autres probl\u00e8mes de sant\u00e9, dont au moins sept types de cancers\u00a0: cancer de la bouche, du pharynx, de l&rsquo;\u0153sophage, du foie, du larynx, du c\u00f4lon, du rectum, et du sein chez les femmes. Alors que la faible consommation d\u2019alcool a \u00e9t\u00e9 longtemps pr\u00e9sent\u00e9e comme anodine, notamment par <a href=\"https:\/\/www.google.com\/search?q=alcool+generation+sans+tabac+cannabis&amp;sca_esv=228e2d00367f1a3c&amp;sxsrf=AHTn8zqTplvfO69nDUJix8Pey_-xLORsBw%3A1739792714942&amp;ei=SiGzZ-6UOdeKkdUPlYy8qQs&amp;ved=0ahUKEwju4Yb20MqLAxVXRaQEHRUGL7UQ4dUDCBE&amp;uact=5&amp;oq=alcool+generation+sans+tabac+cannabis&amp;gs_lp=Egxnd3Mtd2l6LXNlcnAiJWFsY29vbCBnZW5lcmF0aW9uIHNhbnMgdGFiYWMgY2FubmFiaXNI8gxQzwJY8AtwAXgAkAEAmAHeAaABlwmqAQUwLjguMbgBA8gBAPgBAZgCBqAC-QTCAgoQABiwAxjWBBhHwgIFECEYoAHCAgcQIRigARgKmAMAiAYBkAYIkgcDMS41oAemGQ&amp;sclient=gws-wiz-serp\">les industriels<\/a>, il est aujourd\u2019hui \u00e9tabli qu\u2019aucune consommation d\u2019alcool n\u2019est sans danger pour la sant\u00e9<a href=\"#_ftn2\" name=\"_ftnref2\">[2]<\/a>. Ainsi, en 2020, 12 % de tous les nouveaux cas de cancer attribuables \u00e0 l&rsquo;alcool et 34 % des cancers du sein f\u00e9minins attribuables \u00e0 l&rsquo;alcool ont \u00e9t\u00e9 observ\u00e9s chez des personnes consommant 20 g d&rsquo;alcool par jour ou moins, soit l\u2019\u00e9quivalent de deux petits verres de vin. Plus g\u00e9n\u00e9ralement, la consommation d\u2019alcool est \u00e0 l\u2019origine de plus de 110 000 cas de cancers par an dans l\u2019Union europ\u00e9enne.<\/p>\n<h2 style=\"text-align: justify\"><strong>Un impact sanitaire m\u00e9connu par une large partie des Europ\u00e9ens<\/strong><\/h2>\n<p style=\"text-align: justify\">Pourtant, l\u2019impact de la consommation d\u2019alcool sur la sant\u00e9 est tr\u00e8s largement m\u00e9connu par les Europ\u00e9ens. Selon une \u00e9tude pr\u00e9sent\u00e9e dans le rapport et men\u00e9e dans 14 pays de la r\u00e9gion europ\u00e9enne, seuls 15 % des r\u00e9pondants indiquaient conna\u00eetre le lien entre consommation d\u2019alcool et cancer du sein, tandis que plus de six r\u00e9pondants sur dix affirmaient m\u00e9conna\u00eetre l\u2019impact de l\u2019alcool dans le d\u00e9veloppement du cancer du c\u00f4lon. Dans cette perspective, le rapport souligne le r\u00f4le clef que pourrait jouer l\u2019apposition d\u2019avertissements sanitaires sur les bouteilles d\u2019alcool dans l\u2019information des consommateurs sur les risques encourus. Par ailleurs, les avertissements sanitaires apparaissent comme un outil de sensibilisation peu on\u00e9reux pour les pouvoirs publics, en capacit\u00e9 d\u2019atteindre l\u2019ensemble de la population concern\u00e9e, et permettant \u00e0 la fois de r\u00e9duire l\u2019attractivit\u00e9 des produits, tout en renfor\u00e7ant le soutien des populations aux politiques de lutte contre la consommation d\u2019alcool. A ce jour, seuls quelques pays europ\u00e9ens disposent d&rsquo;une l\u00e9gislation concernant la mise en garde sanitaire sur les \u00e9tiquettes des contenants d&rsquo;alcool : la France, l&rsquo;Allemagne, l&rsquo;Irlande et la Lituanie. Toutefois, en France, cet avertissement, limit\u00e9 \u00e0 un pictogramme relatif \u00e0 la consommation d\u2019alcool chez les femmes enceintes, est consid\u00e9r\u00e9 comme insuffisamment visible, du fait de sa taille et son emplacement sur l\u2019\u00e9tiquette<a href=\"#_ftn3\" name=\"_ftnref3\">[3]<\/a>. A partir de mai 2026, l&rsquo;Irlande sera le premier pays de l&rsquo;Union europ\u00e9enne \u00e0 afficher un avertissement faisant r\u00e9f\u00e9rence \u00e0 l\u2019impact de la consommation d\u2019alcool sur le risque de d\u00e9veloppement d\u2019un cancer.<\/p>\n<p style=\"text-align: justify\">L\u2019apposition d\u2019avertissements sanitaires est une mesure efficace de pr\u00e9vention en sant\u00e9 publique. Appliqu\u00e9 aux produits du tabac, les avertissements sanitaires permettent de neutraliser une partie de l\u2019attractivit\u00e9 du paquet, con\u00e7u par les fabricants comme un support publicitaire. En France, la g\u00e9n\u00e9ralisation des avertissements sanitaires a \u00e9t\u00e9 efficace du point de vue de la sant\u00e9 publique, en ce qu\u2019elle a permis de contribuer \u00e0 la d\u00e9normalisation du tabac, et en ce qu\u2019elle a \u00e9t\u00e9 suivie d\u2019une augmentation des tentatives de sevrage par les fumeurs.<\/p>\n<p><strong style=\"text-align: justify\"><a href=\"https:\/\/www.generationsanstabac.org\/\">\u00a9G\u00e9n\u00e9ration Sans Tabac<\/a><\/strong><\/p>\n<p style=\"text-align: right\"><em><strong>FT<\/strong><\/em><\/p>\n<hr \/>\n<p style=\"text-align: justify\"><a href=\"#_ftnref1\" name=\"_ftn1\">[1]<\/a> OMS, <a href=\"https:\/\/www.who.int\/czechia\/news\/item\/14-02-2025-alcohol-labels-should-warn-of-cancer-risk--says-new-who-europe-report\">Alcohol health warning labels: a public health perspective for Europe<\/a>, 14\/02\/2025, (consult\u00e9 le 17\/02\/2025)<\/p>\n<p style=\"text-align: justify\"><a href=\"#_ftnref2\" name=\"_ftn2\">[2]<\/a> OMS, <a href=\"https:\/\/www.who.int\/europe\/fr\/news\/item\/04-01-2023-no-level-of-alcohol-consumption-is-safe-for-our-health\">Aucun niveau de consommation d&rsquo;alcool n&rsquo;est sans danger pour notre sant\u00e9<\/a>, 04\/01\/2023, (consult\u00e9 le 17\/02\/2025)<\/p>\n<p style=\"text-align: justify\"><a href=\"#_ftnref3\" name=\"_ftn3\">[3]<\/a> Millot A, Serra M, Gallopel-Morvan K. How the alcohol industry fought against pregnancy warning labels in France. A press coverage analysis spanning 20 years. Front Public Health. 2022 Aug 26;10:933164. doi: 10.3389\/fpubh.2022.933164. PMID: 36091564; PMCID: PMC9458884.<\/p>\n<p><strong style=\"color: #999999\"><a style=\"color: #999999\" href=\"http:\/\/www.cnct.fr\/\" target=\"_blank\" rel=\"noopener noreferrer\">Comit\u00e9 national contre le tabagisme |<\/a><\/strong><\/p>\n","protected":false},"excerpt":{"rendered":"<p>The average per capita alcohol consumption in the European Union among those aged 15 and over was 11.0 litres of pure alcohol per year, twice the world average. <\/p>","protected":false},"featured_media":23393,"template":"","tags":[],"thematique":[507,491],"class_list":["post-23390","actualites","type-actualites","status-publish","has-post-thumbnail","hentry","thematique-marketing-publicite","thematique-politiques-publiques"],"acf":[],"_links":{"self":[{"href":"https:\/\/www.generationsanstabac.org\/en\/wp-json\/wp\/v2\/actualites\/23390","targetHints":{"allow":["GET"]}}],"collection":[{"href":"https:\/\/www.generationsanstabac.org\/en\/wp-json\/wp\/v2\/actualites"}],"about":[{"href":"https:\/\/www.generationsanstabac.org\/en\/wp-json\/wp\/v2\/types\/actualites"}],"version-history":[{"count":0,"href":"https:\/\/www.generationsanstabac.org\/en\/wp-json\/wp\/v2\/actualites\/23390\/revisions"}],"wp:featuredmedia":[{"embeddable":true,"href":"https:\/\/www.generationsanstabac.org\/en\/wp-json\/wp\/v2\/media\/23393"}],"wp:attachment":[{"href":"https:\/\/www.generationsanstabac.org\/en\/wp-json\/wp\/v2\/media?parent=23390"}],"wp:term":[{"taxonomy":"post_tag","embeddable":true,"href":"https:\/\/www.generationsanstabac.org\/en\/wp-json\/wp\/v2\/tags?post=23390"},{"taxonomy":"thematique","embeddable":true,"href":"https:\/\/www.generationsanstabac.org\/en\/wp-json\/wp\/v2\/thematique?post=23390"}],"curies":[{"name":"wp","href":"https:\/\/api.w.org\/{rel}","templated":true}]}}