{"id":23292,"date":"2025-01-24T08:00:19","date_gmt":"2025-01-24T07:00:19","guid":{"rendered":"https:\/\/www.generationsanstabac.org\/?post_type=actualites&#038;p=23292"},"modified":"2025-01-23T14:59:25","modified_gmt":"2025-01-23T13:59:25","slug":"ladministration-trump-annonce-le-retrait-des-etats-unis-de-loms","status":"publish","type":"actualites","link":"https:\/\/www.generationsanstabac.org\/en\/actualites\/ladministration-trump-annonce-le-retrait-des-etats-unis-de-loms\/","title":{"rendered":"Trump administration announces US withdrawal from WHO"},"content":{"rendered":"<p style=\"text-align: justify\"><em>Dans une d\u00e9cision qui a provoqu\u00e9 une onde de choc dans la communaut\u00e9 mondiale de la sant\u00e9, l&rsquo;administration Trump a officiellement annonc\u00e9 son intention de retirer les \u00c9tats-Unis de l&rsquo;Organisation mondiale de la sant\u00e9 (OMS). Cette d\u00e9cision, d\u00e9taill\u00e9e dans un d\u00e9cret sign\u00e9 le 21 janvier 2025, marque un changement important dans la politique \u00e9trang\u00e8re et de sant\u00e9 des \u00c9tats-Unis, suscitant des inqui\u00e9tudes quant aux r\u00e9percussions potentielles sur les initiatives internationales en mati\u00e8re de sant\u00e9 et sur la cr\u00e9dibilit\u00e9 des \u00c9tats-Unis sur la sc\u00e8ne mondiale.<\/em><\/p>\n<p style=\"text-align: justify\">Au cours de son premier mandat, Trump avait notifi\u00e9 officiellement le retrait des \u00c9tats-Unis de l&rsquo;OMS, ce que le pr\u00e9sident Biden avait annul\u00e9 d\u00e8s le premier jour de son mandat en 2021.<\/p>\n<h2 style=\"text-align: justify\"><strong>Une \u00ab\u00a0influence politique inappropri\u00e9e\u00a0\u00bb des \u00c9tats membres de l&rsquo;OMS selon Trump<\/strong><\/h2>\n<p style=\"text-align: justify\">Le d\u00e9cret en question cite des frustrations de longue date concernant l&rsquo;inefficacit\u00e9 pr\u00e9sum\u00e9e de l&rsquo;OMS et la partialit\u00e9 politique per\u00e7ue. Selon l&rsquo;administration Trump, l&rsquo;organisation n&rsquo;a pas r\u00e9ussi \u00e0 r\u00e9pondre de mani\u00e8re ad\u00e9quate aux crises sanitaires critiques et est ind\u00fbment influenc\u00e9e par certains \u00c9tats membres. Dans un communiqu\u00e9 de presse, l\u2019organisation Campaign for Tobacco-Free Kids<a href=\"#_ftn1\" name=\"_ftnref1\">[1]<\/a> s\u2019est alarm\u00e9e de cette d\u00e9cision, soulignant qu&rsquo;elle pourrait compromettre les efforts d\u00e9ploy\u00e9s au niveau mondial pour lutter contre le tabagisme et d&rsquo;autres probl\u00e8mes de sant\u00e9 publique. Pour les experts, cette d\u00e9cision pourrait isoler les \u00c9tats-Unis dans la gestion des urgences sanitaires mondiales et r\u00e9duire leur influence dans l&rsquo;\u00e9laboration de la politique internationale en mati\u00e8re de sant\u00e9.<\/p>\n<p style=\"text-align: justify\">Le moment du retrait co\u00efncide avec des tensions accrues entre les \u00c9tats-Unis et l&rsquo;OMS au sujet de sa gestion des priorit\u00e9s mondiales en mati\u00e8re de sant\u00e9, notamment la lutte contre le tabagisme et la r\u00e9ponse aux pand\u00e9mies. L&rsquo;administration Trump a accus\u00e9 l&rsquo;OMS de manquer de transparence et de responsabilit\u00e9, ce que l&rsquo;organisation a toujours d\u00e9menti.<\/p>\n<h2 style=\"text-align: justify\"><strong>Gel des agences f\u00e9d\u00e9rales de sant\u00e9<\/strong><\/h2>\n<p style=\"text-align: justify\">Cette d\u00e9cision intervient \u00e9galement alors que l&rsquo;on signale une \u00ab pause \u00bb dans les communications entre le minist\u00e8re de la sant\u00e9 et des services sociaux (HHS) et les principales agences f\u00e9d\u00e9rales de sant\u00e9, notamment les centres de contr\u00f4le et de pr\u00e9vention des maladies (CDC) et la Food and Drug Administration (FDA)<a href=\"#_ftn2\" name=\"_ftnref2\">[2]<\/a>.<\/p>\n<p style=\"text-align: justify\">Selon des sources au sein des agences concern\u00e9es, qui ont demand\u00e9 \u00e0 ne pas \u00eatre nomm\u00e9es parce qu&rsquo;elles n&rsquo;\u00e9taient pas autoris\u00e9es \u00e0 partager l&rsquo;information, la directive est arriv\u00e9e sans avertissement et avec peu d&rsquo;indications sur ce qu&rsquo;elle couvrait exactement. La note demandait entre autres aux employ\u00e9s des agences de sant\u00e9 de faire examiner et approuver par une personne nomm\u00e9e par le pr\u00e9sident tous les documents et communications &#8211; y compris celles concernant les r\u00e8glements, les orientations, les avis, les m\u00e9dias sociaux, les sites web et les communiqu\u00e9s de presse &#8211; avant publication. Elle demande \u00e9galement aux employ\u00e9s de ne pas prendre la parole en public sans autorisation et de se coordonner avec les personnes nomm\u00e9es par le pr\u00e9sident avant d&rsquo;envoyer de la correspondance officielle aux membres du Congr\u00e8s ou aux gouverneurs.<\/p>\n<p style=\"text-align: justify\">Pour les acteurs de sant\u00e9 publique, ces contraintes en mati\u00e8re de communication risquent de mettre \u00e0 mal la diffusion d&rsquo;informations sanitaires cruciales au public. Ils ont aussi soulign\u00e9 l&rsquo;importance d&rsquo;une communication claire et coh\u00e9rente en p\u00e9riode d&rsquo;incertitude. Ils alertent sur les risques d\u2019une absence de coordination entre les agences sanitaires qui pourrait avoir des cons\u00e9quences d\u00e9sastreuses sur <em>\u00ab\u00a0la capacit\u00e9 du pays \u00e0 relever efficacement les d\u00e9fis sanitaires nationaux et mondiaux\u00a0\u00bb.<\/em><\/p>\n<h2 style=\"text-align: justify\"><strong>Une d\u00e9cision grave qui pourrait fragiliser la sant\u00e9 publique mondiale <\/strong><\/h2>\n<p style=\"text-align: justify\">Dans une d\u00e9claration<a href=\"#_ftn3\" name=\"_ftnref3\">[3]<\/a> publi\u00e9e peu apr\u00e8s l&rsquo;annonce, l&rsquo;OMS a regrett\u00e9 la d\u00e9cision des \u00c9tats-Unis, soulignant le r\u00f4le essentiel que joue l&rsquo;organisation dans la coordination des efforts de sant\u00e9 mondiaux. <em>\u00ab Cette d\u00e9cision risque de compromettre des d\u00e9cennies de progr\u00e8s en mati\u00e8re de sant\u00e9 publique \u00bb<\/em>, peut-on lire dans la d\u00e9claration. L&rsquo;OMS a mis en avant ses initiatives en cours, notamment ses travaux sur la lutte contre les maladies non transmissibles, la promotion de la couverture sanitaire universelle et la lutte contre l&rsquo;\u00e9pid\u00e9mie mondiale de tabagisme, comme autant d&rsquo;exemples de ses contributions indispensables.<\/p>\n<p style=\"text-align: justify\">Dans sa r\u00e9ponse, l&rsquo;OMS souligne \u00e9galement l&rsquo;importance de la coop\u00e9ration multilat\u00e9rale pour relever les d\u00e9fis sanitaires mondiaux et pr\u00e9vient que le retrait des \u00c9tats-Unis pourrait affaiblir la solidarit\u00e9 internationale et la mobilisation des ressources.<\/p>\n<p style=\"text-align: justify\">Les \u00c9tats-Unis ont toujours \u00e9t\u00e9 l&rsquo;un des principaux contributeurs au budget de l&rsquo;OMS, fournissant un financement crucial pour des initiatives allant de la distribution de vaccins \u00e0 la surveillance des maladies. Avec leur retrait, l&rsquo;organisation pourrait \u00eatre confront\u00e9e \u00e0 d&rsquo;importants difficult\u00e9s financi\u00e8res et op\u00e9rationnelles. Les experts en sant\u00e9 pr\u00e9viennent \u00e9galement que cela pourrait entra\u00eener des r\u00e9percussions sur les programmes de sant\u00e9 mondiaux, en particulier dans les pays \u00e0 revenu faible ou interm\u00e9diaire qui d\u00e9pendent du soutien de l&rsquo;OMS.<\/p>\n<p><strong style=\"text-align: justify\"><a href=\"https:\/\/www.generationsanstabac.org\/\">\u00a9G\u00e9n\u00e9ration Sans Tabac<\/a><\/strong><\/p>\n<p style=\"text-align: right\"><b><i>AE<\/i><\/b><\/p>\n<hr \/>\n<p style=\"text-align: justify\"><a href=\"#_ftnref1\" name=\"_ftn1\">[1]<\/a> Communiqu\u00e9, <a href=\"https:\/\/www.tobaccofreekids.org\/press-releases\/2025_01_21_trump-administration-world-health-organization\">Trump Administration Should Reverse Decision to Withdraw from World Health Organization<\/a>, CTFK, publi\u00e9 le 21 janvier 2025, consult\u00e9 le 23 janvier 2025<\/p>\n<p style=\"text-align: justify\"><a href=\"#_ftnref2\" name=\"_ftn2\">[2]<\/a> Brenda Goodman, <a href=\"https:\/\/edition.cnn.com\/2025\/01\/21\/health\/hhs-cdc-fda-trump-pause-communication\/index.html\">Trump administration directs federal health agencies to pause communications<\/a>, CNN, publi\u00e9 le 21 janvier 2025, consult\u00e9 le 23 janvier 2025<\/p>\n<p style=\"text-align: justify\"><a href=\"#_ftnref3\" name=\"_ftn3\">[3]<\/a> Communiqu\u00e9, <a href=\"https:\/\/www.who.int\/fr\/news\/item\/21-01-2025-who-comments-on-united-states--announcement-of-intent-to-withdraw\">R\u00e9action de l\u2019OMS face \u00e0 l\u2019annonce faite par les \u00c9tats-Unis de leur intention de se retirer de l\u2019Organisation<\/a>, OMS, publi\u00e9 le 21 janvier 2025, consult\u00e9 le 23 janvier 2025<\/p>\n<p><span style=\"color: #999999\"><strong><a style=\"color: #999999\" href=\"http:\/\/www.cnct.fr\/\" target=\"_blank\" rel=\"noopener noreferrer\">Comit\u00e9 national contre le tabagisme |<\/a><\/strong><\/span><\/p>\n","protected":false},"excerpt":{"rendered":"<p>In a decision that sent shockwaves through the global health community, the Trump administration formally announced its intention to withdraw the United States from the World Health Organization (WHO). This decision, detailed in an executive order signed on January 21, 2025, marks a significant shift in U.S. foreign and health policy, raising concerns about the potential repercussions for international health initiatives and U.S. credibility on the world stage.<\/p>","protected":false},"featured_media":23295,"template":"","tags":[],"thematique":[474],"class_list":["post-23292","actualites","type-actualites","status-publish","has-post-thumbnail","hentry","thematique-sante"],"acf":[],"_links":{"self":[{"href":"https:\/\/www.generationsanstabac.org\/en\/wp-json\/wp\/v2\/actualites\/23292","targetHints":{"allow":["GET"]}}],"collection":[{"href":"https:\/\/www.generationsanstabac.org\/en\/wp-json\/wp\/v2\/actualites"}],"about":[{"href":"https:\/\/www.generationsanstabac.org\/en\/wp-json\/wp\/v2\/types\/actualites"}],"version-history":[{"count":0,"href":"https:\/\/www.generationsanstabac.org\/en\/wp-json\/wp\/v2\/actualites\/23292\/revisions"}],"wp:featuredmedia":[{"embeddable":true,"href":"https:\/\/www.generationsanstabac.org\/en\/wp-json\/wp\/v2\/media\/23295"}],"wp:attachment":[{"href":"https:\/\/www.generationsanstabac.org\/en\/wp-json\/wp\/v2\/media?parent=23292"}],"wp:term":[{"taxonomy":"post_tag","embeddable":true,"href":"https:\/\/www.generationsanstabac.org\/en\/wp-json\/wp\/v2\/tags?post=23292"},{"taxonomy":"thematique","embeddable":true,"href":"https:\/\/www.generationsanstabac.org\/en\/wp-json\/wp\/v2\/thematique?post=23292"}],"curies":[{"name":"wp","href":"https:\/\/api.w.org\/{rel}","templated":true}]}}