{"id":23196,"date":"2025-01-18T08:00:09","date_gmt":"2025-01-18T07:00:09","guid":{"rendered":"https:\/\/www.generationsanstabac.org\/?post_type=actualites&#038;p=23196"},"modified":"2025-01-16T14:34:28","modified_gmt":"2025-01-16T13:34:28","slug":"le-tabac-en-voie-de-popisation-au-royaume-uni","status":"publish","type":"actualites","link":"https:\/\/www.generationsanstabac.org\/en\/actualites\/le-tabac-en-voie-de-popisation-au-royaume-uni\/","title":{"rendered":"Tobacco on the way to becoming \u2018popular\u2019 in the UK?"},"content":{"rendered":"<p style=\"text-align: justify\"><em>Dans un article publi\u00e9 dans le British Medical Journal (BMJ), la directrice g\u00e9n\u00e9rale adjointe de la revue alerte sur le danger d\u2019un retour du tabagisme dans la culture pop au Royaume-Uni, sous couvert d\u2019une nostalgie des ann\u00e9es 90<a href=\"#_ftn1\" name=\"_ftnref1\"><strong>[1]<\/strong><\/a>. <\/em><\/p>\n<h2 style=\"text-align: justify\"><strong>Banalisation du tabagisme et chute du financement des campagnes antitabac<\/strong><\/h2>\n<p style=\"text-align: justify\">Associ\u00e9e \u00e0 l\u2019imaginaire des ann\u00e9es 90, la consommation de tabac tend \u00e0 \u00eatre renormalis\u00e9e et glamouris\u00e9e par le monde de la culture. Ainsi, la chanteuse pop Charli XCX, \u00e0 l\u2019origine de la tendance \u00ab\u00a0<em>brat summer<\/em>\u00a0\u00bb, et qui cumule plus de 30 millions d\u2019auditeurs par mois sur la seule plateforme de streaming Spotify, a r\u00e9sum\u00e9 son esth\u00e9tique \u00e0 \u00ab\u00a0un paquet de clopes, un briquet BIC et un haut blanc sans soutien-gorge\u00a0\u00bb. De fait, une telle d\u00e9claration associe le tabagisme \u00e0 un esprit de r\u00e9bellion et d\u2019\u00e9mancipation f\u00e9minine. De la m\u00eame mani\u00e8re, des mannequins des cr\u00e9ateurs Christian Cowan et LaQuan Smith ont d\u00e9fil\u00e9 sur le podium en fumant des cigarettes lors de la <a href=\"https:\/\/www.generationsanstabac.org\/fr\/actualites\/retour-de-la-cigarette-a-la-fashion-week-de-new-york\/#:~:text=Deux%20cr%C3%A9ateurs%20ont%20utilis%C3%A9%20la,et%20cible%20explicitement%20les%20femmes.\">Fashion Week \u00e0 New-York<\/a> au d\u00e9but de l\u2019ann\u00e9e 2024. Cette banalisation du tabagisme se d\u00e9veloppe \u00e9galement \u00e0 travers les influenceurs et les r\u00e9seaux sociaux, \u00e0 l\u2019exemple d\u2019un compte Instagram exclusivement d\u00e9di\u00e9 \u00e0 la diffusion de c\u00e9l\u00e9brit\u00e9s en train de fumer, et suivi par des dizaines de milliers de personnes. Compte tenu du potentiel prescripteur de l\u2019industrie de la culture et du divertissement, un tel retour peut s\u2019av\u00e9rer particuli\u00e8rement dangereux, notamment pour les plus jeunes g\u00e9n\u00e9rations. Ce retour des repr\u00e9sentations glorifiantes du tabagisme est \u00e0 mettre en rapport avec le recul consid\u00e9rable des financements publics accord\u00e9s aux campagnes m\u00e9diatiques de lutte contre le tabagisme. En effet, entre 2008\/2009 et 2020\/2021, ces financements ont diminu\u00e9 de 95%, passant de 27,6 \u00e0 1,56 million d\u2019euros.<\/p>\n<h2 style=\"text-align: justify\"><strong>L\u2019exposition aux repr\u00e9sentations du tabac, un risque sanitaire pour les jeunes g\u00e9n\u00e9rations<\/strong><\/h2>\n<p style=\"text-align: justify\">De fait, les ann\u00e9es 90 se sont caract\u00e9ris\u00e9es par une augmentation de la pr\u00e9valence tabagique chez les jeunes\u00a0: en Angleterre, 12% des adolescents de 11 \u00e0 15 ans se d\u00e9claraient fumeurs quotidiens. Cette augmentation peut en partie s\u2019expliquer par les strat\u00e9gies publicitaires des fabricants, multipliant par ailleurs les pratiques de parrainage sportif ou les offres promotionnelles sur les produits du tabac, ou travaillant la repr\u00e9sentation du tabagisme dans les m\u00e9dias, pour faire de la cigarette un symbole de jeunesse, de mode et d\u2019\u00e9mancipation. Depuis, le Royaume-Uni a mis en place un arsenal de dispositions avant-gardistes pour faire reculer la consommation de tabac, qu\u2019il s\u2019agisse des politiques fiscales particuli\u00e8rement dissuasives, des diverses interdictions de fumer, de l\u2019introduction du paquet neutre, ou de l\u2019interdiction des \u00e9talages pour les produits du tabac (<em>display ban<\/em>). Ces politiques de sant\u00e9 publique ont port\u00e9 leur fruit, notamment aupr\u00e8s des jeunes, puisque seulement 3% des 11-15 ans sont d\u00e9sormais fumeurs. Toutefois, les progr\u00e8s r\u00e9alis\u00e9s en mati\u00e8re de lutte contre le tabagisme, ne sont jamais d\u00e9finitifs, en raison de la strat\u00e9gie de renormalisation de la consommation tabagique et nicotinique, entreprise par les fabricants depuis plusieurs ann\u00e9es. L\u2019article souligne ainsi la n\u00e9cessit\u00e9 de redoubler de vigilance \u00e0 l\u2019\u00e9gard du retour du tabagisme dans les productions culturelles. La litt\u00e9rature scientifique permet de d\u00e9montrer que la repr\u00e9sentation du tabac dans les m\u00e9dias est un \u00e9l\u00e9ment d\u00e9terminant dans l\u2019attitude des adolescents vis-\u00e0-vis du tabagisme et des comportements de consommation. Les audiences permises par les r\u00e9seaux sociaux constituent une menace s\u00e9rieuse pour la sant\u00e9 publique des jeunes g\u00e9n\u00e9rations, car le degr\u00e9 d\u2019influence de la repr\u00e9sentation est associ\u00e9 \u00e0 la dose. Autrement dit, plus un adolescent est expos\u00e9 \u00e0 une repr\u00e9sentation tabagique, plus le risque que celui-ci commence \u00e0 fumer est \u00e9lev\u00e9.<\/p>\n<p><strong style=\"text-align: justify\"><a href=\"https:\/\/www.generationsanstabac.org\/\">\u00a9G\u00e9n\u00e9ration Sans Tabac<\/a><\/strong><\/p>\n<p style=\"text-align: right\"><b><i>FT<\/i><\/b><\/p>\n<hr \/>\n<p style=\"text-align: justify\"><a href=\"#_ftnref1\" name=\"_ftn1\">[1]<\/a> Cerny\u00a0C.\u00a0Smoking\u2019s pop culture revival is an unwelcome throwback for public health\u00a0<em>BMJ\u00a0<\/em>2025;\u00a0388\u00a0:q2883\u00a0doi:10.1136\/bmj.q2883<\/p>\n<p><span style=\"color: #999999\"><strong><a style=\"color: #999999\" href=\"http:\/\/www.cnct.fr\/\" target=\"_blank\" rel=\"noopener noreferrer\">Comit\u00e9 national contre le tabagisme |<\/a><\/strong><\/span><\/p>\n","protected":false},"excerpt":{"rendered":"<p>The portrayal of tobacco in the media is a determining factor in adolescents&#039; attitudes toward smoking and consumption behaviors. The audiences enabled by social media pose a serious threat to the public health of younger generations, as the degree of influence of the portrayal is associated with the dose.<\/p>","protected":false},"featured_media":23199,"template":"","tags":[],"thematique":[507],"class_list":["post-23196","actualites","type-actualites","status-publish","has-post-thumbnail","hentry","thematique-marketing-publicite"],"acf":[],"_links":{"self":[{"href":"https:\/\/www.generationsanstabac.org\/en\/wp-json\/wp\/v2\/actualites\/23196","targetHints":{"allow":["GET"]}}],"collection":[{"href":"https:\/\/www.generationsanstabac.org\/en\/wp-json\/wp\/v2\/actualites"}],"about":[{"href":"https:\/\/www.generationsanstabac.org\/en\/wp-json\/wp\/v2\/types\/actualites"}],"version-history":[{"count":0,"href":"https:\/\/www.generationsanstabac.org\/en\/wp-json\/wp\/v2\/actualites\/23196\/revisions"}],"wp:featuredmedia":[{"embeddable":true,"href":"https:\/\/www.generationsanstabac.org\/en\/wp-json\/wp\/v2\/media\/23199"}],"wp:attachment":[{"href":"https:\/\/www.generationsanstabac.org\/en\/wp-json\/wp\/v2\/media?parent=23196"}],"wp:term":[{"taxonomy":"post_tag","embeddable":true,"href":"https:\/\/www.generationsanstabac.org\/en\/wp-json\/wp\/v2\/tags?post=23196"},{"taxonomy":"thematique","embeddable":true,"href":"https:\/\/www.generationsanstabac.org\/en\/wp-json\/wp\/v2\/thematique?post=23196"}],"curies":[{"name":"wp","href":"https:\/\/api.w.org\/{rel}","templated":true}]}}