{"id":23190,"date":"2025-01-16T09:00:17","date_gmt":"2025-01-16T08:00:17","guid":{"rendered":"https:\/\/www.generationsanstabac.org\/?post_type=actualites&#038;p=23190"},"modified":"2025-01-16T09:57:46","modified_gmt":"2025-01-16T08:57:46","slug":"lindiana-propose-une-interdiction-generationnelle-des-produits-du-tabac-et-de-la-nicotine","status":"publish","type":"actualites","link":"https:\/\/www.generationsanstabac.org\/en\/actualites\/lindiana-propose-une-interdiction-generationnelle-des-produits-du-tabac-et-de-la-nicotine\/","title":{"rendered":"Indiana Proposes Generational Ban on Tobacco, Nicotine Products"},"content":{"rendered":"<p style=\"text-align: justify\"><em>Les l\u00e9gislateurs de l&rsquo;Indiana aux Etats-Unis ont pr\u00e9sent\u00e9 deux propositions de loi visant \u00e0 r\u00e9duire le tabagisme dans l&rsquo;\u00c9tat. Ces propositions de loi ciblent les produits du tabac et autres produits de la nicotine aromatis\u00e9s et pr\u00e9voient une interdiction g\u00e9n\u00e9rationnelle de la vente de ceux-ci, dont les produits du vapotage, \u00e0 toute personne n\u00e9e apr\u00e8s 2004. <\/em><\/p>\n<p style=\"text-align: justify\">Ces deux textes refl\u00e8tent l&rsquo;engagement de l&rsquo;Indiana \u00e0 lutter contre les cons\u00e9quences pour la sant\u00e9 publique induites par la consommation de tabac et autres produits de nicotine. Le tabac reste en effet l&rsquo;une des principales causes de d\u00e9c\u00e8s pr\u00e9matur\u00e9es \u00e9vitables aux \u00c9tats-Unis. Pour les l\u00e9gislateurs \u00e0 l\u2019origine des propositions de loi, ces derni\u00e8res pourront servir d\u2019exemples \u00e0 d\u2019autres \u00e9tats des \u00c9tats-Unis d\u00e9sireux d\u2019adopter des approches similaires pour prot\u00e9ger les jeunes et la sant\u00e9 publique.<\/p>\n<h2 style=\"text-align: justify\"><strong>L\u2019interdiction g\u00e9n\u00e9rationnelle, une mesure qui fait son chemin dans le monde <\/strong><\/h2>\n<p style=\"text-align: justify\">Ce lundi 13 janvier, Ed Charbonneau, s\u00e9nateur de l&rsquo;\u00c9tat de l&rsquo;Indiana a d\u00e9pos\u00e9 une proposition de loi visant \u00e0 instaurer une interdiction g\u00e9n\u00e9rationnelle du tabac. Ceci signifierait que toute personne n\u00e9e apr\u00e8s le 30 juin 2004 ne pourrait pas se voir vendre de produits du tabac, de cigarettes \u00e9lectroniques ou d&rsquo;e-liquides dans l&rsquo;\u00c9tat.<\/p>\n<p style=\"text-align: justify\">La proposition de loi SB 322 interdirait \u00e9galement aux personnes n\u00e9es apr\u00e8s cette date de commander des produits du tabac et autres produits \u00e0 la nicotine et de les faire exp\u00e9dier dans l&rsquo;\u00c9tat. Le commer\u00e7ant serait en effet tenu d\u2019utiliser un service d&rsquo;exp\u00e9dition v\u00e9rifiant l&rsquo;\u00e2ge du destinataire. Le texte a \u00e9t\u00e9 renvoy\u00e9 \u00e0 la commission s\u00e9natoriale de la sant\u00e9 et des services aux prestataires pour un premier examen. Si le texte est adopt\u00e9 \u00e0 l\u2019issue du processus des d\u00e9bats et votes, la mesure d\u2019interdiction entrera en vigueur le 1<sup>er<\/sup> juillet 2025. <span style=\"text-decoration: line-through\">\u00a0<\/span><\/p>\n<p style=\"text-align: justify\">Cette initiative fait \u00e9cho \u00e0 des actions men\u00e9es dans d&rsquo;autres r\u00e9gions, telles que Brookline, Melrose, Wakefield, Stoneham, Malden, Reading et Winchester ou encore Lexington dans le Massachusetts. Toutes envisagent des interdictions similaires pour les personnes n\u00e9es apr\u00e8s 2004. \u00a0Hawa\u00ef a abord\u00e9 \u00e9galement une telle interdiction en 2023, mais \u00e0 ce stade aucune mesure n\u2019y \u00e9t\u00e9 promulgu\u00e9e. La Nouvelle-Z\u00e9lande a \u00e9t\u00e9 pionni\u00e8re dans la strat\u00e9gie d\u2019engagement d\u2019un pays pour atteindre une g\u00e9n\u00e9ration sans tabac en proposant d&rsquo;interdire la vente de tabac. Cependant le nouveau gouvernement, sous l\u2019impulsion de la ministre de la sant\u00e9 Casey Costello, influenc\u00e9e par l\u2019industrie du tabac, est revenu sur ce texte et a abrog\u00e9 la mesure. Le Royaume-Uni en revanche envisage bien de mettre en place une telle interdiction de vente pour les personnes n\u00e9es apr\u00e8s 2009. \u00a0Les d\u00e9tails de la nouvelle loi devraient para\u00eetre prochainement<a href=\"#_ftn1\" name=\"_ftnref1\">[1]<\/a>.<\/p>\n<p style=\"text-align: justify\">Des \u00e9tudes sugg\u00e8rent qu\u2019une interdiction g\u00e9n\u00e9rationnelle des produits du tabac pour les jeunes n\u00e9s entre 2006 et 2010 pourrait \u00e9viter plus de 1,2 million de d\u00e9c\u00e8s par cancer du poumon dans le monde d\u2019ici 2095<a href=\"#_ftn2\" name=\"_ftnref2\">[2]<\/a>.<\/p>\n<h2 style=\"text-align: justify\"><strong>Une interdiction des produits aromatis\u00e9s pour prot\u00e9ger les jeunes <\/strong><\/h2>\n<p style=\"text-align: justify\">Outre l&rsquo;interdiction g\u00e9n\u00e9rationnelle, l&rsquo;Indiana souhaite \u00e9galement interdire la vente de tous les produits du tabac et autres produits de la nicotine aromatis\u00e9s. La proposition de loi de la repr\u00e9sentante Carolyn B. Jackson vise les cigares, les cigarettes, les produits de vapotage et le tabac \u00e0 m\u00e2cher aromatis\u00e9s, dans le but de r\u00e9duire leur attrait pour les jeunes consommateurs. Les d\u00e9fenseurs du texte font valoir que les ar\u00f4mes sucr\u00e9s et \u00e0 base de fruits constituent souvent pour les jeunes une porte d&rsquo;entr\u00e9e vers la d\u00e9pendance \u00e0 la nicotine.<\/p>\n<p style=\"text-align: justify\">Si cette mesure est adopt\u00e9e telle quelle, l&rsquo;interdiction entrera en vigueur le 1er juillet 2025 et signifiera qu&rsquo;une personne ou une entit\u00e9 qui vendrait des produits du tabac et autres produits de la nicotine aromatis\u00e9s pourrait \u00eatre accus\u00e9e d&rsquo;un d\u00e9lit de classe C et se voir retirer son certificat l\u2019autorisant \u00e0 vendre ces produits.<\/p>\n<p style=\"text-align: justify\">Des interdictions similaires gagnent du terrain aux \u00c9tats-Unis et dans le monde. Ainsi, le comt\u00e9 de Washington, dans l&rsquo;Oregon, a r\u00e9cemment remport\u00e9 une victoire juridique en confirmant la validit\u00e9 de son interdiction des produits du tabac et de la nicotine aromatis\u00e9s, cr\u00e9ant ainsi un pr\u00e9c\u00e9dent important pour d&rsquo;autres juridictions<a href=\"#_ftn3\" name=\"_ftnref3\">[3]<\/a>. \u00c0 l&rsquo;\u00e9chelle internationale, de telles mesures sont de plus en plus populaires, les autorit\u00e9s de sant\u00e9 publique reconnaissant leur efficacit\u00e9 pour r\u00e9duire l\u2019initiation \u00e0 la nicotine chez les jeunes.<\/p>\n<p style=\"text-align: justify\">Toutefois, la proposition de l&rsquo;Indiana se heurte \u00e0 l&rsquo;opposition de l&rsquo;industrie du tabac et des d\u00e9taillants. Les d\u00e9tracteurs affirment que l&rsquo;interdiction des produits aromatis\u00e9s pourrait nuire aux petites entreprises et inciter les consommateurs \u00e0 rechercher des alternatives non r\u00e9glement\u00e9es. Malgr\u00e9 ces difficult\u00e9s, les d\u00e9fenseurs de la sant\u00e9 publique restent confiants dans l\u2019adoption de la mesure et son efficacit\u00e9 par ailleurs \u00e9tablie.<\/p>\n<p><strong style=\"text-align: justify\"><a href=\"https:\/\/www.generationsanstabac.org\/\">\u00a9G\u00e9n\u00e9ration Sans Tabac<\/a><\/strong><\/p>\n<p style=\"text-align: right\"><b><i>AE<\/i><\/b><\/p>\n<hr \/>\n<p style=\"text-align: justify\"><a href=\"#_ftnref1\" name=\"_ftn1\">[1]<\/a> G\u00e9n\u00e9ration sans tabac<a href=\"https:\/\/www.generationsanstabac.org\/fr\/actualites\/linterdiction-generationnelle-de-vente-du-tabac-presentee-devant-le-parlement-britannique\/\">, L\u2019interdiction g\u00e9n\u00e9rationnelle de vente du tabac pr\u00e9sent\u00e9e devant le parlement britannique <\/a>, publi\u00e9 le 9 novembre 2024, consult\u00e9 le 15 janvier 2025<\/p>\n<p style=\"text-align: justify\"><a href=\"#_ftnref2\" name=\"_ftn2\">[2]<\/a> G\u00e9n\u00e9ration sans tabac, <a href=\"https:\/\/www.generationsanstabac.org\/fr\/actualites\/linterdiction-de-la-vente-de-tabac-aux-jeunes-pourrait-eviter-12-million-de-deces-par-cancer-du-poumon\/\">L\u2019interdiction de la vente de tabac aux jeunes pourrait \u00e9viter 1,2 million de d\u00e9c\u00e8s par cancer du poumon<\/a>, publi\u00e9 le 7 octobre 2024, consult\u00e9 le 15 janvier 2025<\/p>\n<p style=\"text-align: justify\"><a href=\"#_ftnref3\" name=\"_ftn3\">[3]<\/a> G\u00e9n\u00e9ration sans tabac, <a href=\"https:\/\/www.generationsanstabac.org\/fr\/actualites\/la-cour-dappel-de-oregon-confirme-la-loi-du-comte-de-washington-interdisant-la-vente-de-tabac-aromatise\/\">La cour d\u2019appel de l\u2019Oregon confirme la loi du comt\u00e9 de Washington interdisant la vente de tabac aromatis\u00e9<\/a>,\u00a0 publi\u00e9 le 13 mai 2024, consult\u00e9 le 15 janvier 2025<\/p>\n<p><span style=\"color: #999999\"><strong><a style=\"color: #999999\" href=\"http:\/\/www.cnct.fr\/\" target=\"_blank\" rel=\"noopener noreferrer\">Comit\u00e9 national contre le tabagisme |<\/a><\/strong><\/span><\/p>\n","protected":false},"excerpt":{"rendered":"<p>Indiana lawmakers have introduced two bills aimed at reducing smoking in the state. The bills target flavored tobacco and other nicotine products and would impose a generational ban on their sale, including vaping products, to anyone born after 2004.<\/p>","protected":false},"featured_media":23195,"template":"","tags":[],"thematique":[491],"class_list":["post-23190","actualites","type-actualites","status-publish","has-post-thumbnail","hentry","thematique-politiques-publiques"],"acf":[],"_links":{"self":[{"href":"https:\/\/www.generationsanstabac.org\/en\/wp-json\/wp\/v2\/actualites\/23190","targetHints":{"allow":["GET"]}}],"collection":[{"href":"https:\/\/www.generationsanstabac.org\/en\/wp-json\/wp\/v2\/actualites"}],"about":[{"href":"https:\/\/www.generationsanstabac.org\/en\/wp-json\/wp\/v2\/types\/actualites"}],"version-history":[{"count":0,"href":"https:\/\/www.generationsanstabac.org\/en\/wp-json\/wp\/v2\/actualites\/23190\/revisions"}],"wp:featuredmedia":[{"embeddable":true,"href":"https:\/\/www.generationsanstabac.org\/en\/wp-json\/wp\/v2\/media\/23195"}],"wp:attachment":[{"href":"https:\/\/www.generationsanstabac.org\/en\/wp-json\/wp\/v2\/media?parent=23190"}],"wp:term":[{"taxonomy":"post_tag","embeddable":true,"href":"https:\/\/www.generationsanstabac.org\/en\/wp-json\/wp\/v2\/tags?post=23190"},{"taxonomy":"thematique","embeddable":true,"href":"https:\/\/www.generationsanstabac.org\/en\/wp-json\/wp\/v2\/thematique?post=23190"}],"curies":[{"name":"wp","href":"https:\/\/api.w.org\/{rel}","templated":true}]}}