{"id":23170,"date":"2025-01-13T09:00:17","date_gmt":"2025-01-13T08:00:17","guid":{"rendered":"https:\/\/www.generationsanstabac.org\/?post_type=actualites&#038;p=23170"},"modified":"2025-01-09T10:08:53","modified_gmt":"2025-01-09T09:08:53","slug":"belgique-la-moitie-des-detaillants-de-vapotage-vendent-des-produits-illicites","status":"publish","type":"actualites","link":"https:\/\/www.generationsanstabac.org\/en\/actualites\/belgique-la-moitie-des-detaillants-de-vapotage-vendent-des-produits-illicites\/","title":{"rendered":"Belgium: Half of vaping retailers sell illicit products"},"content":{"rendered":"<p style=\"text-align: justify\"><em>En Belgique, la moiti\u00e9 des vendeurs de cigarettes \u00e9lectroniques enfreignent les nouvelles r\u00e9glementations interdisant les designs et les slogans attractifs en faveur des produits, selon un rapport publi\u00e9 par les m\u00e9dias Het Nieuwsblad, Gazet van Antwerpen, Het Belang van Limburg et De Standaard. Un taux d\u2019infractions qui monte jusqu\u2019\u00e0 80% des d\u00e9taillants contr\u00f4l\u00e9s \u00e0 Bruxelles-Capitale<a href=\"#_ftn1\" name=\"_ftnref1\"><strong>[1]<\/strong><\/a>. <\/em><\/p>\n<p style=\"text-align: justify\">En 2023, le ministre de la sant\u00e9 sortant, Frank Vandenbroucke, a introduit une <a href=\"https:\/\/etaamb.openjustice.be\/fr\/arrete-royal-du-07-novembre-2022_n2022034085.html#:~:text=Le%20liquide%20contenant%20de%20la,n'exc%C3%A8dent%20pas%202%20millilitres.\">r\u00e9glementation<\/a> visant \u00e0 r\u00e9duire l&rsquo;utilisation des cigarettes \u00e9lectroniques chez les jeunes en interdisant les designs et les slogans \u00ab\u00a0tape-\u00e0-l&rsquo;\u0153il\u00a0\u00bb. En effet, la mention ou la suggestion d&rsquo;un go\u00fbt, d&rsquo;une odeur, de tout ar\u00f4me, ne peut se faire que via un seul mot et dans une police et une taille d\u00e9termin\u00e9e et ce, afin de rendre le produit moins attractif. Les fabricants ont \u00e9galement l\u2019obligation d\u2019apposer des avertissements sanitaires \u00e9crits dans les trois langues du pays. Ceux-ci doivent couvrir 35% de la surface de l\u2019emballage. En outre, une liste de substances autoris\u00e9es a \u00e9t\u00e9 \u00e9tablie et les nouveaux produits doivent \u00eatre enregistr\u00e9s avant d&rsquo;\u00eatre vendus.<\/p>\n<h2 style=\"text-align: justify\"><strong>Un taux d\u2019infractions particuli\u00e8rement \u00e9lev\u00e9 chez les d\u00e9taillants <\/strong><\/h2>\n<p style=\"text-align: justify\">Les d\u00e9taillants avaient jusqu&rsquo;au tout d\u00e9but de l\u2019ann\u00e9e 2024 pour \u00e9couler leurs stocks restants. 18 mois plus tard, les donn\u00e9es fournies par le minist\u00e8re de la sant\u00e9 montrent que la moiti\u00e9 des commer\u00e7ants sont en infraction dans le pays (877 infractions relev\u00e9es par le Service public f\u00e9d\u00e9ral -SPF- Sant\u00e9 belge sur les 1746 contr\u00f4les men\u00e9s sur une p\u00e9riode de huit mois en 2024). Le taux de non-conformit\u00e9 atteint m\u00eame 80 % dans la r\u00e9gion de Bruxelles-Capitale. Deux tiers des inspections ont r\u00e9v\u00e9l\u00e9 des probl\u00e8mes li\u00e9s \u00e0 la composition des e-cigarettes, et aucun des fabricants n&rsquo;avait respect\u00e9 l&rsquo;obligation d&rsquo;enregistrer les nouveaux produits.<\/p>\n<p style=\"text-align: justify\">Jusqu&rsquo;\u00e0 pr\u00e9sent, le SPF Sant\u00e9 n&rsquo;a \u00e9mis que des avertissements, invoquant la nouveaut\u00e9 de la r\u00e9glementation. Cependant, le ministre Vandenbroucke a assur\u00e9 une application plus stricte, y compris des amendes et des fermetures potentielles de magasins pour les r\u00e9cidivistes.<\/p>\n<h2 style=\"text-align: justify\"><strong>Une proposition de loi visant \u00e0 interdire l\u2019ensemble des ar\u00f4mes pour les produits du vapotage<\/strong><\/h2>\n<p style=\"text-align: justify\">Els Van Hoof, d\u00e9put\u00e9e du CD&amp;V (parti chr\u00e9tien-d\u00e9mocrate flamand), a fait part de ses vives inqui\u00e9tudes quant aux r\u00e9sultats de l&rsquo;enqu\u00eate, notamment en ce qui concerne la poursuite de la vente de substances non conformes. Elle souligne que les ingr\u00e9dients autoris\u00e9s sont d\u00e9j\u00e0 nocifs pour les jeunes et que les substances non approuv\u00e9es pr\u00e9sentent des risques encore plus grands. Pour elle, les saveurs fruit\u00e9es et sucr\u00e9es \u00e0 l\u2019instar de la past\u00e8que, du pop-corn ou encore l\u2019ar\u00f4me \u00ab\u00a0pancake\u00a0\u00bb, rendent le vapotage plus attrayant pour les jeunes et donnent un faux sentiment de s\u00e9curit\u00e9 concernant la consommation de ces produits. Van Hoof a propos\u00e9 une loi visant \u00e0 interdire ces ar\u00f4mes, qui est actuellement \u00e0 l\u2019\u00e9tude au Parlement belge.<\/p>\n<p style=\"text-align: justify\">Le 1<sup>er<\/sup> janvier 2025, la Belgique est devenue le premier pays de l&rsquo;UE \u00e0 interdire la vente de vapes jetables dans un souci de protection des jeunes g\u00e9n\u00e9rations et de l\u2019environnement. Vandenbroucke a d\u00e9clar\u00e9 qu&rsquo;il souhaitait qu\u2019une mesure similaire soit prise au niveau de l\u2019UE\u00a0: <em>\u00ab Nous demandons \u00e0 la Commission europ\u00e9enne de prendre de nouvelles initiatives pour mettre \u00e0 jour et r\u00e9viser la l\u00e9gislation sur le tabac \u00bb<a href=\"#_ftn2\" name=\"_ftnref2\"><strong>[2]<\/strong><\/a>,<\/em> a-t-il d\u00e9clar\u00e9.<\/p>\n<p><strong style=\"text-align: justify\"><a href=\"https:\/\/www.generationsanstabac.org\/\">\u00a9G\u00e9n\u00e9ration Sans Tabac<\/a><\/strong><\/p>\n<p style=\"text-align: right\"><b><i>AE<\/i><\/b><\/p>\n<hr \/>\n<p style=\"text-align: justify\"><a href=\"#_ftnref1\" name=\"_ftn1\">[1]<\/a> <a href=\"https:\/\/www.brusselstimes.com\/1379465\/eight-in-ten-brussels-e-cigarette-sellers-violate-new-rules\">Eight in ten e-cigarette sellers in Brussels violate new rules<\/a>, Brussels Times, publi\u00e9 le 6 janvier 2025, consult\u00e9 le 8 janvier 2025<\/p>\n<p style=\"text-align: justify\"><a href=\"#_ftnref2\" name=\"_ftn2\">[2]<\/a> Sam Clark, <a href=\"https:\/\/www.politico.eu\/article\/belgium-ban-disposable-vape-eu-change-tobacco-rule-frank-vandenbroucke\/\">As Belgium\u2019s disposable vape ban looms, health minister urges EU to change smoking rules<\/a>, Politico, publi\u00e9 le 29 d\u00e9cembre 2024, consult\u00e9 le 8 janvier 2025<\/p>\n<p><span style=\"color: #999999\"><strong><a style=\"color: #999999\" href=\"http:\/\/www.cnct.fr\/\" target=\"_blank\" rel=\"noopener noreferrer\">Comit\u00e9 national contre le tabagisme |<\/a><\/strong><\/span><\/p>\n","protected":false},"excerpt":{"rendered":"<p>In Belgium, half of e-cigarette sellers are violating new regulations banning attractive product designs and slogans, according to a report published by the media outlets Het Nieuwsblad, Gazet van Antwerpen, Het Belang van Limburg, and De Standaard. A rate of violations that rises to 80% of the retailers inspected in Brussels-Capital?<\/p>","protected":false},"featured_media":23173,"template":"","tags":[],"thematique":[491],"class_list":["post-23170","actualites","type-actualites","status-publish","has-post-thumbnail","hentry","thematique-politiques-publiques"],"acf":[],"_links":{"self":[{"href":"https:\/\/www.generationsanstabac.org\/en\/wp-json\/wp\/v2\/actualites\/23170","targetHints":{"allow":["GET"]}}],"collection":[{"href":"https:\/\/www.generationsanstabac.org\/en\/wp-json\/wp\/v2\/actualites"}],"about":[{"href":"https:\/\/www.generationsanstabac.org\/en\/wp-json\/wp\/v2\/types\/actualites"}],"version-history":[{"count":0,"href":"https:\/\/www.generationsanstabac.org\/en\/wp-json\/wp\/v2\/actualites\/23170\/revisions"}],"wp:featuredmedia":[{"embeddable":true,"href":"https:\/\/www.generationsanstabac.org\/en\/wp-json\/wp\/v2\/media\/23173"}],"wp:attachment":[{"href":"https:\/\/www.generationsanstabac.org\/en\/wp-json\/wp\/v2\/media?parent=23170"}],"wp:term":[{"taxonomy":"post_tag","embeddable":true,"href":"https:\/\/www.generationsanstabac.org\/en\/wp-json\/wp\/v2\/tags?post=23170"},{"taxonomy":"thematique","embeddable":true,"href":"https:\/\/www.generationsanstabac.org\/en\/wp-json\/wp\/v2\/thematique?post=23170"}],"curies":[{"name":"wp","href":"https:\/\/api.w.org\/{rel}","templated":true}]}}